{"id":5211,"date":"2022-05-10T08:44:44","date_gmt":"2022-05-10T06:44:44","guid":{"rendered":"https:\/\/agora.xtec.cat\/iespolinya\/?p=5211"},"modified":"2022-05-10T08:44:44","modified_gmt":"2022-05-10T06:44:44","slug":"labo-de-colors-secundaria-primaria","status":"publish","type":"post","link":"https:\/\/agora.xtec.cat\/iespolinya\/general\/labo-de-colors-secundaria-primaria\/","title":{"rendered":"LABO de COLORS SECUND\u00c0RIA-PRIM\u00c0RIA"},"content":{"rendered":"<p>Apadrinem i treballem per donar a con\u00e8ixer la nostra pr\u00f2pia hist\u00f2ria. Continuem fent tallers i col.laboracions amb els alumnes de prim\u00e0ria del municipi, i aquesta vegada algunes de les nostres alumnes de 2n de l&#8217;ESO, divendres 29 d&#8217;abril, van anar a fer un Labo de Colors amb els alumnes de 6\u00e8 de prim\u00e0ria, de l&#8217;Escola Poliny\u00e0.<\/p>\n<div>\n<p>Les pintures originals de Sant Salvador de Poliny\u00e0 s\u00f3n atribu\u00efdes al mestre o cercle de Cardona. S\u00f3n unes pintures amb una gran influ\u00e8ncia dels corrents pict\u00f2rics francesos que les allunyen dels grans centres pict\u00f2rics catalans com Ta\u00fcll o Pedret.<\/p>\n<p>Es caracteritzen per esbossar les figures amb l\u00ednies de color negre, de diferents gruixos que defineixen els contorns i pel detall en el dibuix de les cares i els plecs de les vestimentes. Les figures s\u00f3n allargades i de formes arrodonides, una mica naturalistes, un recurs no gaire freq\u00fcent en aquests tipus de pintures, molt m\u00e9s hier\u00e0tiques.<\/p>\n<p>Com a cloenda a les visites guiades a l\u2019esgl\u00e9sia de Sant Salvador els nois i noies de l\u2019Escola Poliny\u00e0, acompanyats per algunes alumnes de l\u2019Institut i exalumnes de l\u2018Escola, van fer una interpretaci\u00f3 pict\u00f2rica d\u2019una escena de l\u2019Apocalipsi: l\u2019Inferno.<\/p>\n<p>El taller va consistir a reinterpretar els colors del rom\u00e0nic amb una mirada fresca, nova, amb colors contemporanis. Pastels i aq\u00fcarel.les (t\u00e8cniques seques i humides) van c\u00f3rrer per les taules, l\u2019espai i l\u2019ambient va inundar-se de colors, blaus, vermells, rosats i liles\u2026<\/p>\n<p>Veureu que el color entra pels ulls i els resultats van ser espectaculars i gratificants alhora.<\/p>\n<p>Enhorabona a tots!<\/p>\n<div class=\"ast-oembed-container \" style=\"height: 100%;\"><iframe loading=\"lazy\" title=\"Els colors de l\u2019Inferno EP\" width=\"500\" height=\"281\" src=\"https:\/\/www.youtube.com\/embed\/kGgXeo1pY0E?feature=oembed\" frameborder=\"0\" allow=\"accelerometer; autoplay; clipboard-write; encrypted-media; gyroscope; picture-in-picture; web-share\" referrerpolicy=\"strict-origin-when-cross-origin\" allowfullscreen><\/iframe><\/div>\n<\/div>\n","protected":false},"excerpt":{"rendered":"<p>Apadrinem i treballem per donar a con\u00e8ixer la nostra pr\u00f2pia hist\u00f2ria. Continuem fent tallers i col.laboracions amb els alumnes de prim\u00e0ria del municipi, i aquesta vegada algunes de les nostres alumnes de 2n de l&#8217;ESO, divendres 29 d&#8217;abril, van anar a fer un Labo de Colors amb els alumnes de 6\u00e8 de prim\u00e0ria, de l&#8217;Escola [&hellip;]<\/p>\n","protected":false},"author":1,"featured_media":5213,"comment_status":"open","ping_status":"closed","sticky":false,"template":"","format":"standard","meta":{"_bbp_topic_count":0,"_bbp_reply_count":0,"_bbp_total_topic_count":0,"_bbp_total_reply_count":0,"_bbp_voice_count":0,"_bbp_anonymous_reply_count":0,"_bbp_topic_count_hidden":0,"_bbp_reply_count_hidden":0,"_bbp_forum_subforum_count":0,"site-sidebar-layout":"default","site-content-layout":"","ast-site-content-layout":"","site-content-style":"default","site-sidebar-style":"default","ast-global-header-display":"","ast-banner-title-visibility":"","ast-main-header-display":"","ast-hfb-above-header-display":"","ast-hfb-below-header-display":"","ast-hfb-mobile-header-display":"","site-post-title":"","ast-breadcrumbs-content":"","ast-featured-img":"","footer-sml-layout":"","theme-transparent-header-meta":"","adv-header-id-meta":"","stick-header-meta":"","header-above-stick-meta":"","header-main-stick-meta":"","header-below-stick-meta":"","astra-migrate-meta-layouts":"default","ast-page-background-enabled":"default","ast-page-background-meta":{"desktop":{"background-color":"var(--ast-global-color-4)","background-image":"","background-repeat":"repeat","background-position":"center center","background-size":"auto","background-attachment":"scroll","background-type":"","background-media":"","overlay-type":"","overlay-color":"","overlay-opacity":"","overlay-gradient":""},"tablet":{"background-color":"","background-image":"","background-repeat":"repeat","background-position":"center center","background-size":"auto","background-attachment":"scroll","background-type":"","background-media":"","overlay-type":"","overlay-color":"","overlay-opacity":"","overlay-gradient":""},"mobile":{"background-color":"","background-image":"","background-repeat":"repeat","background-position":"center center","background-size":"auto","background-attachment":"scroll","background-type":"","background-media":"","overlay-type":"","overlay-color":"","overlay-opacity":"","overlay-gradient":""}},"ast-content-background-meta":{"desktop":{"background-color":"var(--ast-global-color-5)","background-image":"","background-repeat":"repeat","background-position":"center center","background-size":"auto","background-attachment":"scroll","background-type":"","background-media":"","overlay-type":"","overlay-color":"","overlay-opacity":"","overlay-gradient":""},"tablet":{"background-color":"var(--ast-global-color-5)","background-image":"","background-repeat":"repeat","background-position":"center center","background-size":"auto","background-attachment":"scroll","background-type":"","background-media":"","overlay-type":"","overlay-color":"","overlay-opacity":"","overlay-gradient":""},"mobile":{"background-color":"var(--ast-global-color-5)","background-image":"","background-repeat":"repeat","background-position":"center center","background-size":"auto","background-attachment":"scroll","background-type":"","background-media":"","overlay-type":"","overlay-color":"","overlay-opacity":"","overlay-gradient":""}},"footnotes":""},"categories":[175,1,29],"tags":[],"class_list":["post-5211","post","type-post","status-publish","format-standard","has-post-thumbnail","hentry","category-patrimoni","category-general","category-portada"],"post_mailing_queue_ids":[],"_links":{"self":[{"href":"https:\/\/agora.xtec.cat\/iespolinya\/wp-json\/wp\/v2\/posts\/5211","targetHints":{"allow":["GET"]}}],"collection":[{"href":"https:\/\/agora.xtec.cat\/iespolinya\/wp-json\/wp\/v2\/posts"}],"about":[{"href":"https:\/\/agora.xtec.cat\/iespolinya\/wp-json\/wp\/v2\/types\/post"}],"author":[{"embeddable":true,"href":"https:\/\/agora.xtec.cat\/iespolinya\/wp-json\/wp\/v2\/users\/1"}],"replies":[{"embeddable":true,"href":"https:\/\/agora.xtec.cat\/iespolinya\/wp-json\/wp\/v2\/comments?post=5211"}],"version-history":[{"count":2,"href":"https:\/\/agora.xtec.cat\/iespolinya\/wp-json\/wp\/v2\/posts\/5211\/revisions"}],"predecessor-version":[{"id":5214,"href":"https:\/\/agora.xtec.cat\/iespolinya\/wp-json\/wp\/v2\/posts\/5211\/revisions\/5214"}],"wp:featuredmedia":[{"embeddable":true,"href":"https:\/\/agora.xtec.cat\/iespolinya\/wp-json\/wp\/v2\/media\/5213"}],"wp:attachment":[{"href":"https:\/\/agora.xtec.cat\/iespolinya\/wp-json\/wp\/v2\/media?parent=5211"}],"wp:term":[{"taxonomy":"category","embeddable":true,"href":"https:\/\/agora.xtec.cat\/iespolinya\/wp-json\/wp\/v2\/categories?post=5211"},{"taxonomy":"post_tag","embeddable":true,"href":"https:\/\/agora.xtec.cat\/iespolinya\/wp-json\/wp\/v2\/tags?post=5211"}],"curies":[{"name":"wp","href":"https:\/\/api.w.org\/{rel}","templated":true}]}}