{"id":4976,"date":"2022-02-04T12:34:34","date_gmt":"2022-02-04T11:34:34","guid":{"rendered":"https:\/\/agora.xtec.cat\/iespolinya\/?p=4976"},"modified":"2022-02-04T12:35:44","modified_gmt":"2022-02-04T11:35:44","slug":"finalistes-al-xi-concurs-de-cultura-classica","status":"publish","type":"post","link":"https:\/\/agora.xtec.cat\/iespolinya\/general\/finalistes-al-xi-concurs-de-cultura-classica\/","title":{"rendered":"Finalistes al  XI Concurs de cultura cl\u00e0ssica"},"content":{"rendered":"<div>\n<p class=\"Standard\"><span lang=\"CA\"><a href=\"https:\/\/agora.xtec.cat\/iespolinya\/wp-content\/uploads\/usu392\/2022\/02\/aplec-_retina-300x99-1.png\"><img loading=\"lazy\" decoding=\"async\" class=\"size-full wp-image-4977 alignleft\" src=\"https:\/\/agora.xtec.cat\/iespolinya\/wp-content\/uploads\/usu392\/2022\/02\/aplec-_retina-300x99-1.png\" alt=\"\" width=\"300\" height=\"99\" \/><\/a>Ha tingut lloc els dies 31 de gener, 1, 2 i 3 de febrer.<\/span><\/p>\n<\/div>\n<div>\n<p class=\"Standard\"><span lang=\"CA\">Aquest any el concurs ha tractat sobre \u00abL\u2019art a Gr\u00e8cia i Roma\u00bb<\/span><\/p>\n<\/div>\n<div>\n<p class=\"Standard\"><span lang=\"CA\">Els i les nostres alumnes del batxillerat human\u00edstic han participat al Concurs Odissea que organitza l\u2019APLEC amb col\u00b7laboraci\u00f3 d\u2019altres associacions de cultura cl\u00e0ssica d&#8217;Espanya.<\/span><\/p>\n<\/div>\n<div>\n<p class=\"Standard\"><span lang=\"CA\">Han sigut quatre dies intensos, contra m\u00e9s de 400 grups de tot Catalunya, en que el nostre alumnat ha\u00a0 superat magn\u00edficament les preguntes proposades, malauradament, nom\u00e9s un grup ha sigut el m\u00e9s r\u00e0pid en contestar-les totes correctament, i, per tant, el format per la <strong>Lua P\u00e9rez i la Noa Molina<\/strong> haur\u00e0 d\u2019anar al desempat de Catalunya que es celebrar\u00e0 el dimecres dia 9.<\/span><\/p>\n<\/div>\n<div>\n<p class=\"Standard\"><span lang=\"CA\">El grup vencedor haur\u00e0 de competir amb els grups vencedors de la resta de comunitats aut\u00f2nomes que hagin participat al concurs el dia 16 de febrer.<\/span><\/p>\n<\/div>\n<div>\n<p class=\"Standard\"><span lang=\"CA\">\u00c0nims en el desempat!<\/span><\/p>\n<\/div>\n<p>&nbsp;<\/p>\n","protected":false},"excerpt":{"rendered":"<p>Ha tingut lloc els dies 31 de gener, 1, 2 i 3 de febrer. Aquest any el concurs ha tractat sobre \u00abL\u2019art a Gr\u00e8cia i Roma\u00bb Els i les nostres alumnes del batxillerat human\u00edstic han participat al Concurs Odissea que organitza l\u2019APLEC amb col\u00b7laboraci\u00f3 d\u2019altres associacions de cultura cl\u00e0ssica d&#8217;Espanya. Han sigut quatre dies intensos, [&hellip;]<\/p>\n","protected":false},"author":1,"featured_media":0,"comment_status":"open","ping_status":"closed","sticky":false,"template":"","format":"standard","meta":{"_bbp_topic_count":0,"_bbp_reply_count":0,"_bbp_total_topic_count":0,"_bbp_total_reply_count":0,"_bbp_voice_count":0,"_bbp_anonymous_reply_count":0,"_bbp_topic_count_hidden":0,"_bbp_reply_count_hidden":0,"_bbp_forum_subforum_count":0,"site-sidebar-layout":"default","site-content-layout":"","ast-site-content-layout":"","site-content-style":"default","site-sidebar-style":"default","ast-global-header-display":"","ast-banner-title-visibility":"","ast-main-header-display":"","ast-hfb-above-header-display":"","ast-hfb-below-header-display":"","ast-hfb-mobile-header-display":"","site-post-title":"","ast-breadcrumbs-content":"","ast-featured-img":"","footer-sml-layout":"","theme-transparent-header-meta":"","adv-header-id-meta":"","stick-header-meta":"","header-above-stick-meta":"","header-main-stick-meta":"","header-below-stick-meta":"","astra-migrate-meta-layouts":"default","ast-page-background-enabled":"default","ast-page-background-meta":{"desktop":{"background-color":"var(--ast-global-color-4)","background-image":"","background-repeat":"repeat","background-position":"center center","background-size":"auto","background-attachment":"scroll","background-type":"","background-media":"","overlay-type":"","overlay-color":"","overlay-opacity":"","overlay-gradient":""},"tablet":{"background-color":"","background-image":"","background-repeat":"repeat","background-position":"center center","background-size":"auto","background-attachment":"scroll","background-type":"","background-media":"","overlay-type":"","overlay-color":"","overlay-opacity":"","overlay-gradient":""},"mobile":{"background-color":"","background-image":"","background-repeat":"repeat","background-position":"center center","background-size":"auto","background-attachment":"scroll","background-type":"","background-media":"","overlay-type":"","overlay-color":"","overlay-opacity":"","overlay-gradient":""}},"ast-content-background-meta":{"desktop":{"background-color":"var(--ast-global-color-5)","background-image":"","background-repeat":"repeat","background-position":"center center","background-size":"auto","background-attachment":"scroll","background-type":"","background-media":"","overlay-type":"","overlay-color":"","overlay-opacity":"","overlay-gradient":""},"tablet":{"background-color":"var(--ast-global-color-5)","background-image":"","background-repeat":"repeat","background-position":"center center","background-size":"auto","background-attachment":"scroll","background-type":"","background-media":"","overlay-type":"","overlay-color":"","overlay-opacity":"","overlay-gradient":""},"mobile":{"background-color":"var(--ast-global-color-5)","background-image":"","background-repeat":"repeat","background-position":"center center","background-size":"auto","background-attachment":"scroll","background-type":"","background-media":"","overlay-type":"","overlay-color":"","overlay-opacity":"","overlay-gradient":""}},"footnotes":""},"categories":[1,29],"tags":[],"class_list":["post-4976","post","type-post","status-publish","format-standard","hentry","category-general","category-portada"],"post_mailing_queue_ids":[],"_links":{"self":[{"href":"https:\/\/agora.xtec.cat\/iespolinya\/wp-json\/wp\/v2\/posts\/4976","targetHints":{"allow":["GET"]}}],"collection":[{"href":"https:\/\/agora.xtec.cat\/iespolinya\/wp-json\/wp\/v2\/posts"}],"about":[{"href":"https:\/\/agora.xtec.cat\/iespolinya\/wp-json\/wp\/v2\/types\/post"}],"author":[{"embeddable":true,"href":"https:\/\/agora.xtec.cat\/iespolinya\/wp-json\/wp\/v2\/users\/1"}],"replies":[{"embeddable":true,"href":"https:\/\/agora.xtec.cat\/iespolinya\/wp-json\/wp\/v2\/comments?post=4976"}],"version-history":[{"count":2,"href":"https:\/\/agora.xtec.cat\/iespolinya\/wp-json\/wp\/v2\/posts\/4976\/revisions"}],"predecessor-version":[{"id":4980,"href":"https:\/\/agora.xtec.cat\/iespolinya\/wp-json\/wp\/v2\/posts\/4976\/revisions\/4980"}],"wp:attachment":[{"href":"https:\/\/agora.xtec.cat\/iespolinya\/wp-json\/wp\/v2\/media?parent=4976"}],"wp:term":[{"taxonomy":"category","embeddable":true,"href":"https:\/\/agora.xtec.cat\/iespolinya\/wp-json\/wp\/v2\/categories?post=4976"},{"taxonomy":"post_tag","embeddable":true,"href":"https:\/\/agora.xtec.cat\/iespolinya\/wp-json\/wp\/v2\/tags?post=4976"}],"curies":[{"name":"wp","href":"https:\/\/api.w.org\/{rel}","templated":true}]}}