{"id":4974,"date":"2022-02-08T09:52:40","date_gmt":"2022-02-08T08:52:40","guid":{"rendered":"https:\/\/agora.xtec.cat\/iespolinya\/?p=4974"},"modified":"2022-03-07T11:11:47","modified_gmt":"2022-03-07T10:11:47","slug":"3-2-1-accio","status":"publish","type":"post","link":"https:\/\/agora.xtec.cat\/iespolinya\/portada\/3-2-1-accio\/","title":{"rendered":"3, 2, 1 Acci\u00f3!"},"content":{"rendered":"<p>Els alumnes de l&#8217;optativa de<strong> 1r d&#8217;ESO\u00a0<i>3, 2, 1 Acci\u00f3!<\/i>\u00a0<\/strong>hem pujat a l&#8217;escenari i hem plantejat\u00a0<strong><i>Unes preguntes de dif\u00edcil resposta<\/i><\/strong>. El text, de <strong>Vicente Ca\u00f1\u00f3n<\/strong>, planteja q\u00fcestions com ara per qu\u00e8 hi ha gana al m\u00f3n, per qu\u00e8 hi ha guerres, per qu\u00e8 es contamina irreparablement el planeta o per qu\u00e8 existeix el racisme.<\/p>\n<p>S\u00f3n preguntes que, de ben segur, tots vosaltres us heu formulat alguna vegada i tamb\u00e9 s\u00f3n les preocupacions del Marc, la seva germana bessona, la Jordina, l\u2019\u00c0lex i l\u2019Anna. Junts intentaran trobar-hi resposta. Aniran a la biblioteca i consultaran Internet, visitaran un plat\u00f3 de televisi\u00f3 ple de periodistes i, fins i tot, aniran a veure el president del Govern per plantejar aquestes q\u00fcestions que, sobretot pels adults, resulten inc\u00f2modes.<\/p>\n<p>Per\u00f2 tot i el seu intent, veuran que, com diu el t\u00edtol de l\u2019obra, les seves s\u00f3n\u00a0<i>Unes preguntes de dif\u00edcil resposta<\/i>. I \u00e9s que potser aquesta resposta, aquest canvi, comen\u00e7a en un mateix.<\/p>\n<p>Equip de\u00a0<i>3, 2, 1: Acci\u00f3!\u00a0<\/i><\/p>\n<div dir=\"auto\"><\/div>\n<div dir=\"auto\"><\/div>\n","protected":false},"excerpt":{"rendered":"<p>Els alumnes de l&#8217;optativa de 1r d&#8217;ESO\u00a03, 2, 1 Acci\u00f3!\u00a0hem pujat a l&#8217;escenari i hem plantejat\u00a0Unes preguntes de dif\u00edcil resposta. El text, de Vicente Ca\u00f1\u00f3n, planteja q\u00fcestions com ara per qu\u00e8 hi ha gana al m\u00f3n, per qu\u00e8 hi ha guerres, per qu\u00e8 es contamina irreparablement el planeta o per qu\u00e8 existeix el racisme. S\u00f3n [&hellip;]<\/p>\n","protected":false},"author":1,"featured_media":4996,"comment_status":"open","ping_status":"closed","sticky":false,"template":"","format":"standard","meta":{"_bbp_topic_count":0,"_bbp_reply_count":0,"_bbp_total_topic_count":0,"_bbp_total_reply_count":0,"_bbp_voice_count":0,"_bbp_anonymous_reply_count":0,"_bbp_topic_count_hidden":0,"_bbp_reply_count_hidden":0,"_bbp_forum_subforum_count":0,"site-sidebar-layout":"default","site-content-layout":"","ast-site-content-layout":"","site-content-style":"default","site-sidebar-style":"default","ast-global-header-display":"","ast-banner-title-visibility":"","ast-main-header-display":"","ast-hfb-above-header-display":"","ast-hfb-below-header-display":"","ast-hfb-mobile-header-display":"","site-post-title":"","ast-breadcrumbs-content":"","ast-featured-img":"","footer-sml-layout":"","theme-transparent-header-meta":"","adv-header-id-meta":"","stick-header-meta":"","header-above-stick-meta":"","header-main-stick-meta":"","header-below-stick-meta":"","astra-migrate-meta-layouts":"default","ast-page-background-enabled":"default","ast-page-background-meta":{"desktop":{"background-color":"var(--ast-global-color-4)","background-image":"","background-repeat":"repeat","background-position":"center center","background-size":"auto","background-attachment":"scroll","background-type":"","background-media":"","overlay-type":"","overlay-color":"","overlay-opacity":"","overlay-gradient":""},"tablet":{"background-color":"","background-image":"","background-repeat":"repeat","background-position":"center center","background-size":"auto","background-attachment":"scroll","background-type":"","background-media":"","overlay-type":"","overlay-color":"","overlay-opacity":"","overlay-gradient":""},"mobile":{"background-color":"","background-image":"","background-repeat":"repeat","background-position":"center center","background-size":"auto","background-attachment":"scroll","background-type":"","background-media":"","overlay-type":"","overlay-color":"","overlay-opacity":"","overlay-gradient":""}},"ast-content-background-meta":{"desktop":{"background-color":"var(--ast-global-color-5)","background-image":"","background-repeat":"repeat","background-position":"center center","background-size":"auto","background-attachment":"scroll","background-type":"","background-media":"","overlay-type":"","overlay-color":"","overlay-opacity":"","overlay-gradient":""},"tablet":{"background-color":"var(--ast-global-color-5)","background-image":"","background-repeat":"repeat","background-position":"center center","background-size":"auto","background-attachment":"scroll","background-type":"","background-media":"","overlay-type":"","overlay-color":"","overlay-opacity":"","overlay-gradient":""},"mobile":{"background-color":"var(--ast-global-color-5)","background-image":"","background-repeat":"repeat","background-position":"center center","background-size":"auto","background-attachment":"scroll","background-type":"","background-media":"","overlay-type":"","overlay-color":"","overlay-opacity":"","overlay-gradient":""}},"footnotes":""},"categories":[29],"tags":[],"class_list":["post-4974","post","type-post","status-publish","format-standard","has-post-thumbnail","hentry","category-portada"],"post_mailing_queue_ids":[],"_links":{"self":[{"href":"https:\/\/agora.xtec.cat\/iespolinya\/wp-json\/wp\/v2\/posts\/4974","targetHints":{"allow":["GET"]}}],"collection":[{"href":"https:\/\/agora.xtec.cat\/iespolinya\/wp-json\/wp\/v2\/posts"}],"about":[{"href":"https:\/\/agora.xtec.cat\/iespolinya\/wp-json\/wp\/v2\/types\/post"}],"author":[{"embeddable":true,"href":"https:\/\/agora.xtec.cat\/iespolinya\/wp-json\/wp\/v2\/users\/1"}],"replies":[{"embeddable":true,"href":"https:\/\/agora.xtec.cat\/iespolinya\/wp-json\/wp\/v2\/comments?post=4974"}],"version-history":[{"count":3,"href":"https:\/\/agora.xtec.cat\/iespolinya\/wp-json\/wp\/v2\/posts\/4974\/revisions"}],"predecessor-version":[{"id":5047,"href":"https:\/\/agora.xtec.cat\/iespolinya\/wp-json\/wp\/v2\/posts\/4974\/revisions\/5047"}],"wp:featuredmedia":[{"embeddable":true,"href":"https:\/\/agora.xtec.cat\/iespolinya\/wp-json\/wp\/v2\/media\/4996"}],"wp:attachment":[{"href":"https:\/\/agora.xtec.cat\/iespolinya\/wp-json\/wp\/v2\/media?parent=4974"}],"wp:term":[{"taxonomy":"category","embeddable":true,"href":"https:\/\/agora.xtec.cat\/iespolinya\/wp-json\/wp\/v2\/categories?post=4974"},{"taxonomy":"post_tag","embeddable":true,"href":"https:\/\/agora.xtec.cat\/iespolinya\/wp-json\/wp\/v2\/tags?post=4974"}],"curies":[{"name":"wp","href":"https:\/\/api.w.org\/{rel}","templated":true}]}}