{"id":4682,"date":"2021-06-10T09:18:08","date_gmt":"2021-06-10T07:18:08","guid":{"rendered":"http:\/\/agora.xtec.cat\/iespolinya\/?p=4682"},"modified":"2021-06-11T11:22:07","modified_gmt":"2021-06-11T09:22:07","slug":"musical-el-petit-princep","status":"publish","type":"post","link":"https:\/\/agora.xtec.cat\/iespolinya\/general\/musical-el-petit-princep\/","title":{"rendered":"MUSICAL EL PETIT PR\u00cdNCEP"},"content":{"rendered":"<p>A l&#8217;assignatura de m\u00fasica, en 1 d&#8217;ESO D, hem fet aquesta activitat: El petit pr\u00edncep: de la literatura al musical.<\/p>\n<p>Primer de tot hem llegit el llibre per despr\u00e9s interpretar les can\u00e7ons del musical d&#8217;\u00c0ngel\u00a0<span class=\"hiddenSpellError\">Ll\u00e0cer<\/span>\u00a0i\u00a0<span class=\"hiddenSpellError\">Manu<\/span>\u00a0Guix. Hem llegit el conte adaptat i hem escollit, entre les can\u00e7ons de la\u00a0<span class=\"hiddenSpellError\">BSO<\/span>\u00a0de la pel\u00b7l\u00edcula, les m\u00e9s adequades per acompanyar de fons a cada escena.<br \/>\nHem gaudit la m\u00fasica, la literatura, les classes i la vida. Aquest ha sigut el resultat.<\/p>\n<div class=\"ast-oembed-container \" style=\"height: 100%;\"><iframe loading=\"lazy\" title=\"El petit pr\u00edncep  Musical 1rD\" width=\"500\" height=\"281\" src=\"https:\/\/www.youtube.com\/embed\/nnhEgY3czDo?feature=oembed\" frameborder=\"0\" allow=\"accelerometer; autoplay; clipboard-write; encrypted-media; gyroscope; picture-in-picture; web-share\" referrerpolicy=\"strict-origin-when-cross-origin\" allowfullscreen><\/iframe><\/div>\n","protected":false},"excerpt":{"rendered":"<p>A l&#8217;assignatura de m\u00fasica, en 1 d&#8217;ESO D, hem fet aquesta activitat: El petit pr\u00edncep: de la literatura al musical. Primer de tot hem llegit el llibre per despr\u00e9s interpretar les can\u00e7ons del musical d&#8217;\u00c0ngel\u00a0Ll\u00e0cer\u00a0i\u00a0Manu\u00a0Guix. Hem llegit el conte adaptat i hem escollit, entre les can\u00e7ons de la\u00a0BSO\u00a0de la pel\u00b7l\u00edcula, les m\u00e9s adequades per acompanyar [&hellip;]<\/p>\n","protected":false},"author":1,"featured_media":4685,"comment_status":"open","ping_status":"closed","sticky":false,"template":"","format":"standard","meta":{"_bbp_topic_count":0,"_bbp_reply_count":0,"_bbp_total_topic_count":0,"_bbp_total_reply_count":0,"_bbp_voice_count":0,"_bbp_anonymous_reply_count":0,"_bbp_topic_count_hidden":0,"_bbp_reply_count_hidden":0,"_bbp_forum_subforum_count":0,"site-sidebar-layout":"default","site-content-layout":"","ast-site-content-layout":"","site-content-style":"default","site-sidebar-style":"default","ast-global-header-display":"","ast-banner-title-visibility":"","ast-main-header-display":"","ast-hfb-above-header-display":"","ast-hfb-below-header-display":"","ast-hfb-mobile-header-display":"","site-post-title":"","ast-breadcrumbs-content":"","ast-featured-img":"","footer-sml-layout":"","theme-transparent-header-meta":"","adv-header-id-meta":"","stick-header-meta":"","header-above-stick-meta":"","header-main-stick-meta":"","header-below-stick-meta":"","astra-migrate-meta-layouts":"default","ast-page-background-enabled":"default","ast-page-background-meta":{"desktop":{"background-color":"var(--ast-global-color-4)","background-image":"","background-repeat":"repeat","background-position":"center center","background-size":"auto","background-attachment":"scroll","background-type":"","background-media":"","overlay-type":"","overlay-color":"","overlay-opacity":"","overlay-gradient":""},"tablet":{"background-color":"","background-image":"","background-repeat":"repeat","background-position":"center center","background-size":"auto","background-attachment":"scroll","background-type":"","background-media":"","overlay-type":"","overlay-color":"","overlay-opacity":"","overlay-gradient":""},"mobile":{"background-color":"","background-image":"","background-repeat":"repeat","background-position":"center center","background-size":"auto","background-attachment":"scroll","background-type":"","background-media":"","overlay-type":"","overlay-color":"","overlay-opacity":"","overlay-gradient":""}},"ast-content-background-meta":{"desktop":{"background-color":"var(--ast-global-color-5)","background-image":"","background-repeat":"repeat","background-position":"center center","background-size":"auto","background-attachment":"scroll","background-type":"","background-media":"","overlay-type":"","overlay-color":"","overlay-opacity":"","overlay-gradient":""},"tablet":{"background-color":"var(--ast-global-color-5)","background-image":"","background-repeat":"repeat","background-position":"center center","background-size":"auto","background-attachment":"scroll","background-type":"","background-media":"","overlay-type":"","overlay-color":"","overlay-opacity":"","overlay-gradient":""},"mobile":{"background-color":"var(--ast-global-color-5)","background-image":"","background-repeat":"repeat","background-position":"center center","background-size":"auto","background-attachment":"scroll","background-type":"","background-media":"","overlay-type":"","overlay-color":"","overlay-opacity":"","overlay-gradient":""}},"footnotes":""},"categories":[1,29],"tags":[123,78],"class_list":["post-4682","post","type-post","status-publish","format-standard","has-post-thumbnail","hentry","category-general","category-portada","tag-literatura","tag-musica"],"post_mailing_queue_ids":[],"_links":{"self":[{"href":"https:\/\/agora.xtec.cat\/iespolinya\/wp-json\/wp\/v2\/posts\/4682","targetHints":{"allow":["GET"]}}],"collection":[{"href":"https:\/\/agora.xtec.cat\/iespolinya\/wp-json\/wp\/v2\/posts"}],"about":[{"href":"https:\/\/agora.xtec.cat\/iespolinya\/wp-json\/wp\/v2\/types\/post"}],"author":[{"embeddable":true,"href":"https:\/\/agora.xtec.cat\/iespolinya\/wp-json\/wp\/v2\/users\/1"}],"replies":[{"embeddable":true,"href":"https:\/\/agora.xtec.cat\/iespolinya\/wp-json\/wp\/v2\/comments?post=4682"}],"version-history":[{"count":2,"href":"https:\/\/agora.xtec.cat\/iespolinya\/wp-json\/wp\/v2\/posts\/4682\/revisions"}],"predecessor-version":[{"id":4684,"href":"https:\/\/agora.xtec.cat\/iespolinya\/wp-json\/wp\/v2\/posts\/4682\/revisions\/4684"}],"wp:featuredmedia":[{"embeddable":true,"href":"https:\/\/agora.xtec.cat\/iespolinya\/wp-json\/wp\/v2\/media\/4685"}],"wp:attachment":[{"href":"https:\/\/agora.xtec.cat\/iespolinya\/wp-json\/wp\/v2\/media?parent=4682"}],"wp:term":[{"taxonomy":"category","embeddable":true,"href":"https:\/\/agora.xtec.cat\/iespolinya\/wp-json\/wp\/v2\/categories?post=4682"},{"taxonomy":"post_tag","embeddable":true,"href":"https:\/\/agora.xtec.cat\/iespolinya\/wp-json\/wp\/v2\/tags?post=4682"}],"curies":[{"name":"wp","href":"https:\/\/api.w.org\/{rel}","templated":true}]}}