{"id":4674,"date":"2021-06-09T10:36:07","date_gmt":"2021-06-09T08:36:07","guid":{"rendered":"http:\/\/agora.xtec.cat\/iespolinya\/?p=4674"},"modified":"2021-06-14T08:56:02","modified_gmt":"2021-06-14T06:56:02","slug":"la-volta-al-mon-en-vuitanta-dies","status":"publish","type":"post","link":"https:\/\/agora.xtec.cat\/iespolinya\/general\/la-volta-al-mon-en-vuitanta-dies\/","title":{"rendered":"La volta al m\u00f3n en vuitanta dies"},"content":{"rendered":"<p>Els alumnes de 1r C hem estat llegint la novel\u00b7la de Jules Verne<i> La volta al m\u00f3n en vuitanta dies<\/i>. Despr\u00e9s de con\u00e8ixer qui va ser el seu autor i la seva obra, vam acompanyar l&#8217;aventurer Phileas Fogg i els seus amics durant la seva accidentada travessia.<\/p>\n<p><a href=\"https:\/\/agora.xtec.cat\/iespolinya\/wp-content\/uploads\/usu392\/2021\/06\/image.png\"><img loading=\"lazy\" decoding=\"async\" class=\"size-full wp-image-4675 aligncenter\" src=\"https:\/\/agora.xtec.cat\/iespolinya\/wp-content\/uploads\/usu392\/2021\/06\/image.png\" alt=\"\" width=\"765\" height=\"354\" srcset=\"https:\/\/agora.xtec.cat\/iespolinya\/wp-content\/uploads\/usu392\/2021\/06\/image.png 765w, https:\/\/agora.xtec.cat\/iespolinya\/wp-content\/uploads\/usu392\/2021\/06\/image-300x139.png 300w\" sizes=\"auto, (max-width: 765px) 100vw, 765px\" \/><\/a><\/p>\n<p>Al llarg del curs hem fet diverses activitats relacionades amb aquest llibre: lectures dramatitzades, gravacions amb m\u00fasica, comprensi\u00f3 lectora, debats, murals&#8230; Per acabar, els alumnes van convertir la hist\u00f2ria de Verne en un c\u00f2mic. Primer van fer una versi\u00f3 en paper i despr\u00e9s van editar una altra versi\u00f3 digital. Us en deixem un tastet.<\/p>\n<div id='gallery-1' class='gallery galleryid-4674 gallery-columns-3 gallery-size-large'><figure class='gallery-item'>\n\t\t\t<div class='gallery-icon portrait'>\n\t\t\t\t<a href='https:\/\/agora.xtec.cat\/iespolinya\/general\/la-volta-al-mon-en-vuitanta-dies\/attachment\/la_volta_al_mon_en_vuitanta_dies\/'><img loading=\"lazy\" decoding=\"async\" width=\"771\" height=\"1024\" src=\"https:\/\/agora.xtec.cat\/iespolinya\/wp-content\/uploads\/usu392\/2021\/06\/la_volta_al_mon_en_vuitanta_dies-771x1024.png\" class=\"attachment-large size-large\" alt=\"\" srcset=\"https:\/\/agora.xtec.cat\/iespolinya\/wp-content\/uploads\/usu392\/2021\/06\/la_volta_al_mon_en_vuitanta_dies-771x1024.png 771w, https:\/\/agora.xtec.cat\/iespolinya\/wp-content\/uploads\/usu392\/2021\/06\/la_volta_al_mon_en_vuitanta_dies-226x300.png 226w, https:\/\/agora.xtec.cat\/iespolinya\/wp-content\/uploads\/usu392\/2021\/06\/la_volta_al_mon_en_vuitanta_dies-768x1020.png 768w\" sizes=\"auto, (max-width: 771px) 100vw, 771px\" \/><\/a>\n\t\t\t<\/div><\/figure><figure class='gallery-item'>\n\t\t\t<div class='gallery-icon landscape'>\n\t\t\t\t<a href='https:\/\/agora.xtec.cat\/iespolinya\/general\/la-volta-al-mon-en-vuitanta-dies\/attachment\/comic1-part1\/'><img loading=\"lazy\" decoding=\"async\" width=\"1024\" height=\"724\" src=\"https:\/\/agora.xtec.cat\/iespolinya\/wp-content\/uploads\/usu392\/2021\/06\/co\u0300mic1-part1-1024x724.jpg\" class=\"attachment-large size-large\" alt=\"\" srcset=\"https:\/\/agora.xtec.cat\/iespolinya\/wp-content\/uploads\/usu392\/2021\/06\/co\u0300mic1-part1-1024x724.jpg 1024w, https:\/\/agora.xtec.cat\/iespolinya\/wp-content\/uploads\/usu392\/2021\/06\/co\u0300mic1-part1-300x212.jpg 300w, https:\/\/agora.xtec.cat\/iespolinya\/wp-content\/uploads\/usu392\/2021\/06\/co\u0300mic1-part1-768x543.jpg 768w\" sizes=\"auto, (max-width: 1024px) 100vw, 1024px\" \/><\/a>\n\t\t\t<\/div><\/figure><figure class='gallery-item'>\n\t\t\t<div class='gallery-icon landscape'>\n\t\t\t\t<a href='https:\/\/agora.xtec.cat\/iespolinya\/general\/la-volta-al-mon-en-vuitanta-dies\/attachment\/comic1-part2\/'><img loading=\"lazy\" decoding=\"async\" width=\"1024\" height=\"724\" src=\"https:\/\/agora.xtec.cat\/iespolinya\/wp-content\/uploads\/usu392\/2021\/06\/co\u0300mic1-part2-1024x724.jpg\" class=\"attachment-large size-large\" alt=\"\" srcset=\"https:\/\/agora.xtec.cat\/iespolinya\/wp-content\/uploads\/usu392\/2021\/06\/co\u0300mic1-part2-1024x724.jpg 1024w, https:\/\/agora.xtec.cat\/iespolinya\/wp-content\/uploads\/usu392\/2021\/06\/co\u0300mic1-part2-300x212.jpg 300w, https:\/\/agora.xtec.cat\/iespolinya\/wp-content\/uploads\/usu392\/2021\/06\/co\u0300mic1-part2-768x543.jpg 768w\" sizes=\"auto, (max-width: 1024px) 100vw, 1024px\" \/><\/a>\n\t\t\t<\/div><\/figure><figure class='gallery-item'>\n\t\t\t<div class='gallery-icon portrait'>\n\t\t\t\t<a href='https:\/\/agora.xtec.cat\/iespolinya\/general\/la-volta-al-mon-en-vuitanta-dies\/attachment\/comic2\/'><img loading=\"lazy\" decoding=\"async\" width=\"724\" height=\"1024\" src=\"https:\/\/agora.xtec.cat\/iespolinya\/wp-content\/uploads\/usu392\/2021\/06\/co\u0300mic2-724x1024.jpg\" class=\"attachment-large size-large\" alt=\"\" srcset=\"https:\/\/agora.xtec.cat\/iespolinya\/wp-content\/uploads\/usu392\/2021\/06\/co\u0300mic2-724x1024.jpg 724w, https:\/\/agora.xtec.cat\/iespolinya\/wp-content\/uploads\/usu392\/2021\/06\/co\u0300mic2-212x300.jpg 212w, https:\/\/agora.xtec.cat\/iespolinya\/wp-content\/uploads\/usu392\/2021\/06\/co\u0300mic2-768x1086.jpg 768w, https:\/\/agora.xtec.cat\/iespolinya\/wp-content\/uploads\/usu392\/2021\/06\/co\u0300mic2.jpg 1653w\" sizes=\"auto, (max-width: 724px) 100vw, 724px\" \/><\/a>\n\t\t\t<\/div><\/figure>\n\t\t<\/div>\n\n","protected":false},"excerpt":{"rendered":"<p>Els alumnes de 1r C hem estat llegint la novel\u00b7la de Jules Verne La volta al m\u00f3n en vuitanta dies. Despr\u00e9s de con\u00e8ixer qui va ser el seu autor i la seva obra, vam acompanyar l&#8217;aventurer Phileas Fogg i els seus amics durant la seva accidentada travessia. Al llarg del curs hem fet diverses activitats [&hellip;]<\/p>\n","protected":false},"author":1,"featured_media":4675,"comment_status":"open","ping_status":"closed","sticky":false,"template":"","format":"standard","meta":{"_bbp_topic_count":0,"_bbp_reply_count":0,"_bbp_total_topic_count":0,"_bbp_total_reply_count":0,"_bbp_voice_count":0,"_bbp_anonymous_reply_count":0,"_bbp_topic_count_hidden":0,"_bbp_reply_count_hidden":0,"_bbp_forum_subforum_count":0,"site-sidebar-layout":"default","site-content-layout":"","ast-site-content-layout":"","site-content-style":"default","site-sidebar-style":"default","ast-global-header-display":"","ast-banner-title-visibility":"","ast-main-header-display":"","ast-hfb-above-header-display":"","ast-hfb-below-header-display":"","ast-hfb-mobile-header-display":"","site-post-title":"","ast-breadcrumbs-content":"","ast-featured-img":"","footer-sml-layout":"","theme-transparent-header-meta":"","adv-header-id-meta":"","stick-header-meta":"","header-above-stick-meta":"","header-main-stick-meta":"","header-below-stick-meta":"","astra-migrate-meta-layouts":"default","ast-page-background-enabled":"default","ast-page-background-meta":{"desktop":{"background-color":"var(--ast-global-color-4)","background-image":"","background-repeat":"repeat","background-position":"center center","background-size":"auto","background-attachment":"scroll","background-type":"","background-media":"","overlay-type":"","overlay-color":"","overlay-opacity":"","overlay-gradient":""},"tablet":{"background-color":"","background-image":"","background-repeat":"repeat","background-position":"center center","background-size":"auto","background-attachment":"scroll","background-type":"","background-media":"","overlay-type":"","overlay-color":"","overlay-opacity":"","overlay-gradient":""},"mobile":{"background-color":"","background-image":"","background-repeat":"repeat","background-position":"center center","background-size":"auto","background-attachment":"scroll","background-type":"","background-media":"","overlay-type":"","overlay-color":"","overlay-opacity":"","overlay-gradient":""}},"ast-content-background-meta":{"desktop":{"background-color":"var(--ast-global-color-5)","background-image":"","background-repeat":"repeat","background-position":"center center","background-size":"auto","background-attachment":"scroll","background-type":"","background-media":"","overlay-type":"","overlay-color":"","overlay-opacity":"","overlay-gradient":""},"tablet":{"background-color":"var(--ast-global-color-5)","background-image":"","background-repeat":"repeat","background-position":"center center","background-size":"auto","background-attachment":"scroll","background-type":"","background-media":"","overlay-type":"","overlay-color":"","overlay-opacity":"","overlay-gradient":""},"mobile":{"background-color":"var(--ast-global-color-5)","background-image":"","background-repeat":"repeat","background-position":"center center","background-size":"auto","background-attachment":"scroll","background-type":"","background-media":"","overlay-type":"","overlay-color":"","overlay-opacity":"","overlay-gradient":""}},"footnotes":""},"categories":[1,29],"tags":[123],"class_list":["post-4674","post","type-post","status-publish","format-standard","has-post-thumbnail","hentry","category-general","category-portada","tag-literatura"],"post_mailing_queue_ids":[],"_links":{"self":[{"href":"https:\/\/agora.xtec.cat\/iespolinya\/wp-json\/wp\/v2\/posts\/4674","targetHints":{"allow":["GET"]}}],"collection":[{"href":"https:\/\/agora.xtec.cat\/iespolinya\/wp-json\/wp\/v2\/posts"}],"about":[{"href":"https:\/\/agora.xtec.cat\/iespolinya\/wp-json\/wp\/v2\/types\/post"}],"author":[{"embeddable":true,"href":"https:\/\/agora.xtec.cat\/iespolinya\/wp-json\/wp\/v2\/users\/1"}],"replies":[{"embeddable":true,"href":"https:\/\/agora.xtec.cat\/iespolinya\/wp-json\/wp\/v2\/comments?post=4674"}],"version-history":[{"count":3,"href":"https:\/\/agora.xtec.cat\/iespolinya\/wp-json\/wp\/v2\/posts\/4674\/revisions"}],"predecessor-version":[{"id":4686,"href":"https:\/\/agora.xtec.cat\/iespolinya\/wp-json\/wp\/v2\/posts\/4674\/revisions\/4686"}],"wp:featuredmedia":[{"embeddable":true,"href":"https:\/\/agora.xtec.cat\/iespolinya\/wp-json\/wp\/v2\/media\/4675"}],"wp:attachment":[{"href":"https:\/\/agora.xtec.cat\/iespolinya\/wp-json\/wp\/v2\/media?parent=4674"}],"wp:term":[{"taxonomy":"category","embeddable":true,"href":"https:\/\/agora.xtec.cat\/iespolinya\/wp-json\/wp\/v2\/categories?post=4674"},{"taxonomy":"post_tag","embeddable":true,"href":"https:\/\/agora.xtec.cat\/iespolinya\/wp-json\/wp\/v2\/tags?post=4674"}],"curies":[{"name":"wp","href":"https:\/\/api.w.org\/{rel}","templated":true}]}}