{"id":4647,"date":"2021-04-26T09:00:46","date_gmt":"2021-04-26T07:00:46","guid":{"rendered":"http:\/\/agora.xtec.cat\/iespolinya\/?p=4647"},"modified":"2021-06-14T08:56:49","modified_gmt":"2021-06-14T06:56:49","slug":"un-sant-jordi-diferent","status":"publish","type":"post","link":"https:\/\/agora.xtec.cat\/iespolinya\/general\/un-sant-jordi-diferent\/","title":{"rendered":"UN SANT JORDI DIFERENT"},"content":{"rendered":"<p align=\"justify\">Aquest any hem celebrat Sant Jordi d&#8217;una manera diferent. Les restriccions per la pand\u00e8mia no ens han perm\u00e8s fer algunes de les activitats que realitz\u00e0vem durant la diada; tot i aix\u00ed, hem commemorat aquesta festa com cal.<\/p>\n<p align=\"justify\">Els alumnes i les alumnes de 1r cicle han dut a terme una CACERA DEL TRESOR.<\/p>\n<blockquote>\n<p align=\"justify\"><em>Fa unes setmanes va arribar al centre una carta que deia aix\u00ed: Aquest any a causa de la pand\u00e8mia els llibreters veiem perillar la diada de Sant Jordi. Hem sentit a parlar d\u2019una f\u00f3rmula que ens podria ajudar a recuperar les vendes perdudes. Resulta que aquesta f\u00f3rmula est\u00e0 a l&#8217;interior d&#8217;una caixa forta i no sabem com obrir-la. Ens podr\u00edeu ajudar?<\/em><\/p>\n<\/blockquote>\n<p align=\"justify\">Arran d&#8217;aquest fet els professors i les professores de catal\u00e0 vam posar els nostres alumnes a treballar!<\/p>\n<p align=\"justify\"><span style=\"font-family: Calibri, sans-serif;\">L\u2019objectiu del joc era obrir una caixa que estava amagada en algun indret dels voltants de l\u2019institut. La caixa estava tancada amb un codi de tres d\u00edgits, aix\u00ed que els nois i les noies han hagut de treballar en equip per tal de superar les diverses proves que els han dut a desxifrar els diferents enigmes. Com era d&#8217;esperar, tots els grups en van sortir victoriosos. <\/span><\/p>\n<p align=\"justify\"><span style=\"font-family: Calibri, sans-serif;\">Enhorabona!<\/span><\/p>\n<div class=\"ast-oembed-container \" style=\"height: 100%;\"><iframe loading=\"lazy\" title=\"Sant Jordi\" width=\"500\" height=\"281\" src=\"https:\/\/www.youtube.com\/embed\/RzeWGByzof8?feature=oembed\" frameborder=\"0\" allow=\"accelerometer; autoplay; clipboard-write; encrypted-media; gyroscope; picture-in-picture; web-share\" referrerpolicy=\"strict-origin-when-cross-origin\" allowfullscreen><\/iframe><\/div>\n","protected":false},"excerpt":{"rendered":"<p>Aquest any hem celebrat Sant Jordi d&#8217;una manera diferent. Les restriccions per la pand\u00e8mia no ens han perm\u00e8s fer algunes de les activitats que realitz\u00e0vem durant la diada; tot i aix\u00ed, hem commemorat aquesta festa com cal. Els alumnes i les alumnes de 1r cicle han dut a terme una CACERA DEL TRESOR. Fa unes [&hellip;]<\/p>\n","protected":false},"author":1,"featured_media":4649,"comment_status":"open","ping_status":"closed","sticky":false,"template":"","format":"standard","meta":{"_bbp_topic_count":0,"_bbp_reply_count":0,"_bbp_total_topic_count":0,"_bbp_total_reply_count":0,"_bbp_voice_count":0,"_bbp_anonymous_reply_count":0,"_bbp_topic_count_hidden":0,"_bbp_reply_count_hidden":0,"_bbp_forum_subforum_count":0,"site-sidebar-layout":"default","site-content-layout":"","ast-site-content-layout":"","site-content-style":"default","site-sidebar-style":"default","ast-global-header-display":"","ast-banner-title-visibility":"","ast-main-header-display":"","ast-hfb-above-header-display":"","ast-hfb-below-header-display":"","ast-hfb-mobile-header-display":"","site-post-title":"","ast-breadcrumbs-content":"","ast-featured-img":"","footer-sml-layout":"","theme-transparent-header-meta":"","adv-header-id-meta":"","stick-header-meta":"","header-above-stick-meta":"","header-main-stick-meta":"","header-below-stick-meta":"","astra-migrate-meta-layouts":"default","ast-page-background-enabled":"default","ast-page-background-meta":{"desktop":{"background-color":"var(--ast-global-color-4)","background-image":"","background-repeat":"repeat","background-position":"center center","background-size":"auto","background-attachment":"scroll","background-type":"","background-media":"","overlay-type":"","overlay-color":"","overlay-opacity":"","overlay-gradient":""},"tablet":{"background-color":"","background-image":"","background-repeat":"repeat","background-position":"center center","background-size":"auto","background-attachment":"scroll","background-type":"","background-media":"","overlay-type":"","overlay-color":"","overlay-opacity":"","overlay-gradient":""},"mobile":{"background-color":"","background-image":"","background-repeat":"repeat","background-position":"center center","background-size":"auto","background-attachment":"scroll","background-type":"","background-media":"","overlay-type":"","overlay-color":"","overlay-opacity":"","overlay-gradient":""}},"ast-content-background-meta":{"desktop":{"background-color":"var(--ast-global-color-5)","background-image":"","background-repeat":"repeat","background-position":"center center","background-size":"auto","background-attachment":"scroll","background-type":"","background-media":"","overlay-type":"","overlay-color":"","overlay-opacity":"","overlay-gradient":""},"tablet":{"background-color":"var(--ast-global-color-5)","background-image":"","background-repeat":"repeat","background-position":"center center","background-size":"auto","background-attachment":"scroll","background-type":"","background-media":"","overlay-type":"","overlay-color":"","overlay-opacity":"","overlay-gradient":""},"mobile":{"background-color":"var(--ast-global-color-5)","background-image":"","background-repeat":"repeat","background-position":"center center","background-size":"auto","background-attachment":"scroll","background-type":"","background-media":"","overlay-type":"","overlay-color":"","overlay-opacity":"","overlay-gradient":""}},"footnotes":""},"categories":[1,29],"tags":[38],"class_list":["post-4647","post","type-post","status-publish","format-standard","has-post-thumbnail","hentry","category-general","category-portada","tag-sant-jordi"],"post_mailing_queue_ids":[],"_links":{"self":[{"href":"https:\/\/agora.xtec.cat\/iespolinya\/wp-json\/wp\/v2\/posts\/4647","targetHints":{"allow":["GET"]}}],"collection":[{"href":"https:\/\/agora.xtec.cat\/iespolinya\/wp-json\/wp\/v2\/posts"}],"about":[{"href":"https:\/\/agora.xtec.cat\/iespolinya\/wp-json\/wp\/v2\/types\/post"}],"author":[{"embeddable":true,"href":"https:\/\/agora.xtec.cat\/iespolinya\/wp-json\/wp\/v2\/users\/1"}],"replies":[{"embeddable":true,"href":"https:\/\/agora.xtec.cat\/iespolinya\/wp-json\/wp\/v2\/comments?post=4647"}],"version-history":[{"count":2,"href":"https:\/\/agora.xtec.cat\/iespolinya\/wp-json\/wp\/v2\/posts\/4647\/revisions"}],"predecessor-version":[{"id":4650,"href":"https:\/\/agora.xtec.cat\/iespolinya\/wp-json\/wp\/v2\/posts\/4647\/revisions\/4650"}],"wp:featuredmedia":[{"embeddable":true,"href":"https:\/\/agora.xtec.cat\/iespolinya\/wp-json\/wp\/v2\/media\/4649"}],"wp:attachment":[{"href":"https:\/\/agora.xtec.cat\/iespolinya\/wp-json\/wp\/v2\/media?parent=4647"}],"wp:term":[{"taxonomy":"category","embeddable":true,"href":"https:\/\/agora.xtec.cat\/iespolinya\/wp-json\/wp\/v2\/categories?post=4647"},{"taxonomy":"post_tag","embeddable":true,"href":"https:\/\/agora.xtec.cat\/iespolinya\/wp-json\/wp\/v2\/tags?post=4647"}],"curies":[{"name":"wp","href":"https:\/\/api.w.org\/{rel}","templated":true}]}}