{"id":4588,"date":"2021-03-10T09:36:03","date_gmt":"2021-03-10T08:36:03","guid":{"rendered":"http:\/\/agora.xtec.cat\/iespolinya\/?p=4588"},"modified":"2021-03-30T12:14:53","modified_gmt":"2021-03-30T10:14:53","slug":"joves-per-dema-del-nostre-institut-premiats","status":"publish","type":"post","link":"https:\/\/agora.xtec.cat\/iespolinya\/general\/joves-per-dema-del-nostre-institut-premiats\/","title":{"rendered":"JOVES PER DEM\u00c0 DEL NOSTRE INSTITUT&#8230; PREMIATS!"},"content":{"rendered":"<p>Fa uns dies us convid\u00e0vem a posar un like a la <a href=\"https:\/\/agora.xtec.cat\/iespolinya\/general\/ens-cal-un-like-al-teu-youtube\/\">iniciativa d&#8217;un grup d&#8217;alumnes del centre<\/a>.<a href=\"https:\/\/agora.xtec.cat\/iespolinya\/wp-content\/uploads\/usu392\/2021\/03\/Guanyadors-Joves-pel-dem\u00e0-1.jpg\"><br \/>\n<\/a>Ens plau comunicar-vos\u00a0 que aquests alumnes\u00a0del <a href=\"http:\/\/www.elgrupdepolinya.com\/\">GRUP DE POLINY\u00c0<\/a>\u00a0s\u00f3n finalistes del projecte\u00a0<a href=\"https:\/\/projectes.fundesplai.org\/premis-joves-pel-dema\/\">JOVES PEL DEM\u00c0<\/a> de la Fundaci\u00f3 <a href=\"https:\/\/fundesplai.org\/ca\/\">FUNDESPLAI<\/a>, amb la seva iniciativa del seu <strong><a href=\"https:\/\/www.youtube.com\/watch?v=nnbhK-2VKDY&amp;feature=emb_logo\">projecte de reciclatge i promoci\u00f3 del comer\u00e7 local.<\/a><\/strong><\/p>\n<p>Enhorabona, nois!<\/p>\n<p><a href=\"https:\/\/agora.xtec.cat\/iespolinya\/wp-content\/uploads\/usu392\/2021\/03\/Guanyadors-Joves-pel-dem\u00e0-1.jpg\"><img loading=\"lazy\" decoding=\"async\" class=\"wp-image-4590 aligncenter\" src=\"https:\/\/agora.xtec.cat\/iespolinya\/wp-content\/uploads\/usu392\/2021\/03\/Guanyadors-Joves-pel-dem\u00e0-1-1024x576.jpg\" alt=\"\" width=\"706\" height=\"397\" srcset=\"https:\/\/agora.xtec.cat\/iespolinya\/wp-content\/uploads\/usu392\/2021\/03\/Guanyadors-Joves-pel-dem\u00e0-1-1024x576.jpg 1024w, https:\/\/agora.xtec.cat\/iespolinya\/wp-content\/uploads\/usu392\/2021\/03\/Guanyadors-Joves-pel-dem\u00e0-1-300x169.jpg 300w, https:\/\/agora.xtec.cat\/iespolinya\/wp-content\/uploads\/usu392\/2021\/03\/Guanyadors-Joves-pel-dem\u00e0-1-768x432.jpg 768w, https:\/\/agora.xtec.cat\/iespolinya\/wp-content\/uploads\/usu392\/2021\/03\/Guanyadors-Joves-pel-dem\u00e0-1.jpg 1920w\" sizes=\"auto, (max-width: 706px) 100vw, 706px\" \/><\/a><\/p>\n<p>&nbsp;<\/p>\n","protected":false},"excerpt":{"rendered":"<p>Fa uns dies us convid\u00e0vem a posar un like a la iniciativa d&#8217;un grup d&#8217;alumnes del centre. Ens plau comunicar-vos\u00a0 que aquests alumnes\u00a0del GRUP DE POLINY\u00c0\u00a0s\u00f3n finalistes del projecte\u00a0JOVES PEL DEM\u00c0 de la Fundaci\u00f3 FUNDESPLAI, amb la seva iniciativa del seu projecte de reciclatge i promoci\u00f3 del comer\u00e7 local. Enhorabona, nois! &nbsp;<\/p>\n","protected":false},"author":1,"featured_media":4590,"comment_status":"open","ping_status":"closed","sticky":false,"template":"","format":"standard","meta":{"_bbp_topic_count":0,"_bbp_reply_count":0,"_bbp_total_topic_count":0,"_bbp_total_reply_count":0,"_bbp_voice_count":0,"_bbp_anonymous_reply_count":0,"_bbp_topic_count_hidden":0,"_bbp_reply_count_hidden":0,"_bbp_forum_subforum_count":0,"site-sidebar-layout":"default","site-content-layout":"","ast-site-content-layout":"","site-content-style":"default","site-sidebar-style":"default","ast-global-header-display":"","ast-banner-title-visibility":"","ast-main-header-display":"","ast-hfb-above-header-display":"","ast-hfb-below-header-display":"","ast-hfb-mobile-header-display":"","site-post-title":"","ast-breadcrumbs-content":"","ast-featured-img":"","footer-sml-layout":"","theme-transparent-header-meta":"","adv-header-id-meta":"","stick-header-meta":"","header-above-stick-meta":"","header-main-stick-meta":"","header-below-stick-meta":"","astra-migrate-meta-layouts":"default","ast-page-background-enabled":"default","ast-page-background-meta":{"desktop":{"background-color":"var(--ast-global-color-4)","background-image":"","background-repeat":"repeat","background-position":"center center","background-size":"auto","background-attachment":"scroll","background-type":"","background-media":"","overlay-type":"","overlay-color":"","overlay-opacity":"","overlay-gradient":""},"tablet":{"background-color":"","background-image":"","background-repeat":"repeat","background-position":"center center","background-size":"auto","background-attachment":"scroll","background-type":"","background-media":"","overlay-type":"","overlay-color":"","overlay-opacity":"","overlay-gradient":""},"mobile":{"background-color":"","background-image":"","background-repeat":"repeat","background-position":"center center","background-size":"auto","background-attachment":"scroll","background-type":"","background-media":"","overlay-type":"","overlay-color":"","overlay-opacity":"","overlay-gradient":""}},"ast-content-background-meta":{"desktop":{"background-color":"var(--ast-global-color-5)","background-image":"","background-repeat":"repeat","background-position":"center center","background-size":"auto","background-attachment":"scroll","background-type":"","background-media":"","overlay-type":"","overlay-color":"","overlay-opacity":"","overlay-gradient":""},"tablet":{"background-color":"var(--ast-global-color-5)","background-image":"","background-repeat":"repeat","background-position":"center center","background-size":"auto","background-attachment":"scroll","background-type":"","background-media":"","overlay-type":"","overlay-color":"","overlay-opacity":"","overlay-gradient":""},"mobile":{"background-color":"var(--ast-global-color-5)","background-image":"","background-repeat":"repeat","background-position":"center center","background-size":"auto","background-attachment":"scroll","background-type":"","background-media":"","overlay-type":"","overlay-color":"","overlay-opacity":"","overlay-gradient":""}},"footnotes":""},"categories":[1],"tags":[160],"class_list":["post-4588","post","type-post","status-publish","format-standard","has-post-thumbnail","hentry","category-general","tag-servei-comunitari"],"post_mailing_queue_ids":[],"_links":{"self":[{"href":"https:\/\/agora.xtec.cat\/iespolinya\/wp-json\/wp\/v2\/posts\/4588","targetHints":{"allow":["GET"]}}],"collection":[{"href":"https:\/\/agora.xtec.cat\/iespolinya\/wp-json\/wp\/v2\/posts"}],"about":[{"href":"https:\/\/agora.xtec.cat\/iespolinya\/wp-json\/wp\/v2\/types\/post"}],"author":[{"embeddable":true,"href":"https:\/\/agora.xtec.cat\/iespolinya\/wp-json\/wp\/v2\/users\/1"}],"replies":[{"embeddable":true,"href":"https:\/\/agora.xtec.cat\/iespolinya\/wp-json\/wp\/v2\/comments?post=4588"}],"version-history":[{"count":3,"href":"https:\/\/agora.xtec.cat\/iespolinya\/wp-json\/wp\/v2\/posts\/4588\/revisions"}],"predecessor-version":[{"id":4593,"href":"https:\/\/agora.xtec.cat\/iespolinya\/wp-json\/wp\/v2\/posts\/4588\/revisions\/4593"}],"wp:featuredmedia":[{"embeddable":true,"href":"https:\/\/agora.xtec.cat\/iespolinya\/wp-json\/wp\/v2\/media\/4590"}],"wp:attachment":[{"href":"https:\/\/agora.xtec.cat\/iespolinya\/wp-json\/wp\/v2\/media?parent=4588"}],"wp:term":[{"taxonomy":"category","embeddable":true,"href":"https:\/\/agora.xtec.cat\/iespolinya\/wp-json\/wp\/v2\/categories?post=4588"},{"taxonomy":"post_tag","embeddable":true,"href":"https:\/\/agora.xtec.cat\/iespolinya\/wp-json\/wp\/v2\/tags?post=4588"}],"curies":[{"name":"wp","href":"https:\/\/api.w.org\/{rel}","templated":true}]}}