{"id":4139,"date":"2020-04-16T11:13:42","date_gmt":"2020-04-16T09:13:42","guid":{"rendered":"http:\/\/agora.xtec.cat\/iespolinya\/?p=4139"},"modified":"2020-06-19T07:58:52","modified_gmt":"2020-06-19T05:58:52","slug":"comunicacio-dimecres-15-dabril-batxillerat","status":"publish","type":"post","link":"https:\/\/agora.xtec.cat\/iespolinya\/general\/comunicacio-dimecres-15-dabril-batxillerat\/","title":{"rendered":"COMUNICACI\u00d3\u00a0 DIMECRES 15 D\u2019ABRIL BATXILLERAT"},"content":{"rendered":"<p><span style=\"font-weight: 400;\">Benvolgudes fam\u00edlies,<\/span><\/p>\n<p><span style=\"font-weight: 400;\">tornem\u00a0 a posar-nos en contacte amb vosaltres tot desitjant que us trobeu b\u00e9 i\u00a0 sense novetat.<a href=\"https:\/\/agora.xtec.cat\/iespolinya\/wp-content\/uploads\/usu392\/2020\/03\/TOT-OK.png\"><img loading=\"lazy\" decoding=\"async\" class=\"wp-image-4128 alignright\" src=\"https:\/\/agora.xtec.cat\/iespolinya\/wp-content\/uploads\/usu392\/2020\/03\/TOT-OK-1024x846.png\" alt=\"\" width=\"309\" height=\"255\" srcset=\"https:\/\/agora.xtec.cat\/iespolinya\/wp-content\/uploads\/usu392\/2020\/03\/TOT-OK-1024x846.png 1024w, https:\/\/agora.xtec.cat\/iespolinya\/wp-content\/uploads\/usu392\/2020\/03\/TOT-OK-300x248.png 300w, https:\/\/agora.xtec.cat\/iespolinya\/wp-content\/uploads\/usu392\/2020\/03\/TOT-OK-768x634.png 768w\" sizes=\"auto, (max-width: 309px) 100vw, 309px\" \/><\/a><\/span><\/p>\n<p><span style=\"font-weight: 400;\">Us avancem el pla de treball de les properes setmanes. Seran unes setmanes at\u00edpiques, dominades per la inestabilitat per que fa a les instruccions que es van succeint\u00a0 des del Departament i per la incertesa sobre el retorn a les aules.\u00a0<\/span><\/p>\n<p><span style=\"font-weight: 400;\">Coneixedors de les dificultats de tot tipus que implica el treball digital i la comunicaci\u00f3 amb el professorat, treballem per solucionar-les i per facilitar la comunicaci\u00f3 amb el centre i el professorat. Amb aquesta intenci\u00f3 obrim un correu on us agrairem que ens adreceu les vostres comunicacions: <\/span><span style=\"font-weight: 400;\">centre@institutpolinya.com<\/span><span style=\"font-weight: 400;\">. Aquest \u00e9s un correu gen\u00e8ric de centre nom\u00e9s per a situacions excepcionals, per a consultes ordin\u00e0ries sobre les tasques i el seguiment dels nois i noies \u00e9s amb els tutors amb qui us heu de comunicar.<\/span><\/p>\n<p><span style=\"font-weight: 400;\">Pel que fal al Batxillerat, suposem que ser\u00e0 el nivell prioritari a l\u2019hora de reincorporar-nos al centre, per\u00f2 de moment, no disposem de cap informaci\u00f3 concreta. Afortunadament, els alumnes continuen enganxats a les classes amb una actitud madura i responsable que \u00e9s digna d\u2019agrair.\u00a0<\/span><\/p>\n<p><span style=\"font-weight: 400;\">A batxillerat es mantenen les tres tutories de grup. Les tutores estaran en contacte amb els alumnes en cas de dificultat.<\/span><\/p>\n<p><span style=\"font-weight: 400;\">Pel que fa a les PAU ens consta que la intenci\u00f3 \u00e9s realitzar-les entre el 7 i el 10 de juliol. Us mantindrem informats.<\/span><\/p>\n<p>&nbsp;<\/p>\n<p><b>Setmana del 14 al 17 d\u2019abril:<\/b><\/p>\n<p><span style=\"font-weight: 400;\">El alumnes han d\u2019anar acabant les tasques del 2n lliurament.<\/span><\/p>\n<p><span style=\"font-weight: 400;\">Divendres 17 rebreu un nou lliurament de tasques (TASQUES III) per anar treballant les quatre properes setmanes, tot i que ens consta que la majoria d\u2019alumnes ja porten el seu propi pla amb el professorat.<\/span><\/p>\n<p>&nbsp;<\/p>\n<p><b>TASQUES III (a partir de dilluns 20 d\u2019abril)<\/b><\/p>\n<p><span style=\"font-weight: 400;\">Les <\/span><span style=\"font-weight: 400;\">tasques de la 3a Avaluaci\u00f3<\/span><span style=\"font-weight: 400;\"> s\u00f3n on-line i avaluables.<\/span><\/p>\n<p><span style=\"font-weight: 400;\">Hem elaborat un <\/span><span style=\"font-weight: 400;\">horari de treball<\/span><span style=\"font-weight: 400;\"> per\u00a0 l\u2019alumnat que inclou 2 hores fixes de treball al mat\u00ed. Aquest horari pret\u00e9n ordenar les trobades amb el professorat i que no se superposin les classes, no implica, necess\u00e0riament, que sigui per videoconfer\u00e8ncia o altres mitjans. Les dificultats que puguin anar sorgint les heu d\u2019anar resolent amb el tutor o professor de mat\u00e8ria.<\/span><\/p>\n<p><span style=\"font-weight: 400;\">Pel que fa a les tasques de recuperaci\u00f3, els professors podran proposar-ne durant aquests dies o esperar instruccions m\u00e9s concretes per part del Departament.<\/span><\/p>\n<p><span style=\"font-weight: 400;\">\u00c0nims a tothom, ja ens queda menys!<\/span><\/p>\n<p>&nbsp;<\/p>\n","protected":false},"excerpt":{"rendered":"<p>Benvolgudes fam\u00edlies, tornem\u00a0 a posar-nos en contacte amb vosaltres tot desitjant que us trobeu b\u00e9 i\u00a0 sense novetat. Us avancem el pla de treball de les properes setmanes. Seran unes setmanes at\u00edpiques, dominades per la inestabilitat per que fa a les instruccions que es van succeint\u00a0 des del Departament i per la incertesa sobre el [&hellip;]<\/p>\n","protected":false},"author":1,"featured_media":4128,"comment_status":"open","ping_status":"closed","sticky":false,"template":"","format":"standard","meta":{"_bbp_topic_count":0,"_bbp_reply_count":0,"_bbp_total_topic_count":0,"_bbp_total_reply_count":0,"_bbp_voice_count":0,"_bbp_anonymous_reply_count":0,"_bbp_topic_count_hidden":0,"_bbp_reply_count_hidden":0,"_bbp_forum_subforum_count":0,"site-sidebar-layout":"default","site-content-layout":"","ast-site-content-layout":"","site-content-style":"default","site-sidebar-style":"default","ast-global-header-display":"","ast-banner-title-visibility":"","ast-main-header-display":"","ast-hfb-above-header-display":"","ast-hfb-below-header-display":"","ast-hfb-mobile-header-display":"","site-post-title":"","ast-breadcrumbs-content":"","ast-featured-img":"","footer-sml-layout":"","theme-transparent-header-meta":"","adv-header-id-meta":"","stick-header-meta":"","header-above-stick-meta":"","header-main-stick-meta":"","header-below-stick-meta":"","astra-migrate-meta-layouts":"default","ast-page-background-enabled":"default","ast-page-background-meta":{"desktop":{"background-color":"var(--ast-global-color-4)","background-image":"","background-repeat":"repeat","background-position":"center center","background-size":"auto","background-attachment":"scroll","background-type":"","background-media":"","overlay-type":"","overlay-color":"","overlay-opacity":"","overlay-gradient":""},"tablet":{"background-color":"","background-image":"","background-repeat":"repeat","background-position":"center center","background-size":"auto","background-attachment":"scroll","background-type":"","background-media":"","overlay-type":"","overlay-color":"","overlay-opacity":"","overlay-gradient":""},"mobile":{"background-color":"","background-image":"","background-repeat":"repeat","background-position":"center center","background-size":"auto","background-attachment":"scroll","background-type":"","background-media":"","overlay-type":"","overlay-color":"","overlay-opacity":"","overlay-gradient":""}},"ast-content-background-meta":{"desktop":{"background-color":"var(--ast-global-color-5)","background-image":"","background-repeat":"repeat","background-position":"center center","background-size":"auto","background-attachment":"scroll","background-type":"","background-media":"","overlay-type":"","overlay-color":"","overlay-opacity":"","overlay-gradient":""},"tablet":{"background-color":"var(--ast-global-color-5)","background-image":"","background-repeat":"repeat","background-position":"center center","background-size":"auto","background-attachment":"scroll","background-type":"","background-media":"","overlay-type":"","overlay-color":"","overlay-opacity":"","overlay-gradient":""},"mobile":{"background-color":"var(--ast-global-color-5)","background-image":"","background-repeat":"repeat","background-position":"center center","background-size":"auto","background-attachment":"scroll","background-type":"","background-media":"","overlay-type":"","overlay-color":"","overlay-opacity":"","overlay-gradient":""}},"footnotes":""},"categories":[1],"tags":[176],"class_list":["post-4139","post","type-post","status-publish","format-standard","has-post-thumbnail","hentry","category-general","tag-covid"],"post_mailing_queue_ids":[],"_links":{"self":[{"href":"https:\/\/agora.xtec.cat\/iespolinya\/wp-json\/wp\/v2\/posts\/4139","targetHints":{"allow":["GET"]}}],"collection":[{"href":"https:\/\/agora.xtec.cat\/iespolinya\/wp-json\/wp\/v2\/posts"}],"about":[{"href":"https:\/\/agora.xtec.cat\/iespolinya\/wp-json\/wp\/v2\/types\/post"}],"author":[{"embeddable":true,"href":"https:\/\/agora.xtec.cat\/iespolinya\/wp-json\/wp\/v2\/users\/1"}],"replies":[{"embeddable":true,"href":"https:\/\/agora.xtec.cat\/iespolinya\/wp-json\/wp\/v2\/comments?post=4139"}],"version-history":[{"count":1,"href":"https:\/\/agora.xtec.cat\/iespolinya\/wp-json\/wp\/v2\/posts\/4139\/revisions"}],"predecessor-version":[{"id":4140,"href":"https:\/\/agora.xtec.cat\/iespolinya\/wp-json\/wp\/v2\/posts\/4139\/revisions\/4140"}],"wp:featuredmedia":[{"embeddable":true,"href":"https:\/\/agora.xtec.cat\/iespolinya\/wp-json\/wp\/v2\/media\/4128"}],"wp:attachment":[{"href":"https:\/\/agora.xtec.cat\/iespolinya\/wp-json\/wp\/v2\/media?parent=4139"}],"wp:term":[{"taxonomy":"category","embeddable":true,"href":"https:\/\/agora.xtec.cat\/iespolinya\/wp-json\/wp\/v2\/categories?post=4139"},{"taxonomy":"post_tag","embeddable":true,"href":"https:\/\/agora.xtec.cat\/iespolinya\/wp-json\/wp\/v2\/tags?post=4139"}],"curies":[{"name":"wp","href":"https:\/\/api.w.org\/{rel}","templated":true}]}}