{"id":4134,"date":"2020-04-14T19:44:03","date_gmt":"2020-04-14T17:44:03","guid":{"rendered":"http:\/\/agora.xtec.cat\/iespolinya\/?p=4134"},"modified":"2020-06-19T07:59:11","modified_gmt":"2020-06-19T05:59:11","slug":"comunicacio-dimarts-14-dabril","status":"publish","type":"post","link":"https:\/\/agora.xtec.cat\/iespolinya\/general\/comunicacio-dimarts-14-dabril\/","title":{"rendered":"COMUNICACI\u00d3\u00a0 DIMARTS 14 D\u2019ABRIL ESO"},"content":{"rendered":"<p dir=\"ltr\">Benvolgudes fam\u00edlies,<\/p>\n<p dir=\"ltr\">tornem\u00a0 a posar-nos en contacte amb vosaltres tot desitjant que us trobeu b\u00e9 i\u00a0 sense novetat.<a href=\"https:\/\/agora.xtec.cat\/iespolinya\/wp-content\/uploads\/usu392\/2020\/03\/TOT-OK.png\"><img loading=\"lazy\" decoding=\"async\" class=\"wp-image-4128 alignright\" src=\"https:\/\/agora.xtec.cat\/iespolinya\/wp-content\/uploads\/usu392\/2020\/03\/TOT-OK-1024x846.png\" alt=\"\" width=\"332\" height=\"275\" srcset=\"https:\/\/agora.xtec.cat\/iespolinya\/wp-content\/uploads\/usu392\/2020\/03\/TOT-OK-1024x846.png 1024w, https:\/\/agora.xtec.cat\/iespolinya\/wp-content\/uploads\/usu392\/2020\/03\/TOT-OK-300x248.png 300w, https:\/\/agora.xtec.cat\/iespolinya\/wp-content\/uploads\/usu392\/2020\/03\/TOT-OK-768x634.png 768w\" sizes=\"auto, (max-width: 332px) 100vw, 332px\" \/><\/a><\/p>\n<p dir=\"ltr\">Us avancem el pla de treball de les properes setmanes. Seran unes setmanes at\u00edpiques, dominades per la inestabilitat per que fa a les instruccions que es van succeint\u00a0 des del Departament i per la incertesa sobre el retorn a les aules.<\/p>\n<p dir=\"ltr\">Coneixedors de les dificultats de tot tipus que implica el treball digital i la comunicaci\u00f3 amb el professorat, treballem per solucionar-les i per facilitar la comunicaci\u00f3 amb el centre i el professorat. Amb aquesta intenci\u00f3 obrim un correu on us agrairem que ens adreceu les vostres comunicacions: <a href=\"mailto:centre@institutpolinya.com\">centre@institutpolinya.com<\/a>. Aquest \u00e9s un correu gen\u00e8ric de centre nom\u00e9s per a situacions excepcionals, per a consultes ordin\u00e0ries sobre les tasques i el seguiment dels nois i noies \u00e9s amb els tutors amb qui us heu de comunicar.<\/p>\n<p dir=\"ltr\"><strong>Setmana del 14 al 17 d\u2019abril:<\/strong><\/p>\n<p dir=\"ltr\">El alumnes han d\u2019anar acabant les tasques del 2n lliurament.<\/p>\n<p dir=\"ltr\">Hem nomenat un tutor individual per a cada alumne que, en molts casos, \u00e9s diferent del tutor de grup. Aquest tutor es posar\u00e0 en contacte amb vosaltres o els vostres fills\/es a partir de la setmana vinent per correu o per tel\u00e8fon.<\/p>\n<p dir=\"ltr\">Aquesta tutoria individual t\u00e9 tres objectius:<\/p>\n<p dir=\"ltr\">\u00b7 \u00a0 Acompanyament personal dels nois i noies i de les seves fam\u00edlies davant possibles dificultats.<\/p>\n<p dir=\"ltr\">\u00b7\u00a0 \u00a0 \u00a0 \u00a0 Acompanyament pel que fa a dificultats de tipus digital.<\/p>\n<p dir=\"ltr\">\u00b7 \u00a0 Seguiment de les tasques acad\u00e8miques i interlocuci\u00f3, si s\u2019escau, davant l\u2019equip docent.<\/p>\n<p dir=\"ltr\">Divendres 17 rebreu un nou lliurament de tasques (TASQUES III) per anar treballant les quatre properes setmanes.<\/p>\n<p dir=\"ltr\"><strong>TASQUES III (a partir de dilluns 19 d\u2019abril)<\/strong><\/p>\n<p dir=\"ltr\">Les tasques de la 3a Avaluaci\u00f3 s\u00f3n on-line, competencials i avaluables.<\/p>\n<p dir=\"ltr\">Hem elaborat un horari de treball per\u00a0 l\u2019alumnat que inclou 2\/3 hores fixes de treball al mat\u00ed. Aquest horari pret\u00e9n ordenar les trobades amb el professorat i que no se superposin les classes, no implica, necess\u00e0riament, que sigui per videoconfer\u00e8ncia o altres mitjans. Les dificultats que puguin anar sorgint les heu d\u2019anar resolent amb el tutor individual.<\/p>\n<p dir=\"ltr\">Tamb\u00e9 lliurarem tasques de recuperaci\u00f3 d\u2019avaluacions anteriors per als alumnes que els calgui.<\/p>\n<p dir=\"ltr\">Per \u00faltim, trobareu tasques d\u2019ampliaci\u00f3 per als alumnes que vulguin aprofundir en alguna\/es mat\u00e8ries. Aquestes tasques no s\u00f3n obligat\u00f2ries per\u00f2 s\u00ed seran avaluables.<\/p>\n<p dir=\"ltr\">\u00c0nims a tothom, ja ens queda menys!<\/p>\n","protected":false},"excerpt":{"rendered":"<p>Benvolgudes fam\u00edlies, tornem\u00a0 a posar-nos en contacte amb vosaltres tot desitjant que us trobeu b\u00e9 i\u00a0 sense novetat. Us avancem el pla de treball de les properes setmanes. Seran unes setmanes at\u00edpiques, dominades per la inestabilitat per que fa a les instruccions que es van succeint\u00a0 des del Departament i per la incertesa sobre el [&hellip;]<\/p>\n","protected":false},"author":1,"featured_media":4128,"comment_status":"open","ping_status":"closed","sticky":false,"template":"","format":"standard","meta":{"_bbp_topic_count":0,"_bbp_reply_count":0,"_bbp_total_topic_count":0,"_bbp_total_reply_count":0,"_bbp_voice_count":0,"_bbp_anonymous_reply_count":0,"_bbp_topic_count_hidden":0,"_bbp_reply_count_hidden":0,"_bbp_forum_subforum_count":0,"site-sidebar-layout":"default","site-content-layout":"","ast-site-content-layout":"","site-content-style":"default","site-sidebar-style":"default","ast-global-header-display":"","ast-banner-title-visibility":"","ast-main-header-display":"","ast-hfb-above-header-display":"","ast-hfb-below-header-display":"","ast-hfb-mobile-header-display":"","site-post-title":"","ast-breadcrumbs-content":"","ast-featured-img":"","footer-sml-layout":"","theme-transparent-header-meta":"","adv-header-id-meta":"","stick-header-meta":"","header-above-stick-meta":"","header-main-stick-meta":"","header-below-stick-meta":"","astra-migrate-meta-layouts":"default","ast-page-background-enabled":"default","ast-page-background-meta":{"desktop":{"background-color":"var(--ast-global-color-4)","background-image":"","background-repeat":"repeat","background-position":"center center","background-size":"auto","background-attachment":"scroll","background-type":"","background-media":"","overlay-type":"","overlay-color":"","overlay-opacity":"","overlay-gradient":""},"tablet":{"background-color":"","background-image":"","background-repeat":"repeat","background-position":"center center","background-size":"auto","background-attachment":"scroll","background-type":"","background-media":"","overlay-type":"","overlay-color":"","overlay-opacity":"","overlay-gradient":""},"mobile":{"background-color":"","background-image":"","background-repeat":"repeat","background-position":"center center","background-size":"auto","background-attachment":"scroll","background-type":"","background-media":"","overlay-type":"","overlay-color":"","overlay-opacity":"","overlay-gradient":""}},"ast-content-background-meta":{"desktop":{"background-color":"var(--ast-global-color-5)","background-image":"","background-repeat":"repeat","background-position":"center center","background-size":"auto","background-attachment":"scroll","background-type":"","background-media":"","overlay-type":"","overlay-color":"","overlay-opacity":"","overlay-gradient":""},"tablet":{"background-color":"var(--ast-global-color-5)","background-image":"","background-repeat":"repeat","background-position":"center center","background-size":"auto","background-attachment":"scroll","background-type":"","background-media":"","overlay-type":"","overlay-color":"","overlay-opacity":"","overlay-gradient":""},"mobile":{"background-color":"var(--ast-global-color-5)","background-image":"","background-repeat":"repeat","background-position":"center center","background-size":"auto","background-attachment":"scroll","background-type":"","background-media":"","overlay-type":"","overlay-color":"","overlay-opacity":"","overlay-gradient":""}},"footnotes":""},"categories":[1],"tags":[176],"class_list":["post-4134","post","type-post","status-publish","format-standard","has-post-thumbnail","hentry","category-general","tag-covid"],"post_mailing_queue_ids":[],"_links":{"self":[{"href":"https:\/\/agora.xtec.cat\/iespolinya\/wp-json\/wp\/v2\/posts\/4134","targetHints":{"allow":["GET"]}}],"collection":[{"href":"https:\/\/agora.xtec.cat\/iespolinya\/wp-json\/wp\/v2\/posts"}],"about":[{"href":"https:\/\/agora.xtec.cat\/iespolinya\/wp-json\/wp\/v2\/types\/post"}],"author":[{"embeddable":true,"href":"https:\/\/agora.xtec.cat\/iespolinya\/wp-json\/wp\/v2\/users\/1"}],"replies":[{"embeddable":true,"href":"https:\/\/agora.xtec.cat\/iespolinya\/wp-json\/wp\/v2\/comments?post=4134"}],"version-history":[{"count":2,"href":"https:\/\/agora.xtec.cat\/iespolinya\/wp-json\/wp\/v2\/posts\/4134\/revisions"}],"predecessor-version":[{"id":4138,"href":"https:\/\/agora.xtec.cat\/iespolinya\/wp-json\/wp\/v2\/posts\/4134\/revisions\/4138"}],"wp:featuredmedia":[{"embeddable":true,"href":"https:\/\/agora.xtec.cat\/iespolinya\/wp-json\/wp\/v2\/media\/4128"}],"wp:attachment":[{"href":"https:\/\/agora.xtec.cat\/iespolinya\/wp-json\/wp\/v2\/media?parent=4134"}],"wp:term":[{"taxonomy":"category","embeddable":true,"href":"https:\/\/agora.xtec.cat\/iespolinya\/wp-json\/wp\/v2\/categories?post=4134"},{"taxonomy":"post_tag","embeddable":true,"href":"https:\/\/agora.xtec.cat\/iespolinya\/wp-json\/wp\/v2\/tags?post=4134"}],"curies":[{"name":"wp","href":"https:\/\/api.w.org\/{rel}","templated":true}]}}