{"id":4120,"date":"2020-03-31T09:57:28","date_gmt":"2020-03-31T07:57:28","guid":{"rendered":"http:\/\/agora.xtec.cat\/iespolinya\/?p=4120"},"modified":"2020-06-19T07:59:35","modified_gmt":"2020-06-19T05:59:35","slug":"2n-lliurament-de-tasques-escolars","status":"publish","type":"post","link":"https:\/\/agora.xtec.cat\/iespolinya\/general\/2n-lliurament-de-tasques-escolars\/","title":{"rendered":"2n LLIURAMENT DE TASQUES ESCOLARS\u00a0"},"content":{"rendered":"<p><span style=\"font-weight: 400;\">Benvolgudes\u00a0 fam\u00edlies,<a href=\"https:\/\/agora.xtec.cat\/iespolinya\/wp-content\/uploads\/usu392\/2020\/03\/TOT-OK.png\"><img loading=\"lazy\" decoding=\"async\" class=\"wp-image-4128 alignright\" src=\"https:\/\/agora.xtec.cat\/iespolinya\/wp-content\/uploads\/usu392\/2020\/03\/TOT-OK-1024x846.png\" alt=\"\" width=\"469\" height=\"388\" srcset=\"https:\/\/agora.xtec.cat\/iespolinya\/wp-content\/uploads\/usu392\/2020\/03\/TOT-OK-1024x846.png 1024w, https:\/\/agora.xtec.cat\/iespolinya\/wp-content\/uploads\/usu392\/2020\/03\/TOT-OK-300x248.png 300w, https:\/\/agora.xtec.cat\/iespolinya\/wp-content\/uploads\/usu392\/2020\/03\/TOT-OK-768x634.png 768w\" sizes=\"auto, (max-width: 469px) 100vw, 469px\" \/><\/a><\/span><\/p>\n<p><span style=\"font-weight: 400;\">des del confinament us enviem una cordial salutaci\u00f3 i esperem que aquests dies tan estranys passin el m\u00e9s aviat possible.<\/span><\/p>\n<p><span style=\"font-weight: 400;\">Novament ens posem en contacte amb vosaltres per lliurar-vos una altra remesa de tasques escolars per als vostres fills i filles. Volem comentar-vos que, sortosament, la gran majoria de nois i noies continuen en contacte amb els seus professors i van lliurant feines, cadasc\u00fa segons les seves possibilitats. Tamb\u00e9 valorem molt positivament la resposta que tenim de l\u2019alumnat cada cop que els convoquem a una videoconfer\u00e8ncia o a una Classroom. Un altre aspecte que volem destacar \u00e9s l\u2019autonomia i la creativitat que estem descobrint en algunes de les tasques que ens comparteixen els vostres fills i filles. Per \u00faltim, i no menys important, agra\u00efm molt l\u2019afecte i les bones formes que manifesten quan contactem amb ells per correu.<\/span><\/p>\n<p><span style=\"font-weight: 400;\">Us adjuntem una s\u00e8rie de tasques que venen a completar les anteriors i que els alumnes han d\u2019anar lliurant esglaonadament fins a la reincorporaci\u00f3 a les aules.<\/span><\/p>\n<table style=\"height: 32px;\" width=\"995\">\n<tbody>\n<tr style=\"height: 32px;\">\n<td style=\"width: 163.171875px; text-align: center; height: 32px;\"><a href=\"https:\/\/drive.google.com\/file\/d\/1GAboCS8kS3rPhgNt9t_YqrpqYecHwh1N\/view?usp=sharing\">TASQUES 1er ESO<\/a><\/td>\n<td style=\"width: 163.171875px; height: 32px; text-align: center;\"><a href=\"https:\/\/drive.google.com\/file\/d\/1feam4ppCoJ-s2GUADg-dCF244dsYXZBG\/view?usp=sharing\">TASQUES 2n ESO<\/a><\/td>\n<td style=\"width: 163.171875px; height: 32px; text-align: center;\"><a href=\"https:\/\/drive.google.com\/file\/d\/1PCEfOje3HFgD4LqtYud6leuA28WhbX6y\/view?usp=sharing\">TASQUES 3r ESO<\/a><\/td>\n<td style=\"width: 163.171875px; height: 32px; text-align: center;\"><a href=\"https:\/\/drive.google.com\/file\/d\/17o4I2kwOm5WoCXPwrbwWaGYJu0pt_1sQ\/view?usp=sharing\">TASQUES 4t ESO<\/a><\/td>\n<td style=\"width: 163.171875px; height: 32px; text-align: center;\"><a href=\"https:\/\/drive.google.com\/file\/d\/120oE_c3fZG4oEeZky7OBfY1bQH4uBcYV\/view?usp=sharing\">TASQUES 1r BTX<\/a><\/td>\n<td style=\"width: 163.171875px; height: 32px; text-align: center;\"><a href=\"https:\/\/drive.google.com\/file\/d\/1zenl5jhWeVVlDaBkX9Kyds6XI_18Mnrv\/view?usp=sharing\">TASQUES 2n \u00a0BTX<\/a><\/td>\n<\/tr>\n<\/tbody>\n<\/table>\n<p><b>La setmana vinent rebreu per correu el butllet\u00ed de notes de la segona avaluaci\u00f3<\/b><span style=\"font-weight: 400;\">. Hem tancat aquesta segona avaluaci\u00f3 a data de 12 de mar\u00e7, per tant, totes les notes corresponen al per\u00edode anterior al confinament.<\/span><\/p>\n<p><span style=\"font-weight: 400;\">Un cop passada Setmana Santa, tornarem a contactar amb vosaltres, esperem que ja amb informacions\u00a0 concretes sobre la tornada a les aules.<\/span><\/p>\n<p><span style=\"font-weight: 400;\">Cuideu-vos molt.<\/span><\/p>\n<p>&nbsp;<\/p>\n<p><span style=\"font-weight: 400;\">\u00a0 \u00a0 \u00a0 \u00a0 \u00a0 \u00a0 \u00a0 \u00a0 \u00a0 \u00a0 \u00a0 \u00a0 \u00a0 \u00a0 \u00a0 \u00a0 \u00a0\u00a0<\/span><\/p>\n<p>&nbsp;<\/p>\n","protected":false},"excerpt":{"rendered":"<p>Benvolgudes\u00a0 fam\u00edlies, des del confinament us enviem una cordial salutaci\u00f3 i esperem que aquests dies tan estranys passin el m\u00e9s aviat possible. Novament ens posem en contacte amb vosaltres per lliurar-vos una altra remesa de tasques escolars per als vostres fills i filles. Volem comentar-vos que, sortosament, la gran majoria de nois i noies continuen [&hellip;]<\/p>\n","protected":false},"author":1,"featured_media":4128,"comment_status":"open","ping_status":"closed","sticky":false,"template":"","format":"standard","meta":{"_bbp_topic_count":0,"_bbp_reply_count":0,"_bbp_total_topic_count":0,"_bbp_total_reply_count":0,"_bbp_voice_count":0,"_bbp_anonymous_reply_count":0,"_bbp_topic_count_hidden":0,"_bbp_reply_count_hidden":0,"_bbp_forum_subforum_count":0,"site-sidebar-layout":"default","site-content-layout":"","ast-site-content-layout":"","site-content-style":"default","site-sidebar-style":"default","ast-global-header-display":"","ast-banner-title-visibility":"","ast-main-header-display":"","ast-hfb-above-header-display":"","ast-hfb-below-header-display":"","ast-hfb-mobile-header-display":"","site-post-title":"","ast-breadcrumbs-content":"","ast-featured-img":"","footer-sml-layout":"","theme-transparent-header-meta":"","adv-header-id-meta":"","stick-header-meta":"","header-above-stick-meta":"","header-main-stick-meta":"","header-below-stick-meta":"","astra-migrate-meta-layouts":"default","ast-page-background-enabled":"default","ast-page-background-meta":{"desktop":{"background-color":"var(--ast-global-color-4)","background-image":"","background-repeat":"repeat","background-position":"center center","background-size":"auto","background-attachment":"scroll","background-type":"","background-media":"","overlay-type":"","overlay-color":"","overlay-opacity":"","overlay-gradient":""},"tablet":{"background-color":"","background-image":"","background-repeat":"repeat","background-position":"center center","background-size":"auto","background-attachment":"scroll","background-type":"","background-media":"","overlay-type":"","overlay-color":"","overlay-opacity":"","overlay-gradient":""},"mobile":{"background-color":"","background-image":"","background-repeat":"repeat","background-position":"center center","background-size":"auto","background-attachment":"scroll","background-type":"","background-media":"","overlay-type":"","overlay-color":"","overlay-opacity":"","overlay-gradient":""}},"ast-content-background-meta":{"desktop":{"background-color":"var(--ast-global-color-5)","background-image":"","background-repeat":"repeat","background-position":"center center","background-size":"auto","background-attachment":"scroll","background-type":"","background-media":"","overlay-type":"","overlay-color":"","overlay-opacity":"","overlay-gradient":""},"tablet":{"background-color":"var(--ast-global-color-5)","background-image":"","background-repeat":"repeat","background-position":"center center","background-size":"auto","background-attachment":"scroll","background-type":"","background-media":"","overlay-type":"","overlay-color":"","overlay-opacity":"","overlay-gradient":""},"mobile":{"background-color":"var(--ast-global-color-5)","background-image":"","background-repeat":"repeat","background-position":"center center","background-size":"auto","background-attachment":"scroll","background-type":"","background-media":"","overlay-type":"","overlay-color":"","overlay-opacity":"","overlay-gradient":""}},"footnotes":""},"categories":[1],"tags":[176],"class_list":["post-4120","post","type-post","status-publish","format-standard","has-post-thumbnail","hentry","category-general","tag-covid"],"post_mailing_queue_ids":[],"_links":{"self":[{"href":"https:\/\/agora.xtec.cat\/iespolinya\/wp-json\/wp\/v2\/posts\/4120","targetHints":{"allow":["GET"]}}],"collection":[{"href":"https:\/\/agora.xtec.cat\/iespolinya\/wp-json\/wp\/v2\/posts"}],"about":[{"href":"https:\/\/agora.xtec.cat\/iespolinya\/wp-json\/wp\/v2\/types\/post"}],"author":[{"embeddable":true,"href":"https:\/\/agora.xtec.cat\/iespolinya\/wp-json\/wp\/v2\/users\/1"}],"replies":[{"embeddable":true,"href":"https:\/\/agora.xtec.cat\/iespolinya\/wp-json\/wp\/v2\/comments?post=4120"}],"version-history":[{"count":3,"href":"https:\/\/agora.xtec.cat\/iespolinya\/wp-json\/wp\/v2\/posts\/4120\/revisions"}],"predecessor-version":[{"id":4131,"href":"https:\/\/agora.xtec.cat\/iespolinya\/wp-json\/wp\/v2\/posts\/4120\/revisions\/4131"}],"wp:featuredmedia":[{"embeddable":true,"href":"https:\/\/agora.xtec.cat\/iespolinya\/wp-json\/wp\/v2\/media\/4128"}],"wp:attachment":[{"href":"https:\/\/agora.xtec.cat\/iespolinya\/wp-json\/wp\/v2\/media?parent=4120"}],"wp:term":[{"taxonomy":"category","embeddable":true,"href":"https:\/\/agora.xtec.cat\/iespolinya\/wp-json\/wp\/v2\/categories?post=4120"},{"taxonomy":"post_tag","embeddable":true,"href":"https:\/\/agora.xtec.cat\/iespolinya\/wp-json\/wp\/v2\/tags?post=4120"}],"curies":[{"name":"wp","href":"https:\/\/api.w.org\/{rel}","templated":true}]}}