{"id":3866,"date":"2020-02-03T08:00:17","date_gmt":"2020-02-03T07:00:17","guid":{"rendered":"http:\/\/agora.xtec.cat\/iespolinya\/?p=3866"},"modified":"2020-03-10T10:17:00","modified_gmt":"2020-03-10T09:17:00","slug":"visita-al-taller-alborada-de-mollet-del-valles","status":"publish","type":"post","link":"https:\/\/agora.xtec.cat\/iespolinya\/general\/visita-al-taller-alborada-de-mollet-del-valles\/","title":{"rendered":"VISITA AL TALLER ALBORADA, DE MOLLET DEL VALL\u00c8S"},"content":{"rendered":"<p><span style=\"font-size: large;\">Enguany, la recaptaci\u00f3 del nostre concert solidari anir\u00e0 adre\u00e7ada al\u00a0<\/span><span style=\"font-size: large;\"><a href=\"https:\/\/talleralborada.cat\/\" target=\"_blank\" rel=\"noopener noreferrer\">TALLER ALBORADA<\/a>, un centre especial de Treball, ubicat a Mollet, que es dedica a crear i mantenir llocs de treball per a persones amb discapacitat ps\u00edquica i a oferir-los serveis de suport personal i social. El taller desenvolupa activitats econ\u00f2miques d&#8217;impremta\u00a0r\u00e0pida, decoraci\u00f3 t\u00e8xtil, serigrafia plana, tampografia, retolaci\u00f3 i manipulats industrials, i t\u00e9 contractats uns 50 treballadors amb disminuci\u00f3 ps\u00edquica.<\/span><\/p>\n<p><span style=\"font-size: large;\">Un dels serveis m\u00e9s coneguts que ofereix \u00e9s l&#8217;elaboraci\u00f3 de les\u00a0<\/span><span style=\"font-size: large;\"><a href=\"https:\/\/donesdaigua.cat\/\" target=\"_blank\" rel=\"noopener noreferrer\">DONES D&#8217;AIGUA<\/a>, unes bell\u00edssimes nines fetes amb objectes reciclats, que en els darrers anys han esdevingut el regal que oferim a les persones a qui volem agrair alguna activitat realitzada conjuntament.<\/span><\/p>\n<p><span style=\"font-size: large;\">El passat divendres 31 de gener un grup d&#8217;alumnes de 3r ESO han pogut visitar les instal\u00b7lacions del taller: all\u00ed han pogut con\u00e8ixer els detalls de tot el proc\u00e9s de producci\u00f3 de les dones d&#8217;aigua, que hauran d&#8217;explicar als seus companys de nivell.\u00a0<\/span><\/p>\n<p><span style=\"font-size: large;\">Amb les instruccions rebudes, des de la mat\u00e8ria d&#8217;educaci\u00f3 visual i pl\u00e0stica els nois i noies de 3r ESO dissenyaran la dona d&#8217;aigua que representar\u00e0 l&#8217;institut. I aquesta ser\u00e0 la comanda que rebran els amics del taller Alborada amb la recaptaci\u00f3 del concert solidari.<\/span><\/p>\n<p><span style=\"font-size: large;\">Ben segur que la nostra dona d&#8217;aigua ser\u00e0 bell\u00edssima, com totes les que surten de les mans dels nostres amics del taller Alborada.<\/span><\/p>\n\r\n\t<div class=\"slideshow_container slideshow_container_style-light\" style=\" \" data-slideshow-id=\"3868\" data-style-name=\"style-light\" data-style-version=\"2.3.1\" >\r\n\r\n\t\t\t\t\t<div class=\"slideshow_loading_icon\"><\/div>\r\n\t\t\r\n\t\t<div class=\"slideshow_content\" style=\"display: none;\">\r\n\r\n\t\t\t<div class=\"slideshow_view\">\r\n\t\t\t\t<div class=\"slideshow_slide slideshow_slide_image\">\r\n\t\t\t\t\t\t\t\t\t\t\t<img src=\"https:\/\/agora.xtec.cat\/iespolinya\/wp-content\/uploads\/usu392\/2020\/02\/fullsizeoutput_bea.jpeg\" alt=\"fullsizeoutput_bea\" width=\"2530\" height=\"1663\" \/>\r\n\t\t\t\t\t\t\t\t\t\t<div class=\"slideshow_description_box slideshow_transparent\">\r\n\t\t\t\t\t\t<div class=\"slideshow_title\">fullsizeoutput_bea<\/div>\t\t\t\t\t\t\t\t\t\t\t<\/div>\r\n\t\t\t\t<\/div>\r\n\r\n\t\t\t\t\t\t<div style=\"clear: both;\"><\/div><\/div><div class=\"slideshow_view\">\r\n\t\t\t\t<div class=\"slideshow_slide slideshow_slide_image\">\r\n\t\t\t\t\t\t\t\t\t\t\t<img src=\"https:\/\/agora.xtec.cat\/iespolinya\/wp-content\/uploads\/usu392\/2020\/02\/fullsizeoutput_bf4.jpeg\" alt=\"fullsizeoutput_bf4\" width=\"1846\" height=\"1111\" \/>\r\n\t\t\t\t\t\t\t\t\t\t<div class=\"slideshow_description_box slideshow_transparent\">\r\n\t\t\t\t\t\t<div class=\"slideshow_title\">fullsizeoutput_bf4<\/div>\t\t\t\t\t\t\t\t\t\t\t<\/div>\r\n\t\t\t\t<\/div>\r\n\r\n\t\t\t\t\t\t<div style=\"clear: both;\"><\/div><\/div><div class=\"slideshow_view\">\r\n\t\t\t\t<div class=\"slideshow_slide slideshow_slide_image\">\r\n\t\t\t\t\t\t\t\t\t\t\t<img src=\"https:\/\/agora.xtec.cat\/iespolinya\/wp-content\/uploads\/usu392\/2020\/02\/TALLER-ALBORADA.jpg\" alt=\"TALLER ALBORADA\" width=\"851\" height=\"315\" \/>\r\n\t\t\t\t\t\t\t\t\t\t<div class=\"slideshow_description_box slideshow_transparent\">\r\n\t\t\t\t\t\t<div class=\"slideshow_title\">TALLER ALBORADA<\/div>\t\t\t\t\t\t\t\t\t\t\t<\/div>\r\n\t\t\t\t<\/div>\r\n\r\n\t\t\t\t\t\t<div style=\"clear: both;\"><\/div><\/div><div class=\"slideshow_view\">\r\n\t\t\t\t<div class=\"slideshow_slide slideshow_slide_image\">\r\n\t\t\t\t\t\t\t\t\t\t\t<img src=\"https:\/\/agora.xtec.cat\/iespolinya\/wp-content\/uploads\/usu392\/2020\/02\/fullsizeoutput_bf5.jpeg\" alt=\"fullsizeoutput_bf5\" width=\"1776\" height=\"1150\" \/>\r\n\t\t\t\t\t\t\t\t\t\t<div class=\"slideshow_description_box slideshow_transparent\">\r\n\t\t\t\t\t\t<div class=\"slideshow_title\">fullsizeoutput_bf5<\/div>\t\t\t\t\t\t\t\t\t\t\t<\/div>\r\n\t\t\t\t<\/div>\r\n\r\n\t\t\t\t\t\t<div style=\"clear: both;\"><\/div><\/div><div class=\"slideshow_view\">\r\n\t\t\t\t<div class=\"slideshow_slide slideshow_slide_image\">\r\n\t\t\t\t\t\t\t\t\t\t\t<img src=\"https:\/\/agora.xtec.cat\/iespolinya\/wp-content\/uploads\/usu392\/2020\/02\/fullsizeoutput_bf0.jpeg\" alt=\"fullsizeoutput_bf0\" width=\"1958\" height=\"818\" \/>\r\n\t\t\t\t\t\t\t\t\t\t<div class=\"slideshow_description_box slideshow_transparent\">\r\n\t\t\t\t\t\t<div class=\"slideshow_title\">fullsizeoutput_bf0<\/div>\t\t\t\t\t\t\t\t\t\t\t<\/div>\r\n\t\t\t\t<\/div>\r\n\r\n\t\t\t\t\t\t<div style=\"clear: both;\"><\/div><\/div><div class=\"slideshow_view\">\r\n\t\t\t\t<div class=\"slideshow_slide slideshow_slide_image\">\r\n\t\t\t\t\t\t\t\t\t\t\t<img src=\"https:\/\/agora.xtec.cat\/iespolinya\/wp-content\/uploads\/usu392\/2020\/02\/fullsizeoutput_bf2.jpeg\" alt=\"fullsizeoutput_bf2\" width=\"1979\" height=\"825\" \/>\r\n\t\t\t\t\t\t\t\t\t\t<div class=\"slideshow_description_box slideshow_transparent\">\r\n\t\t\t\t\t\t<div class=\"slideshow_title\">fullsizeoutput_bf2<\/div>\t\t\t\t\t\t\t\t\t\t\t<\/div>\r\n\t\t\t\t<\/div>\r\n\r\n\t\t\t\t\t\t<div style=\"clear: both;\"><\/div><\/div><div class=\"slideshow_view\">\r\n\t\t\t\t<div class=\"slideshow_slide slideshow_slide_image\">\r\n\t\t\t\t\t\t\t\t\t\t\t<img src=\"https:\/\/agora.xtec.cat\/iespolinya\/wp-content\/uploads\/usu392\/2020\/02\/fullsizeoutput_bf1.jpeg\" alt=\"fullsizeoutput_bf1\" width=\"1956\" height=\"768\" \/>\r\n\t\t\t\t\t\t\t\t\t\t<div class=\"slideshow_description_box slideshow_transparent\">\r\n\t\t\t\t\t\t<div class=\"slideshow_title\">fullsizeoutput_bf1<\/div>\t\t\t\t\t\t\t\t\t\t\t<\/div>\r\n\t\t\t\t<\/div>\r\n\r\n\t\t\t\t\t\t<div style=\"clear: both;\"><\/div><\/div>\r\n\t\t<\/div>\r\n\r\n\t\t<div class=\"slideshow_controlPanel slideshow_transparent\" style=\"display: none;\"><ul><li class=\"slideshow_togglePlay\" data-play-text=\"Visualitza\" data-pause-text=\"Pausa\"><\/li><\/ul><\/div>\r\n\r\n\t\t<div class=\"slideshow_button slideshow_previous slideshow_transparent\" role=\"button\" data-previous-text=\"Anterior\" style=\"display: none;\"><\/div>\r\n\t\t<div class=\"slideshow_button slideshow_next slideshow_transparent\" role=\"button\" data-next-text=\"Seg\u00fcent\" style=\"display: none;\"><\/div>\r\n\r\n\t\t<div class=\"slideshow_pagination\" style=\"display: none;\" data-go-to-text=\"V\u00e9s a la diapositiva\"><div class=\"slideshow_pagination_center\"><\/div><\/div>\r\n\r\n\t\t<!-- WordPress Slideshow Version 2.3.1 -->\r\n\r\n\t\t\t<\/div>\r\n\r\n\n<p>&nbsp;<\/p>\n","protected":false},"excerpt":{"rendered":"<p>Enguany, la recaptaci\u00f3 del nostre concert solidari anir\u00e0 adre\u00e7ada al\u00a0TALLER ALBORADA, un centre especial de Treball, ubicat a Mollet, que es dedica a crear i mantenir llocs de treball per a persones amb discapacitat ps\u00edquica i a oferir-los serveis de suport personal i social. El taller desenvolupa activitats econ\u00f2miques d&#8217;impremta\u00a0r\u00e0pida, decoraci\u00f3 t\u00e8xtil, serigrafia plana, tampografia, [&hellip;]<\/p>\n","protected":false},"author":1,"featured_media":3869,"comment_status":"open","ping_status":"closed","sticky":false,"template":"","format":"standard","meta":{"_bbp_topic_count":0,"_bbp_reply_count":0,"_bbp_total_topic_count":0,"_bbp_total_reply_count":0,"_bbp_voice_count":0,"_bbp_anonymous_reply_count":0,"_bbp_topic_count_hidden":0,"_bbp_reply_count_hidden":0,"_bbp_forum_subforum_count":0,"site-sidebar-layout":"default","site-content-layout":"","ast-site-content-layout":"","site-content-style":"default","site-sidebar-style":"default","ast-global-header-display":"","ast-banner-title-visibility":"","ast-main-header-display":"","ast-hfb-above-header-display":"","ast-hfb-below-header-display":"","ast-hfb-mobile-header-display":"","site-post-title":"","ast-breadcrumbs-content":"","ast-featured-img":"","footer-sml-layout":"","theme-transparent-header-meta":"","adv-header-id-meta":"","stick-header-meta":"","header-above-stick-meta":"","header-main-stick-meta":"","header-below-stick-meta":"","astra-migrate-meta-layouts":"default","ast-page-background-enabled":"default","ast-page-background-meta":{"desktop":{"background-color":"var(--ast-global-color-4)","background-image":"","background-repeat":"repeat","background-position":"center center","background-size":"auto","background-attachment":"scroll","background-type":"","background-media":"","overlay-type":"","overlay-color":"","overlay-opacity":"","overlay-gradient":""},"tablet":{"background-color":"","background-image":"","background-repeat":"repeat","background-position":"center center","background-size":"auto","background-attachment":"scroll","background-type":"","background-media":"","overlay-type":"","overlay-color":"","overlay-opacity":"","overlay-gradient":""},"mobile":{"background-color":"","background-image":"","background-repeat":"repeat","background-position":"center center","background-size":"auto","background-attachment":"scroll","background-type":"","background-media":"","overlay-type":"","overlay-color":"","overlay-opacity":"","overlay-gradient":""}},"ast-content-background-meta":{"desktop":{"background-color":"var(--ast-global-color-5)","background-image":"","background-repeat":"repeat","background-position":"center center","background-size":"auto","background-attachment":"scroll","background-type":"","background-media":"","overlay-type":"","overlay-color":"","overlay-opacity":"","overlay-gradient":""},"tablet":{"background-color":"var(--ast-global-color-5)","background-image":"","background-repeat":"repeat","background-position":"center center","background-size":"auto","background-attachment":"scroll","background-type":"","background-media":"","overlay-type":"","overlay-color":"","overlay-opacity":"","overlay-gradient":""},"mobile":{"background-color":"var(--ast-global-color-5)","background-image":"","background-repeat":"repeat","background-position":"center center","background-size":"auto","background-attachment":"scroll","background-type":"","background-media":"","overlay-type":"","overlay-color":"","overlay-opacity":"","overlay-gradient":""}},"footnotes":""},"categories":[1,29],"tags":[133,142,75,112],"class_list":["post-3866","post","type-post","status-publish","format-standard","has-post-thumbnail","hentry","category-general","category-portada","tag-aps","tag-concert-solidari","tag-plastica","tag-solidaritat"],"post_mailing_queue_ids":[],"_links":{"self":[{"href":"https:\/\/agora.xtec.cat\/iespolinya\/wp-json\/wp\/v2\/posts\/3866","targetHints":{"allow":["GET"]}}],"collection":[{"href":"https:\/\/agora.xtec.cat\/iespolinya\/wp-json\/wp\/v2\/posts"}],"about":[{"href":"https:\/\/agora.xtec.cat\/iespolinya\/wp-json\/wp\/v2\/types\/post"}],"author":[{"embeddable":true,"href":"https:\/\/agora.xtec.cat\/iespolinya\/wp-json\/wp\/v2\/users\/1"}],"replies":[{"embeddable":true,"href":"https:\/\/agora.xtec.cat\/iespolinya\/wp-json\/wp\/v2\/comments?post=3866"}],"version-history":[{"count":2,"href":"https:\/\/agora.xtec.cat\/iespolinya\/wp-json\/wp\/v2\/posts\/3866\/revisions"}],"predecessor-version":[{"id":3876,"href":"https:\/\/agora.xtec.cat\/iespolinya\/wp-json\/wp\/v2\/posts\/3866\/revisions\/3876"}],"wp:featuredmedia":[{"embeddable":true,"href":"https:\/\/agora.xtec.cat\/iespolinya\/wp-json\/wp\/v2\/media\/3869"}],"wp:attachment":[{"href":"https:\/\/agora.xtec.cat\/iespolinya\/wp-json\/wp\/v2\/media?parent=3866"}],"wp:term":[{"taxonomy":"category","embeddable":true,"href":"https:\/\/agora.xtec.cat\/iespolinya\/wp-json\/wp\/v2\/categories?post=3866"},{"taxonomy":"post_tag","embeddable":true,"href":"https:\/\/agora.xtec.cat\/iespolinya\/wp-json\/wp\/v2\/tags?post=3866"}],"curies":[{"name":"wp","href":"https:\/\/api.w.org\/{rel}","templated":true}]}}