{"id":3832,"date":"2020-01-23T08:00:38","date_gmt":"2020-01-23T07:00:38","guid":{"rendered":"http:\/\/agora.xtec.cat\/iespolinya\/?p=3832"},"modified":"2020-06-17T09:24:06","modified_gmt":"2020-06-17T07:24:06","slug":"servei-comunitari-al-ceip-roser-capdevila","status":"publish","type":"post","link":"https:\/\/agora.xtec.cat\/iespolinya\/general\/servei-comunitari-al-ceip-roser-capdevila\/","title":{"rendered":"SERVEI COMUNITARI AL CEIP ROSER CAPDEVILA"},"content":{"rendered":"<p><a href=\"https:\/\/agora.xtec.cat\/iespolinya\/wp-content\/uploads\/usu392\/2020\/01\/IMG-20191215-WA0130.jpg\"><img loading=\"lazy\" decoding=\"async\" class=\"wp-image-3833 alignleft\" src=\"https:\/\/agora.xtec.cat\/iespolinya\/wp-content\/uploads\/usu392\/2020\/01\/IMG-20191215-WA0130-1024x768.jpg\" alt=\"\" width=\"459\" height=\"344\" srcset=\"https:\/\/agora.xtec.cat\/iespolinya\/wp-content\/uploads\/usu392\/2020\/01\/IMG-20191215-WA0130.jpg 1024w, https:\/\/agora.xtec.cat\/iespolinya\/wp-content\/uploads\/usu392\/2020\/01\/IMG-20191215-WA0130-300x225.jpg 300w, https:\/\/agora.xtec.cat\/iespolinya\/wp-content\/uploads\/usu392\/2020\/01\/IMG-20191215-WA0130-768x576.jpg 768w, https:\/\/agora.xtec.cat\/iespolinya\/wp-content\/uploads\/usu392\/2020\/01\/IMG-20191215-WA0130-200x150.jpg 200w\" sizes=\"auto, (max-width: 459px) 100vw, 459px\" \/><\/a><\/p>\n<p>&nbsp;<\/p>\n<p>El passat mes de desembre tres alumnes de 3r ESO, l&#8217;Ada M, la Cl\u00e0udia C i l&#8217;Ariadna T han fet suport a la jornada de recerca del Ti\u00f3 que ha organitzat l&#8217;<a href=\"https:\/\/www.facebook.com\/amparosercapdevila\/\">AMPA de l&#8217;escola Roser Capdevila<\/a>.\u00a0 \u00a0Han ajudat les mares i pares de l&#8217;AMPA en l&#8217;organitzaci\u00f3 de l&#8217;activitat i han ajudat en els punts del recorregut que s&#8217;ha organitzat.<\/p>\n<p>Aquestes s\u00f3n les seves valoracions de la jornada: <em>Em va ser f\u00e0cil l&#8217;entrada, perqu\u00e8 coneixia alguns pares; Ho he passat molt b\u00e9 fent jugar els nens i no m&#8217;importaria repetir.<\/em><\/p>\n<p><em>M&#8217;he sentit molt ben acollida i he m&#8217;ha agradot molt veure com tothom s&#8217;ho passa tan b\u00e9.<\/em><\/p>\n<p><em>M&#8217;agrada molt estar amb gent que s&#8217;ho passa b\u00e9 i ho vaig passar molt b\u00e9 per l&#8217;ambient que es respira.<\/em><\/p>\n<p>Us felicitem per la bona feina i us agra\u00efm que estigueu disposades a repetir.<\/p>\n","protected":false},"excerpt":{"rendered":"<p>&nbsp; El passat mes de desembre tres alumnes de 3r ESO, l&#8217;Ada M, la Cl\u00e0udia C i l&#8217;Ariadna T han fet suport a la jornada de recerca del Ti\u00f3 que ha organitzat l&#8217;AMPA de l&#8217;escola Roser Capdevila.\u00a0 \u00a0Han ajudat les mares i pares de l&#8217;AMPA en l&#8217;organitzaci\u00f3 de l&#8217;activitat i han ajudat en els punts [&hellip;]<\/p>\n","protected":false},"author":1,"featured_media":3833,"comment_status":"open","ping_status":"closed","sticky":false,"template":"","format":"standard","meta":{"_bbp_topic_count":0,"_bbp_reply_count":0,"_bbp_total_topic_count":0,"_bbp_total_reply_count":0,"_bbp_voice_count":0,"_bbp_anonymous_reply_count":0,"_bbp_topic_count_hidden":0,"_bbp_reply_count_hidden":0,"_bbp_forum_subforum_count":0,"site-sidebar-layout":"default","site-content-layout":"","ast-site-content-layout":"","site-content-style":"default","site-sidebar-style":"default","ast-global-header-display":"","ast-banner-title-visibility":"","ast-main-header-display":"","ast-hfb-above-header-display":"","ast-hfb-below-header-display":"","ast-hfb-mobile-header-display":"","site-post-title":"","ast-breadcrumbs-content":"","ast-featured-img":"","footer-sml-layout":"","theme-transparent-header-meta":"","adv-header-id-meta":"","stick-header-meta":"","header-above-stick-meta":"","header-main-stick-meta":"","header-below-stick-meta":"","astra-migrate-meta-layouts":"default","ast-page-background-enabled":"default","ast-page-background-meta":{"desktop":{"background-color":"var(--ast-global-color-4)","background-image":"","background-repeat":"repeat","background-position":"center center","background-size":"auto","background-attachment":"scroll","background-type":"","background-media":"","overlay-type":"","overlay-color":"","overlay-opacity":"","overlay-gradient":""},"tablet":{"background-color":"","background-image":"","background-repeat":"repeat","background-position":"center center","background-size":"auto","background-attachment":"scroll","background-type":"","background-media":"","overlay-type":"","overlay-color":"","overlay-opacity":"","overlay-gradient":""},"mobile":{"background-color":"","background-image":"","background-repeat":"repeat","background-position":"center center","background-size":"auto","background-attachment":"scroll","background-type":"","background-media":"","overlay-type":"","overlay-color":"","overlay-opacity":"","overlay-gradient":""}},"ast-content-background-meta":{"desktop":{"background-color":"var(--ast-global-color-5)","background-image":"","background-repeat":"repeat","background-position":"center center","background-size":"auto","background-attachment":"scroll","background-type":"","background-media":"","overlay-type":"","overlay-color":"","overlay-opacity":"","overlay-gradient":""},"tablet":{"background-color":"var(--ast-global-color-5)","background-image":"","background-repeat":"repeat","background-position":"center center","background-size":"auto","background-attachment":"scroll","background-type":"","background-media":"","overlay-type":"","overlay-color":"","overlay-opacity":"","overlay-gradient":""},"mobile":{"background-color":"var(--ast-global-color-5)","background-image":"","background-repeat":"repeat","background-position":"center center","background-size":"auto","background-attachment":"scroll","background-type":"","background-media":"","overlay-type":"","overlay-color":"","overlay-opacity":"","overlay-gradient":""}},"footnotes":""},"categories":[1,29],"tags":[160],"class_list":["post-3832","post","type-post","status-publish","format-standard","has-post-thumbnail","hentry","category-general","category-portada","tag-servei-comunitari"],"post_mailing_queue_ids":[],"_links":{"self":[{"href":"https:\/\/agora.xtec.cat\/iespolinya\/wp-json\/wp\/v2\/posts\/3832","targetHints":{"allow":["GET"]}}],"collection":[{"href":"https:\/\/agora.xtec.cat\/iespolinya\/wp-json\/wp\/v2\/posts"}],"about":[{"href":"https:\/\/agora.xtec.cat\/iespolinya\/wp-json\/wp\/v2\/types\/post"}],"author":[{"embeddable":true,"href":"https:\/\/agora.xtec.cat\/iespolinya\/wp-json\/wp\/v2\/users\/1"}],"replies":[{"embeddable":true,"href":"https:\/\/agora.xtec.cat\/iespolinya\/wp-json\/wp\/v2\/comments?post=3832"}],"version-history":[{"count":1,"href":"https:\/\/agora.xtec.cat\/iespolinya\/wp-json\/wp\/v2\/posts\/3832\/revisions"}],"predecessor-version":[{"id":3834,"href":"https:\/\/agora.xtec.cat\/iespolinya\/wp-json\/wp\/v2\/posts\/3832\/revisions\/3834"}],"wp:featuredmedia":[{"embeddable":true,"href":"https:\/\/agora.xtec.cat\/iespolinya\/wp-json\/wp\/v2\/media\/3833"}],"wp:attachment":[{"href":"https:\/\/agora.xtec.cat\/iespolinya\/wp-json\/wp\/v2\/media?parent=3832"}],"wp:term":[{"taxonomy":"category","embeddable":true,"href":"https:\/\/agora.xtec.cat\/iespolinya\/wp-json\/wp\/v2\/categories?post=3832"},{"taxonomy":"post_tag","embeddable":true,"href":"https:\/\/agora.xtec.cat\/iespolinya\/wp-json\/wp\/v2\/tags?post=3832"}],"curies":[{"name":"wp","href":"https:\/\/api.w.org\/{rel}","templated":true}]}}