{"id":3719,"date":"2019-12-18T08:00:10","date_gmt":"2019-12-18T07:00:10","guid":{"rendered":"http:\/\/agora.xtec.cat\/iespolinya\/?p=3719"},"modified":"2020-01-07T18:09:51","modified_gmt":"2020-01-07T17:09:51","slug":"museu-de-ciencies-naturals-de-barcelona","status":"publish","type":"post","link":"https:\/\/agora.xtec.cat\/iespolinya\/general\/museu-de-ciencies-naturals-de-barcelona\/","title":{"rendered":"Museu de Ci\u00e8ncies Naturals\u00a0 de Barcelona"},"content":{"rendered":"<p class=\"gmail_default\">Els alumnes de primer d&#8217;ESO han visitat el Museu de Ci\u00e8ncies Naturals\u00a0 de Barcelona en aquests darrers dies.<\/p>\n<p class=\"gmail_default\">La sortida va n\u00e9ixer a partir d&#8217;una proposta de treball a l&#8217;aula en forma de projecte tot cercant informaci\u00f3 a internet sobre el Museu i els mitjans de transport p\u00fablics que ens caldrien agafar. Per acabar, calia calcular el preu final de la sortida, tasca que els alumnes van realitzar amb \u00e8xit.<\/p>\n<p class=\"gmail_default\">Un cop al Museu , els alumnes van\u00a0 realitzar el taller \u201cBusquem la vida\u201d, que ens servir\u00e0 per continuar construint coneixements de la mat\u00e8ria dins de l&#8217;aula. Com a cloenda del taller, els alumnes van haver de representar mitjan\u00e7ant una t\u00e8cnica art\u00edstica alguns dels conceptes que havien apr\u00e8s.<\/p>\n<div id='gallery-1' class='gallery galleryid-3719 gallery-columns-2 gallery-size-full'><figure class='gallery-item'>\n\t\t\t<div class='gallery-icon landscape'>\n\t\t\t\t<a href='https:\/\/agora.xtec.cat\/iespolinya\/general\/museu-de-ciencies-naturals-de-barcelona\/attachment\/img_20191121_091328_439\/'><img loading=\"lazy\" decoding=\"async\" width=\"1024\" height=\"576\" src=\"https:\/\/agora.xtec.cat\/iespolinya\/wp-content\/uploads\/usu392\/2019\/12\/IMG_20191121_091328_439.jpg\" class=\"attachment-full size-full\" alt=\"\" srcset=\"https:\/\/agora.xtec.cat\/iespolinya\/wp-content\/uploads\/usu392\/2019\/12\/IMG_20191121_091328_439.jpg 1024w, https:\/\/agora.xtec.cat\/iespolinya\/wp-content\/uploads\/usu392\/2019\/12\/IMG_20191121_091328_439-300x169.jpg 300w, https:\/\/agora.xtec.cat\/iespolinya\/wp-content\/uploads\/usu392\/2019\/12\/IMG_20191121_091328_439-768x432.jpg 768w\" sizes=\"auto, (max-width: 1024px) 100vw, 1024px\" \/><\/a>\n\t\t\t<\/div><\/figure><figure class='gallery-item'>\n\t\t\t<div class='gallery-icon landscape'>\n\t\t\t\t<a href='https:\/\/agora.xtec.cat\/iespolinya\/general\/museu-de-ciencies-naturals-de-barcelona\/attachment\/img_20191121_114302_853\/'><img loading=\"lazy\" decoding=\"async\" width=\"1024\" height=\"576\" src=\"https:\/\/agora.xtec.cat\/iespolinya\/wp-content\/uploads\/usu392\/2019\/12\/IMG_20191121_114302_853.jpg\" class=\"attachment-full size-full\" alt=\"\" srcset=\"https:\/\/agora.xtec.cat\/iespolinya\/wp-content\/uploads\/usu392\/2019\/12\/IMG_20191121_114302_853.jpg 1024w, https:\/\/agora.xtec.cat\/iespolinya\/wp-content\/uploads\/usu392\/2019\/12\/IMG_20191121_114302_853-300x169.jpg 300w, https:\/\/agora.xtec.cat\/iespolinya\/wp-content\/uploads\/usu392\/2019\/12\/IMG_20191121_114302_853-768x432.jpg 768w\" sizes=\"auto, (max-width: 1024px) 100vw, 1024px\" \/><\/a>\n\t\t\t<\/div><\/figure><figure class='gallery-item'>\n\t\t\t<div class='gallery-icon landscape'>\n\t\t\t\t<a href='https:\/\/agora.xtec.cat\/iespolinya\/general\/museu-de-ciencies-naturals-de-barcelona\/attachment\/img_20191121_114401_209\/'><img loading=\"lazy\" decoding=\"async\" width=\"1024\" height=\"576\" src=\"https:\/\/agora.xtec.cat\/iespolinya\/wp-content\/uploads\/usu392\/2019\/12\/IMG_20191121_114401_209.jpg\" class=\"attachment-full size-full\" alt=\"\" srcset=\"https:\/\/agora.xtec.cat\/iespolinya\/wp-content\/uploads\/usu392\/2019\/12\/IMG_20191121_114401_209.jpg 1024w, https:\/\/agora.xtec.cat\/iespolinya\/wp-content\/uploads\/usu392\/2019\/12\/IMG_20191121_114401_209-300x169.jpg 300w, https:\/\/agora.xtec.cat\/iespolinya\/wp-content\/uploads\/usu392\/2019\/12\/IMG_20191121_114401_209-768x432.jpg 768w\" sizes=\"auto, (max-width: 1024px) 100vw, 1024px\" \/><\/a>\n\t\t\t<\/div><\/figure><figure class='gallery-item'>\n\t\t\t<div class='gallery-icon landscape'>\n\t\t\t\t<a href='https:\/\/agora.xtec.cat\/iespolinya\/general\/museu-de-ciencies-naturals-de-barcelona\/attachment\/img_20191122_092857_250\/'><img loading=\"lazy\" decoding=\"async\" width=\"1024\" height=\"576\" src=\"https:\/\/agora.xtec.cat\/iespolinya\/wp-content\/uploads\/usu392\/2019\/12\/IMG_20191122_092857_250.jpg\" class=\"attachment-full size-full\" alt=\"\" srcset=\"https:\/\/agora.xtec.cat\/iespolinya\/wp-content\/uploads\/usu392\/2019\/12\/IMG_20191122_092857_250.jpg 1024w, https:\/\/agora.xtec.cat\/iespolinya\/wp-content\/uploads\/usu392\/2019\/12\/IMG_20191122_092857_250-300x169.jpg 300w, https:\/\/agora.xtec.cat\/iespolinya\/wp-content\/uploads\/usu392\/2019\/12\/IMG_20191122_092857_250-768x432.jpg 768w\" sizes=\"auto, (max-width: 1024px) 100vw, 1024px\" \/><\/a>\n\t\t\t<\/div><\/figure><figure class='gallery-item'>\n\t\t\t<div class='gallery-icon landscape'>\n\t\t\t\t<a href='https:\/\/agora.xtec.cat\/iespolinya\/general\/museu-de-ciencies-naturals-de-barcelona\/attachment\/img_20191128_091432_788\/'><img loading=\"lazy\" decoding=\"async\" width=\"1024\" height=\"576\" src=\"https:\/\/agora.xtec.cat\/iespolinya\/wp-content\/uploads\/usu392\/2019\/12\/IMG_20191128_091432_788.jpg\" class=\"attachment-full size-full\" alt=\"\" srcset=\"https:\/\/agora.xtec.cat\/iespolinya\/wp-content\/uploads\/usu392\/2019\/12\/IMG_20191128_091432_788.jpg 1024w, https:\/\/agora.xtec.cat\/iespolinya\/wp-content\/uploads\/usu392\/2019\/12\/IMG_20191128_091432_788-300x169.jpg 300w, https:\/\/agora.xtec.cat\/iespolinya\/wp-content\/uploads\/usu392\/2019\/12\/IMG_20191128_091432_788-768x432.jpg 768w\" sizes=\"auto, (max-width: 1024px) 100vw, 1024px\" \/><\/a>\n\t\t\t<\/div><\/figure>\n\t\t<\/div>\n\n","protected":false},"excerpt":{"rendered":"<p>Els alumnes de primer d&#8217;ESO han visitat el Museu de Ci\u00e8ncies Naturals\u00a0 de Barcelona en aquests darrers dies. La sortida va n\u00e9ixer a partir d&#8217;una proposta de treball a l&#8217;aula en forma de projecte tot cercant informaci\u00f3 a internet sobre el Museu i els mitjans de transport p\u00fablics que ens caldrien agafar. Per acabar, calia [&hellip;]<\/p>\n","protected":false},"author":1,"featured_media":3725,"comment_status":"open","ping_status":"closed","sticky":false,"template":"","format":"standard","meta":{"_bbp_topic_count":0,"_bbp_reply_count":0,"_bbp_total_topic_count":0,"_bbp_total_reply_count":0,"_bbp_voice_count":0,"_bbp_anonymous_reply_count":0,"_bbp_topic_count_hidden":0,"_bbp_reply_count_hidden":0,"_bbp_forum_subforum_count":0,"site-sidebar-layout":"default","site-content-layout":"","ast-site-content-layout":"","site-content-style":"default","site-sidebar-style":"default","ast-global-header-display":"","ast-banner-title-visibility":"","ast-main-header-display":"","ast-hfb-above-header-display":"","ast-hfb-below-header-display":"","ast-hfb-mobile-header-display":"","site-post-title":"","ast-breadcrumbs-content":"","ast-featured-img":"","footer-sml-layout":"","theme-transparent-header-meta":"","adv-header-id-meta":"","stick-header-meta":"","header-above-stick-meta":"","header-main-stick-meta":"","header-below-stick-meta":"","astra-migrate-meta-layouts":"default","ast-page-background-enabled":"default","ast-page-background-meta":{"desktop":{"background-color":"var(--ast-global-color-4)","background-image":"","background-repeat":"repeat","background-position":"center center","background-size":"auto","background-attachment":"scroll","background-type":"","background-media":"","overlay-type":"","overlay-color":"","overlay-opacity":"","overlay-gradient":""},"tablet":{"background-color":"","background-image":"","background-repeat":"repeat","background-position":"center center","background-size":"auto","background-attachment":"scroll","background-type":"","background-media":"","overlay-type":"","overlay-color":"","overlay-opacity":"","overlay-gradient":""},"mobile":{"background-color":"","background-image":"","background-repeat":"repeat","background-position":"center center","background-size":"auto","background-attachment":"scroll","background-type":"","background-media":"","overlay-type":"","overlay-color":"","overlay-opacity":"","overlay-gradient":""}},"ast-content-background-meta":{"desktop":{"background-color":"var(--ast-global-color-5)","background-image":"","background-repeat":"repeat","background-position":"center center","background-size":"auto","background-attachment":"scroll","background-type":"","background-media":"","overlay-type":"","overlay-color":"","overlay-opacity":"","overlay-gradient":""},"tablet":{"background-color":"var(--ast-global-color-5)","background-image":"","background-repeat":"repeat","background-position":"center center","background-size":"auto","background-attachment":"scroll","background-type":"","background-media":"","overlay-type":"","overlay-color":"","overlay-opacity":"","overlay-gradient":""},"mobile":{"background-color":"var(--ast-global-color-5)","background-image":"","background-repeat":"repeat","background-position":"center center","background-size":"auto","background-attachment":"scroll","background-type":"","background-media":"","overlay-type":"","overlay-color":"","overlay-opacity":"","overlay-gradient":""}},"footnotes":""},"categories":[1,29],"tags":[136],"class_list":["post-3719","post","type-post","status-publish","format-standard","has-post-thumbnail","hentry","category-general","category-portada","tag-ciencies"],"post_mailing_queue_ids":[],"_links":{"self":[{"href":"https:\/\/agora.xtec.cat\/iespolinya\/wp-json\/wp\/v2\/posts\/3719","targetHints":{"allow":["GET"]}}],"collection":[{"href":"https:\/\/agora.xtec.cat\/iespolinya\/wp-json\/wp\/v2\/posts"}],"about":[{"href":"https:\/\/agora.xtec.cat\/iespolinya\/wp-json\/wp\/v2\/types\/post"}],"author":[{"embeddable":true,"href":"https:\/\/agora.xtec.cat\/iespolinya\/wp-json\/wp\/v2\/users\/1"}],"replies":[{"embeddable":true,"href":"https:\/\/agora.xtec.cat\/iespolinya\/wp-json\/wp\/v2\/comments?post=3719"}],"version-history":[{"count":2,"href":"https:\/\/agora.xtec.cat\/iespolinya\/wp-json\/wp\/v2\/posts\/3719\/revisions"}],"predecessor-version":[{"id":3726,"href":"https:\/\/agora.xtec.cat\/iespolinya\/wp-json\/wp\/v2\/posts\/3719\/revisions\/3726"}],"wp:featuredmedia":[{"embeddable":true,"href":"https:\/\/agora.xtec.cat\/iespolinya\/wp-json\/wp\/v2\/media\/3725"}],"wp:attachment":[{"href":"https:\/\/agora.xtec.cat\/iespolinya\/wp-json\/wp\/v2\/media?parent=3719"}],"wp:term":[{"taxonomy":"category","embeddable":true,"href":"https:\/\/agora.xtec.cat\/iespolinya\/wp-json\/wp\/v2\/categories?post=3719"},{"taxonomy":"post_tag","embeddable":true,"href":"https:\/\/agora.xtec.cat\/iespolinya\/wp-json\/wp\/v2\/tags?post=3719"}],"curies":[{"name":"wp","href":"https:\/\/api.w.org\/{rel}","templated":true}]}}