{"id":3619,"date":"2019-11-25T10:34:16","date_gmt":"2019-11-25T09:34:16","guid":{"rendered":"http:\/\/agora.xtec.cat\/iespolinya\/?p=3619"},"modified":"2020-06-17T09:24:51","modified_gmt":"2020-06-17T07:24:51","slug":"jornades-de-patrimoni-2019","status":"publish","type":"post","link":"https:\/\/agora.xtec.cat\/iespolinya\/general\/jornades-de-patrimoni-2019\/","title":{"rendered":"JORNADES DE PATRIMONI 2019"},"content":{"rendered":"<p>Novament, c<a href=\"https:\/\/agora.xtec.cat\/iespolinya\/general\/jornades-europees-de-patrimoni\/\" target=\"_blank\" rel=\"noopener noreferrer\" data-saferedirecturl=\"https:\/\/www.google.com\/url?q=https:\/\/agora.xtec.cat\/iespolinya\/general\/jornades-europees-de-patrimoni\/&amp;source=gmail&amp;ust=1574147017190000&amp;usg=AFQjCNEt-AKcypK1ROOq_iQUj1giDbUddw\">om ja venim fent des del 2015<\/a>, l&#8217;institut participa a les Jornades Europees de Patrimoni que organitza el<\/p>\n<p>municipi, amb la difusi\u00f3 d&#8217;activitats vinculades amb el patrimoni local que fem al centre.<\/p>\n<p style=\"text-align: justify;\">Enguany, un grup d&#8217;alumnes de 3r han acompanyat alumnes de 5\u00e8 de prim\u00e0ria de l&#8217;escola Pere Calders<\/p>\n<p style=\"text-align: justify;\">en el taller\u00a0<a href=\"https:\/\/agora.xtec.cat\/iespolinya\/general\/pintem-el-romanic-amb-els-alumnes-de-primaria\/\" target=\"_blank\" rel=\"noopener noreferrer\" data-saferedirecturl=\"https:\/\/www.google.com\/url?q=https:\/\/agora.xtec.cat\/iespolinya\/general\/pintem-el-romanic-amb-els-alumnes-de-primaria\/&amp;source=gmail&amp;ust=1574147017190000&amp;usg=AFQjCNHSqGmzZcLLsmhp5NVZNT3vtUjenw\">PINTEM EL ROM\u00c0NIC<\/a>, que organitzem a l&#8217;entrada de la rectoria de Sant Salvador, gr\u00e0cies<\/p>\n<p style=\"text-align: justify;\">a la complicitat d&#8217;Al\u00edcia Garcia, de l&#8217;arxiu municipal, i a la paci\u00e8ncia dels moss\u00e8ns\u00a0 Mario i Javier.<\/p>\n<p style=\"text-align: justify;\">A m\u00e9s, l&#8217;alumna Marina Moreno de 4t d&#8217;ESO ha participat a les confer\u00e8ncies que s&#8217;han celebrat al<\/p>\n<p style=\"text-align: justify;\">Roure per commemorar la jornada. La seva pon\u00e8ncia\u00a0<a href=\"https:\/\/docs.google.com\/presentation\/d\/1yqnjlT7jve56wGy1seXk6nTCLCTI2ipPn0MOaW4TeNA\/edit?usp=sharing\" target=\"_blank\" rel=\"noopener noreferrer\" data-saferedirecturl=\"https:\/\/www.google.com\/url?q=https:\/\/docs.google.com\/presentation\/d\/1yqnjlT7jve56wGy1seXk6nTCLCTI2ipPn0MOaW4TeNA\/edit?usp%3Dsharing&amp;source=gmail&amp;ust=1574147017190000&amp;usg=AFQjCNEHEZxgmTgIKJ-SHOjj0uZW8Sn3Sw\">FEM APRENENTATGE SERVEI AMB EL <\/a><\/p>\n<p style=\"text-align: justify;\"><a href=\"https:\/\/docs.google.com\/presentation\/d\/1yqnjlT7jve56wGy1seXk6nTCLCTI2ipPn0MOaW4TeNA\/edit?usp=sharing\" target=\"_blank\" rel=\"noopener noreferrer\" data-saferedirecturl=\"https:\/\/www.google.com\/url?q=https:\/\/docs.google.com\/presentation\/d\/1yqnjlT7jve56wGy1seXk6nTCLCTI2ipPn0MOaW4TeNA\/edit?usp%3Dsharing&amp;source=gmail&amp;ust=1574147017190000&amp;usg=AFQjCNEHEZxgmTgIKJ-SHOjj0uZW8Sn3Sw\">PATRIMONI MUNICIPAL<\/a>\u00a0ha estat seguida amb molt d&#8217;inter\u00e8s pel p\u00fablic assistent.<\/p>\n<p style=\"text-align: justify;\">Gr\u00e0cies Marina!<\/p>\n<div><\/div>\n<div><\/div>\n<div>\n<div id='gallery-1' class='gallery galleryid-3619 gallery-columns-3 gallery-size-large'><figure class='gallery-item'>\n\t\t\t<div class='gallery-icon portrait'>\n\t\t\t\t<a href='https:\/\/agora.xtec.cat\/iespolinya\/general\/jornades-de-patrimoni-2019\/attachment\/photo-2019-11-20-06-18-18\/'><img loading=\"lazy\" decoding=\"async\" width=\"768\" height=\"1024\" src=\"https:\/\/agora.xtec.cat\/iespolinya\/wp-content\/uploads\/usu392\/2019\/11\/PHOTO-2019-11-20-06-18-18-768x1024.jpg\" class=\"attachment-large size-large\" alt=\"\" srcset=\"https:\/\/agora.xtec.cat\/iespolinya\/wp-content\/uploads\/usu392\/2019\/11\/PHOTO-2019-11-20-06-18-18-768x1024.jpg 768w, https:\/\/agora.xtec.cat\/iespolinya\/wp-content\/uploads\/usu392\/2019\/11\/PHOTO-2019-11-20-06-18-18-225x300.jpg 225w, https:\/\/agora.xtec.cat\/iespolinya\/wp-content\/uploads\/usu392\/2019\/11\/PHOTO-2019-11-20-06-18-18.jpg 1536w\" sizes=\"auto, (max-width: 768px) 100vw, 768px\" \/><\/a>\n\t\t\t<\/div><\/figure><figure class='gallery-item'>\n\t\t\t<div class='gallery-icon portrait'>\n\t\t\t\t<a href='https:\/\/agora.xtec.cat\/iespolinya\/general\/jornades-de-patrimoni-2019\/attachment\/photo-2019-11-20-06-18-48\/'><img loading=\"lazy\" decoding=\"async\" width=\"768\" height=\"1024\" src=\"https:\/\/agora.xtec.cat\/iespolinya\/wp-content\/uploads\/usu392\/2019\/11\/PHOTO-2019-11-20-06-18-48-768x1024.jpg\" class=\"attachment-large size-large\" alt=\"\" srcset=\"https:\/\/agora.xtec.cat\/iespolinya\/wp-content\/uploads\/usu392\/2019\/11\/PHOTO-2019-11-20-06-18-48-768x1024.jpg 768w, https:\/\/agora.xtec.cat\/iespolinya\/wp-content\/uploads\/usu392\/2019\/11\/PHOTO-2019-11-20-06-18-48-225x300.jpg 225w, https:\/\/agora.xtec.cat\/iespolinya\/wp-content\/uploads\/usu392\/2019\/11\/PHOTO-2019-11-20-06-18-48.jpg 1536w\" sizes=\"auto, (max-width: 768px) 100vw, 768px\" \/><\/a>\n\t\t\t<\/div><\/figure><figure class='gallery-item'>\n\t\t\t<div class='gallery-icon portrait'>\n\t\t\t\t<a href='https:\/\/agora.xtec.cat\/iespolinya\/general\/jornades-de-patrimoni-2019\/attachment\/photo-2019-11-20-06-19-08\/'><img loading=\"lazy\" decoding=\"async\" width=\"768\" height=\"1024\" src=\"https:\/\/agora.xtec.cat\/iespolinya\/wp-content\/uploads\/usu392\/2019\/11\/PHOTO-2019-11-20-06-19-08-768x1024.jpg\" class=\"attachment-large size-large\" alt=\"\" srcset=\"https:\/\/agora.xtec.cat\/iespolinya\/wp-content\/uploads\/usu392\/2019\/11\/PHOTO-2019-11-20-06-19-08-768x1024.jpg 768w, https:\/\/agora.xtec.cat\/iespolinya\/wp-content\/uploads\/usu392\/2019\/11\/PHOTO-2019-11-20-06-19-08-225x300.jpg 225w, https:\/\/agora.xtec.cat\/iespolinya\/wp-content\/uploads\/usu392\/2019\/11\/PHOTO-2019-11-20-06-19-08.jpg 1536w\" sizes=\"auto, (max-width: 768px) 100vw, 768px\" \/><\/a>\n\t\t\t<\/div><\/figure><figure class='gallery-item'>\n\t\t\t<div class='gallery-icon portrait'>\n\t\t\t\t<a href='https:\/\/agora.xtec.cat\/iespolinya\/general\/jornades-de-patrimoni-2019\/attachment\/photo-2019-11-20-06-19-22\/'><img loading=\"lazy\" decoding=\"async\" width=\"768\" height=\"1024\" src=\"https:\/\/agora.xtec.cat\/iespolinya\/wp-content\/uploads\/usu392\/2019\/11\/PHOTO-2019-11-20-06-19-22-768x1024.jpg\" class=\"attachment-large size-large\" alt=\"\" srcset=\"https:\/\/agora.xtec.cat\/iespolinya\/wp-content\/uploads\/usu392\/2019\/11\/PHOTO-2019-11-20-06-19-22-768x1024.jpg 768w, https:\/\/agora.xtec.cat\/iespolinya\/wp-content\/uploads\/usu392\/2019\/11\/PHOTO-2019-11-20-06-19-22-225x300.jpg 225w, https:\/\/agora.xtec.cat\/iespolinya\/wp-content\/uploads\/usu392\/2019\/11\/PHOTO-2019-11-20-06-19-22.jpg 1536w\" sizes=\"auto, (max-width: 768px) 100vw, 768px\" \/><\/a>\n\t\t\t<\/div><\/figure><figure class='gallery-item'>\n\t\t\t<div class='gallery-icon portrait'>\n\t\t\t\t<a href='https:\/\/agora.xtec.cat\/iespolinya\/general\/jornades-de-patrimoni-2019\/attachment\/photo-2019-11-20-06-19-39\/'><img loading=\"lazy\" decoding=\"async\" width=\"768\" height=\"1024\" src=\"https:\/\/agora.xtec.cat\/iespolinya\/wp-content\/uploads\/usu392\/2019\/11\/PHOTO-2019-11-20-06-19-39-768x1024.jpg\" class=\"attachment-large size-large\" alt=\"\" srcset=\"https:\/\/agora.xtec.cat\/iespolinya\/wp-content\/uploads\/usu392\/2019\/11\/PHOTO-2019-11-20-06-19-39-768x1024.jpg 768w, https:\/\/agora.xtec.cat\/iespolinya\/wp-content\/uploads\/usu392\/2019\/11\/PHOTO-2019-11-20-06-19-39-225x300.jpg 225w, https:\/\/agora.xtec.cat\/iespolinya\/wp-content\/uploads\/usu392\/2019\/11\/PHOTO-2019-11-20-06-19-39.jpg 1536w\" sizes=\"auto, (max-width: 768px) 100vw, 768px\" \/><\/a>\n\t\t\t<\/div><\/figure><figure class='gallery-item'>\n\t\t\t<div class='gallery-icon landscape'>\n\t\t\t\t<a href='https:\/\/agora.xtec.cat\/iespolinya\/general\/jornades-de-patrimoni-2019\/attachment\/photo-2019-11-20-06-19-58\/'><img loading=\"lazy\" decoding=\"async\" width=\"1024\" height=\"768\" src=\"https:\/\/agora.xtec.cat\/iespolinya\/wp-content\/uploads\/usu392\/2019\/11\/PHOTO-2019-11-20-06-19-58-1024x768.jpg\" class=\"attachment-large size-large\" alt=\"\" srcset=\"https:\/\/agora.xtec.cat\/iespolinya\/wp-content\/uploads\/usu392\/2019\/11\/PHOTO-2019-11-20-06-19-58-1024x768.jpg 1024w, https:\/\/agora.xtec.cat\/iespolinya\/wp-content\/uploads\/usu392\/2019\/11\/PHOTO-2019-11-20-06-19-58-300x225.jpg 300w, https:\/\/agora.xtec.cat\/iespolinya\/wp-content\/uploads\/usu392\/2019\/11\/PHOTO-2019-11-20-06-19-58-768x576.jpg 768w, https:\/\/agora.xtec.cat\/iespolinya\/wp-content\/uploads\/usu392\/2019\/11\/PHOTO-2019-11-20-06-19-58-200x150.jpg 200w, https:\/\/agora.xtec.cat\/iespolinya\/wp-content\/uploads\/usu392\/2019\/11\/PHOTO-2019-11-20-06-19-58.jpg 2048w\" sizes=\"auto, (max-width: 1024px) 100vw, 1024px\" \/><\/a>\n\t\t\t<\/div><\/figure>\n\t\t<\/div>\n\n<\/div>\n","protected":false},"excerpt":{"rendered":"<p>Novament, com ja venim fent des del 2015, l&#8217;institut participa a les Jornades Europees de Patrimoni que organitza el municipi, amb la difusi\u00f3 d&#8217;activitats vinculades amb el patrimoni local que fem al centre. Enguany, un grup d&#8217;alumnes de 3r han acompanyat alumnes de 5\u00e8 de prim\u00e0ria de l&#8217;escola Pere Calders en el taller\u00a0PINTEM EL ROM\u00c0NIC, [&hellip;]<\/p>\n","protected":false},"author":1,"featured_media":3622,"comment_status":"open","ping_status":"closed","sticky":false,"template":"","format":"standard","meta":{"_bbp_topic_count":0,"_bbp_reply_count":0,"_bbp_total_topic_count":0,"_bbp_total_reply_count":0,"_bbp_voice_count":0,"_bbp_anonymous_reply_count":0,"_bbp_topic_count_hidden":0,"_bbp_reply_count_hidden":0,"_bbp_forum_subforum_count":0,"site-sidebar-layout":"default","site-content-layout":"","ast-site-content-layout":"","site-content-style":"default","site-sidebar-style":"default","ast-global-header-display":"","ast-banner-title-visibility":"","ast-main-header-display":"","ast-hfb-above-header-display":"","ast-hfb-below-header-display":"","ast-hfb-mobile-header-display":"","site-post-title":"","ast-breadcrumbs-content":"","ast-featured-img":"","footer-sml-layout":"","theme-transparent-header-meta":"","adv-header-id-meta":"","stick-header-meta":"","header-above-stick-meta":"","header-main-stick-meta":"","header-below-stick-meta":"","astra-migrate-meta-layouts":"default","ast-page-background-enabled":"default","ast-page-background-meta":{"desktop":{"background-color":"var(--ast-global-color-4)","background-image":"","background-repeat":"repeat","background-position":"center center","background-size":"auto","background-attachment":"scroll","background-type":"","background-media":"","overlay-type":"","overlay-color":"","overlay-opacity":"","overlay-gradient":""},"tablet":{"background-color":"","background-image":"","background-repeat":"repeat","background-position":"center center","background-size":"auto","background-attachment":"scroll","background-type":"","background-media":"","overlay-type":"","overlay-color":"","overlay-opacity":"","overlay-gradient":""},"mobile":{"background-color":"","background-image":"","background-repeat":"repeat","background-position":"center center","background-size":"auto","background-attachment":"scroll","background-type":"","background-media":"","overlay-type":"","overlay-color":"","overlay-opacity":"","overlay-gradient":""}},"ast-content-background-meta":{"desktop":{"background-color":"var(--ast-global-color-5)","background-image":"","background-repeat":"repeat","background-position":"center center","background-size":"auto","background-attachment":"scroll","background-type":"","background-media":"","overlay-type":"","overlay-color":"","overlay-opacity":"","overlay-gradient":""},"tablet":{"background-color":"var(--ast-global-color-5)","background-image":"","background-repeat":"repeat","background-position":"center center","background-size":"auto","background-attachment":"scroll","background-type":"","background-media":"","overlay-type":"","overlay-color":"","overlay-opacity":"","overlay-gradient":""},"mobile":{"background-color":"var(--ast-global-color-5)","background-image":"","background-repeat":"repeat","background-position":"center center","background-size":"auto","background-attachment":"scroll","background-type":"","background-media":"","overlay-type":"","overlay-color":"","overlay-opacity":"","overlay-gradient":""}},"footnotes":""},"categories":[175,1,29],"tags":[133,75,124,111,160,74],"class_list":["post-3619","post","type-post","status-publish","format-standard","has-post-thumbnail","hentry","category-patrimoni","category-general","category-portada","tag-aps","tag-plastica","tag-patrimoni","tag-polinya","tag-servei-comunitari","tag-socials"],"post_mailing_queue_ids":[],"_links":{"self":[{"href":"https:\/\/agora.xtec.cat\/iespolinya\/wp-json\/wp\/v2\/posts\/3619","targetHints":{"allow":["GET"]}}],"collection":[{"href":"https:\/\/agora.xtec.cat\/iespolinya\/wp-json\/wp\/v2\/posts"}],"about":[{"href":"https:\/\/agora.xtec.cat\/iespolinya\/wp-json\/wp\/v2\/types\/post"}],"author":[{"embeddable":true,"href":"https:\/\/agora.xtec.cat\/iespolinya\/wp-json\/wp\/v2\/users\/1"}],"replies":[{"embeddable":true,"href":"https:\/\/agora.xtec.cat\/iespolinya\/wp-json\/wp\/v2\/comments?post=3619"}],"version-history":[{"count":3,"href":"https:\/\/agora.xtec.cat\/iespolinya\/wp-json\/wp\/v2\/posts\/3619\/revisions"}],"predecessor-version":[{"id":3706,"href":"https:\/\/agora.xtec.cat\/iespolinya\/wp-json\/wp\/v2\/posts\/3619\/revisions\/3706"}],"wp:featuredmedia":[{"embeddable":true,"href":"https:\/\/agora.xtec.cat\/iespolinya\/wp-json\/wp\/v2\/media\/3622"}],"wp:attachment":[{"href":"https:\/\/agora.xtec.cat\/iespolinya\/wp-json\/wp\/v2\/media?parent=3619"}],"wp:term":[{"taxonomy":"category","embeddable":true,"href":"https:\/\/agora.xtec.cat\/iespolinya\/wp-json\/wp\/v2\/categories?post=3619"},{"taxonomy":"post_tag","embeddable":true,"href":"https:\/\/agora.xtec.cat\/iespolinya\/wp-json\/wp\/v2\/tags?post=3619"}],"curies":[{"name":"wp","href":"https:\/\/api.w.org\/{rel}","templated":true}]}}