{"id":3233,"date":"2019-06-07T08:00:40","date_gmt":"2019-06-07T06:00:40","guid":{"rendered":"http:\/\/agora.xtec.cat\/iespolinya\/?p=3233"},"modified":"2020-01-07T18:16:01","modified_gmt":"2020-01-07T17:16:01","slug":"gimcamatica-2","status":"publish","type":"post","link":"https:\/\/agora.xtec.cat\/iespolinya\/general\/gimcamatica-2\/","title":{"rendered":"GIMCAM\u00c0TICA"},"content":{"rendered":"<p>El passat 21 de maig els alumnes de 1r d\u2019ESO van celebrar a la Pla\u00e7a de la Vila la tradicional Gimcam\u00e0tica. Junt amb els alumnes de 6\u00e8 de prim\u00e0ria del Roser Capdevila i del Pere Calders van \u00a0gaudir d\u2019un mat\u00ed ple de matem\u00e0tiques compartint les diferents gimcanes que havien elaborat ells mateixos.<\/p>\n<p>A l\u2019institut, la resta de nivells d\u2019ESO tamb\u00e9 van celebrar el dia de les matem\u00e0tiques amb activitats diverses:<\/p>\n<p>&#8211; Els alumnes de 2n d\u2019ESO van treballar la Geometria d\u2019una forma divertida, fent uns hexaflex\u00e0gons i uns panels m\u00e0gics molt sorprenents.<\/p>\n<p>&#8211; Els alumnes de 3r d&#8217;ESO van tractar a partir d&#8217;experiments i construccions certes aproximacions al desenvolupament pla de l&#8217;esfera a partir de les que se&#8217;n fan del globus terraq\u00fci (tot relacionant-ho amb les CS). A m\u00e9s a m\u00e9s, van fer un tastet de geometria esf\u00e8rica (no Eucl\u00eddea).<\/p>\n<p>&#8211; Cada grup classe de 4t d&#8217;ESO va realitzar un mural d&#8217;un Arbre Pitag\u00f2ric. Mitjan\u00e7ant un treball col\u00b7laboratiu, els alumnes es van gestionar per poder crear el mural. L&#8217;Arbre Pitag\u00f2ric \u00e9s un fractal (objecte matem\u00e0tic que repeteix una mateixa estructura a diferents escales) que es basa en el Teorema de Pit\u00e0gores.<\/p>\n<p>Un any m\u00e9s ho vam passar molt b\u00e9 i els alumnes ho van fer genial. Els felicitem a tots i totes per la feina tan ben feta i les ganes que hi van posar.<\/p>\n<p>https:\/\/youtu.be\/bebTAQUs4m0<\/p>\n","protected":false},"excerpt":{"rendered":"<p>El passat 21 de maig els alumnes de 1r d\u2019ESO van celebrar a la Pla\u00e7a de la Vila la tradicional Gimcam\u00e0tica. Junt amb els alumnes de 6\u00e8 de prim\u00e0ria del Roser Capdevila i del Pere Calders van \u00a0gaudir d\u2019un mat\u00ed ple de matem\u00e0tiques compartint les diferents gimcanes que havien elaborat ells mateixos. A l\u2019institut, la [&hellip;]<\/p>\n","protected":false},"author":1,"featured_media":3250,"comment_status":"open","ping_status":"closed","sticky":false,"template":"","format":"standard","meta":{"_bbp_topic_count":0,"_bbp_reply_count":0,"_bbp_total_topic_count":0,"_bbp_total_reply_count":0,"_bbp_voice_count":0,"_bbp_anonymous_reply_count":0,"_bbp_topic_count_hidden":0,"_bbp_reply_count_hidden":0,"_bbp_forum_subforum_count":0,"site-sidebar-layout":"default","site-content-layout":"","ast-site-content-layout":"","site-content-style":"default","site-sidebar-style":"default","ast-global-header-display":"","ast-banner-title-visibility":"","ast-main-header-display":"","ast-hfb-above-header-display":"","ast-hfb-below-header-display":"","ast-hfb-mobile-header-display":"","site-post-title":"","ast-breadcrumbs-content":"","ast-featured-img":"","footer-sml-layout":"","theme-transparent-header-meta":"","adv-header-id-meta":"","stick-header-meta":"","header-above-stick-meta":"","header-main-stick-meta":"","header-below-stick-meta":"","astra-migrate-meta-layouts":"default","ast-page-background-enabled":"default","ast-page-background-meta":{"desktop":{"background-color":"var(--ast-global-color-4)","background-image":"","background-repeat":"repeat","background-position":"center center","background-size":"auto","background-attachment":"scroll","background-type":"","background-media":"","overlay-type":"","overlay-color":"","overlay-opacity":"","overlay-gradient":""},"tablet":{"background-color":"","background-image":"","background-repeat":"repeat","background-position":"center center","background-size":"auto","background-attachment":"scroll","background-type":"","background-media":"","overlay-type":"","overlay-color":"","overlay-opacity":"","overlay-gradient":""},"mobile":{"background-color":"","background-image":"","background-repeat":"repeat","background-position":"center center","background-size":"auto","background-attachment":"scroll","background-type":"","background-media":"","overlay-type":"","overlay-color":"","overlay-opacity":"","overlay-gradient":""}},"ast-content-background-meta":{"desktop":{"background-color":"var(--ast-global-color-5)","background-image":"","background-repeat":"repeat","background-position":"center center","background-size":"auto","background-attachment":"scroll","background-type":"","background-media":"","overlay-type":"","overlay-color":"","overlay-opacity":"","overlay-gradient":""},"tablet":{"background-color":"var(--ast-global-color-5)","background-image":"","background-repeat":"repeat","background-position":"center center","background-size":"auto","background-attachment":"scroll","background-type":"","background-media":"","overlay-type":"","overlay-color":"","overlay-opacity":"","overlay-gradient":""},"mobile":{"background-color":"var(--ast-global-color-5)","background-image":"","background-repeat":"repeat","background-position":"center center","background-size":"auto","background-attachment":"scroll","background-type":"","background-media":"","overlay-type":"","overlay-color":"","overlay-opacity":"","overlay-gradient":""}},"footnotes":""},"categories":[1,29],"tags":[41],"class_list":["post-3233","post","type-post","status-publish","format-standard","has-post-thumbnail","hentry","category-general","category-portada","tag-matematiques"],"post_mailing_queue_ids":[],"_links":{"self":[{"href":"https:\/\/agora.xtec.cat\/iespolinya\/wp-json\/wp\/v2\/posts\/3233","targetHints":{"allow":["GET"]}}],"collection":[{"href":"https:\/\/agora.xtec.cat\/iespolinya\/wp-json\/wp\/v2\/posts"}],"about":[{"href":"https:\/\/agora.xtec.cat\/iespolinya\/wp-json\/wp\/v2\/types\/post"}],"author":[{"embeddable":true,"href":"https:\/\/agora.xtec.cat\/iespolinya\/wp-json\/wp\/v2\/users\/1"}],"replies":[{"embeddable":true,"href":"https:\/\/agora.xtec.cat\/iespolinya\/wp-json\/wp\/v2\/comments?post=3233"}],"version-history":[{"count":2,"href":"https:\/\/agora.xtec.cat\/iespolinya\/wp-json\/wp\/v2\/posts\/3233\/revisions"}],"predecessor-version":[{"id":3238,"href":"https:\/\/agora.xtec.cat\/iespolinya\/wp-json\/wp\/v2\/posts\/3233\/revisions\/3238"}],"wp:featuredmedia":[{"embeddable":true,"href":"https:\/\/agora.xtec.cat\/iespolinya\/wp-json\/wp\/v2\/media\/3250"}],"wp:attachment":[{"href":"https:\/\/agora.xtec.cat\/iespolinya\/wp-json\/wp\/v2\/media?parent=3233"}],"wp:term":[{"taxonomy":"category","embeddable":true,"href":"https:\/\/agora.xtec.cat\/iespolinya\/wp-json\/wp\/v2\/categories?post=3233"},{"taxonomy":"post_tag","embeddable":true,"href":"https:\/\/agora.xtec.cat\/iespolinya\/wp-json\/wp\/v2\/tags?post=3233"}],"curies":[{"name":"wp","href":"https:\/\/api.w.org\/{rel}","templated":true}]}}