{"id":3182,"date":"2019-05-06T08:00:49","date_gmt":"2019-05-06T06:00:49","guid":{"rendered":"http:\/\/agora.xtec.cat\/iespolinya\/?p=3182"},"modified":"2019-06-06T09:12:24","modified_gmt":"2019-06-06T07:12:24","slug":"museu-de-les-matematiques","status":"publish","type":"post","link":"https:\/\/agora.xtec.cat\/iespolinya\/general\/museu-de-les-matematiques\/","title":{"rendered":"Museu de les Matem\u00e0tiques"},"content":{"rendered":"<p>El passat 10 d\u2019abril, els alumnes de 1r d\u2019ESO van anar al\u00a0Museu de les Matem\u00e0tiques i van fer un parell d\u2019activitats molt interessants:<\/p>\n<p><strong>&#8211; Experi\u00e8ncies matem\u00e0tiques:<\/strong><\/p>\n<p>Amb l\u2019acompanyament d\u2019un educador\/a van poder descobrir i treballar conceptes matem\u00e0tics \u00a0(de C\u00e0lcul, Combinat\u00f2ria, Estad\u00edstica, Geometria i Miralls) mitjan\u00e7ant l\u2019observaci\u00f3 i la manipulaci\u00f3 (sota el lema del museu \u201cProhibit NO tocar\u201d). Van anar afrontant diferents reptes que els van permetre fer matem\u00e0tiques sense ni adonar-se\u2019n.<\/p>\n<p><strong>&#8211; Gimcana:<\/strong><\/p>\n<p>En petits grups van participar en una gimcana pel parc de Can Mercader on van treballar continguts matem\u00e0tics com la geometria de l\u2019entorn, les coordenades i l\u2019orientaci\u00f3.<\/p>\n<div class=\"ast-oembed-container \" style=\"height: 100%;\"><iframe loading=\"lazy\" title=\"Museu matema\u0300tiques 2019\" width=\"500\" height=\"281\" src=\"https:\/\/www.youtube.com\/embed\/PD8C5PymfRc?feature=oembed\" frameborder=\"0\" allow=\"accelerometer; autoplay; clipboard-write; encrypted-media; gyroscope; picture-in-picture; web-share\" referrerpolicy=\"strict-origin-when-cross-origin\" allowfullscreen><\/iframe><\/div>\n<p>&nbsp;<\/p>\n<p>&nbsp;<\/p>\n","protected":false},"excerpt":{"rendered":"<p>El passat 10 d\u2019abril, els alumnes de 1r d\u2019ESO van anar al\u00a0Museu de les Matem\u00e0tiques i van fer un parell d\u2019activitats molt interessants: &#8211; Experi\u00e8ncies matem\u00e0tiques: Amb l\u2019acompanyament d\u2019un educador\/a van poder descobrir i treballar conceptes matem\u00e0tics \u00a0(de C\u00e0lcul, Combinat\u00f2ria, Estad\u00edstica, Geometria i Miralls) mitjan\u00e7ant l\u2019observaci\u00f3 i la manipulaci\u00f3 (sota el lema del museu \u201cProhibit [&hellip;]<\/p>\n","protected":false},"author":1,"featured_media":3185,"comment_status":"open","ping_status":"closed","sticky":false,"template":"","format":"standard","meta":{"_bbp_topic_count":0,"_bbp_reply_count":0,"_bbp_total_topic_count":0,"_bbp_total_reply_count":0,"_bbp_voice_count":0,"_bbp_anonymous_reply_count":0,"_bbp_topic_count_hidden":0,"_bbp_reply_count_hidden":0,"_bbp_forum_subforum_count":0,"site-sidebar-layout":"default","site-content-layout":"","ast-site-content-layout":"","site-content-style":"default","site-sidebar-style":"default","ast-global-header-display":"","ast-banner-title-visibility":"","ast-main-header-display":"","ast-hfb-above-header-display":"","ast-hfb-below-header-display":"","ast-hfb-mobile-header-display":"","site-post-title":"","ast-breadcrumbs-content":"","ast-featured-img":"","footer-sml-layout":"","theme-transparent-header-meta":"","adv-header-id-meta":"","stick-header-meta":"","header-above-stick-meta":"","header-main-stick-meta":"","header-below-stick-meta":"","astra-migrate-meta-layouts":"default","ast-page-background-enabled":"default","ast-page-background-meta":{"desktop":{"background-color":"var(--ast-global-color-4)","background-image":"","background-repeat":"repeat","background-position":"center center","background-size":"auto","background-attachment":"scroll","background-type":"","background-media":"","overlay-type":"","overlay-color":"","overlay-opacity":"","overlay-gradient":""},"tablet":{"background-color":"","background-image":"","background-repeat":"repeat","background-position":"center center","background-size":"auto","background-attachment":"scroll","background-type":"","background-media":"","overlay-type":"","overlay-color":"","overlay-opacity":"","overlay-gradient":""},"mobile":{"background-color":"","background-image":"","background-repeat":"repeat","background-position":"center center","background-size":"auto","background-attachment":"scroll","background-type":"","background-media":"","overlay-type":"","overlay-color":"","overlay-opacity":"","overlay-gradient":""}},"ast-content-background-meta":{"desktop":{"background-color":"var(--ast-global-color-5)","background-image":"","background-repeat":"repeat","background-position":"center center","background-size":"auto","background-attachment":"scroll","background-type":"","background-media":"","overlay-type":"","overlay-color":"","overlay-opacity":"","overlay-gradient":""},"tablet":{"background-color":"var(--ast-global-color-5)","background-image":"","background-repeat":"repeat","background-position":"center center","background-size":"auto","background-attachment":"scroll","background-type":"","background-media":"","overlay-type":"","overlay-color":"","overlay-opacity":"","overlay-gradient":""},"mobile":{"background-color":"var(--ast-global-color-5)","background-image":"","background-repeat":"repeat","background-position":"center center","background-size":"auto","background-attachment":"scroll","background-type":"","background-media":"","overlay-type":"","overlay-color":"","overlay-opacity":"","overlay-gradient":""}},"footnotes":""},"categories":[1,29],"tags":[41,158],"class_list":["post-3182","post","type-post","status-publish","format-standard","has-post-thumbnail","hentry","category-general","category-portada","tag-matematiques","tag-museu"],"post_mailing_queue_ids":[],"_links":{"self":[{"href":"https:\/\/agora.xtec.cat\/iespolinya\/wp-json\/wp\/v2\/posts\/3182","targetHints":{"allow":["GET"]}}],"collection":[{"href":"https:\/\/agora.xtec.cat\/iespolinya\/wp-json\/wp\/v2\/posts"}],"about":[{"href":"https:\/\/agora.xtec.cat\/iespolinya\/wp-json\/wp\/v2\/types\/post"}],"author":[{"embeddable":true,"href":"https:\/\/agora.xtec.cat\/iespolinya\/wp-json\/wp\/v2\/users\/1"}],"replies":[{"embeddable":true,"href":"https:\/\/agora.xtec.cat\/iespolinya\/wp-json\/wp\/v2\/comments?post=3182"}],"version-history":[{"count":2,"href":"https:\/\/agora.xtec.cat\/iespolinya\/wp-json\/wp\/v2\/posts\/3182\/revisions"}],"predecessor-version":[{"id":3184,"href":"https:\/\/agora.xtec.cat\/iespolinya\/wp-json\/wp\/v2\/posts\/3182\/revisions\/3184"}],"wp:featuredmedia":[{"embeddable":true,"href":"https:\/\/agora.xtec.cat\/iespolinya\/wp-json\/wp\/v2\/media\/3185"}],"wp:attachment":[{"href":"https:\/\/agora.xtec.cat\/iespolinya\/wp-json\/wp\/v2\/media?parent=3182"}],"wp:term":[{"taxonomy":"category","embeddable":true,"href":"https:\/\/agora.xtec.cat\/iespolinya\/wp-json\/wp\/v2\/categories?post=3182"},{"taxonomy":"post_tag","embeddable":true,"href":"https:\/\/agora.xtec.cat\/iespolinya\/wp-json\/wp\/v2\/tags?post=3182"}],"curies":[{"name":"wp","href":"https:\/\/api.w.org\/{rel}","templated":true}]}}