{"id":3115,"date":"2019-04-25T20:03:39","date_gmt":"2019-04-25T18:03:39","guid":{"rendered":"http:\/\/agora.xtec.cat\/iespolinya\/?p=3115"},"modified":"2019-05-06T09:57:51","modified_gmt":"2019-05-06T07:57:51","slug":"els-nous-grisos-del-guernica","status":"publish","type":"post","link":"https:\/\/agora.xtec.cat\/iespolinya\/general\/els-nous-grisos-del-guernica\/","title":{"rendered":"ELS NOUS GRISOS DEL &#8220;GUERNICA&#8221;"},"content":{"rendered":"<p><span style=\"font-weight: 400;\">Avui, 26 d&#8217;abril de 2019, recordem el <strong>82\u00e8 aniversari del bombardeig de Guernica, <\/strong>amb l&#8217;estrena de la instal\u00b7laci\u00f3\u00a0\u00a0<strong>ELS NOUS GRISOS DEL GUERNICA,\u00a0<\/strong>\u00a0realitzada per un grup d&#8217;alumnes de 4t d&#8217;ESO i coordinada per la professora Carme Castellv\u00ed. Aquest <strong>treball col\u00b7laboratiu<\/strong>, realitzat amb el reciclatge d&#8217;unes antigues cortines de l&#8217;institut, ha consistit en la <strong>recreaci\u00f3 de l&#8217;emblem\u00e0tica obra de Picasso, amb l&#8217;aplicaci\u00f3 de l&#8217;escala de grisos a diferents colors b\u00e0sics de la nostra paleta.<\/strong><\/span><\/p>\n<p><a href=\"https:\/\/agora.xtec.cat\/iespolinya\/wp-content\/uploads\/usu392\/2019\/04\/escala-de-grisos2.jpg\"><img loading=\"lazy\" decoding=\"async\" class=\"wp-image-3121 aligncenter\" src=\"https:\/\/agora.xtec.cat\/iespolinya\/wp-content\/uploads\/usu392\/2019\/04\/escala-de-grisos2.jpg\" alt=\"\" width=\"512\" height=\"104\" srcset=\"https:\/\/agora.xtec.cat\/iespolinya\/wp-content\/uploads\/usu392\/2019\/04\/escala-de-grisos2.jpg 438w, https:\/\/agora.xtec.cat\/iespolinya\/wp-content\/uploads\/usu392\/2019\/04\/escala-de-grisos2-300x61.jpg 300w\" sizes=\"auto, (max-width: 512px) 100vw, 512px\" \/><\/a><\/p>\n<p><span style=\"font-weight: 400;\">La instal\u00b7laci\u00f3 pl\u00e0stica est\u00e0 acompanyada per una <a href=\"https:\/\/docs.google.com\/presentation\/d\/1ayp9BO2pdRBkXX5N7pofVqXWegYesU7rQLo9txtIKcg\/edit?usp=sharing\"><strong>exposici\u00f3 sobre el bombardeig de Guernica<\/strong><\/a> i el context en qu\u00e8 va ser pintada aquesta obra que ha esdevingut l&#8217;<strong>emblema de l&#8217;antibel\u00b7licisme<\/strong>. En els pr\u00f2xims dies alumnes i professors podrem gaudir de les explicacions dels nois i noies que han elaborat tots aquests materials. \u00a0<\/span><\/p>\n<p style=\"text-align: left;\">Us convidem a visitar-la. \u00a0No us deixar\u00e0 indiferents.<\/p>\n<p style=\"text-align: center;\"><iframe loading=\"lazy\" src=\"https:\/\/docs.google.com\/presentation\/d\/e\/2PACX-1vRsYQiEoyw-ZBzkIT8k5JT8iQA5qloHxfLuAGmsqgbwKDixlg6lGYLzDgCZg2bwUdYvI3lLK4qIF1la\/embed?start=true&amp;loop=true&amp;delayms=3000\" width=\"760\" height=\"500\" frameborder=\"0\" allowfullscreen=\"allowfullscreen\"><\/iframe><\/p>\n<ul>\n<li style=\"text-align: left;\">El significado del <a href=\"https:\/\/youtu.be\/3GNJxrnj9VE\"><em>Guernica<\/em><\/a> de Picasso.<\/li>\n<li><a href=\"http:\/\/www.rtve.es\/alacarta\/videos\/cronicas\/cronicas-gernika-060217\/3903200\/\">Guernica, del horror al lienzo<\/a> (RTVE)<\/li>\n<\/ul>\n<p><span style=\"font-weight: 400;\"> \u00a0\u00a0\u00a0\u00a0\u00a0\u00a0\u00a0\u00a0\u00a0\u00a0\u00a0\u00a0\u00a0\u00a0\u00a0\u00a0\u00a0\u00a0\u00a0\u00a0\u00a0\u00a0\u00a0\u00a0\u00a0\u00a0\u00a0\u00a0\u00a0\u00a0\u00a0\u00a0\u00a0\u00a0\u00a0\u00a0\u00a0\u00a0\u00a0\u00a0\u00a0\u00a0\u00a0\u00a0\u00a0\u00a0\u00a0\u00a0\u00a0\u00a0\u00a0\u00a0\u00a0\u00a0\u00a0\u00a0\u00a0\u00a0\u00a0\u00a0\u00a0\u00a0\u00a0\u00a0\u00a0\u00a0\u00a0\u00a0\u00a0\u00a0\u00a0\u00a0\u00a0\u00a0\u00a0\u00a0\u00a0\u00a0\u00a0\u00a0\u00a0\u00a0\u00a0\u00a0\u00a0\u00a0\u00a0\u00a0\u00a0\u00a0\u00a0\u00a0\u00a0\u00a0\u00a0\u00a0\u00a0\u00a0\u00a0\u00a0\u00a0Poliny\u00e0, abril 2019<\/span><\/p>\n<p>&nbsp;<\/p>\n","protected":false},"excerpt":{"rendered":"<p>Avui, 26 d&#8217;abril de 2019, recordem el 82\u00e8 aniversari del bombardeig de Guernica, amb l&#8217;estrena de la instal\u00b7laci\u00f3\u00a0\u00a0ELS NOUS GRISOS DEL GUERNICA,\u00a0\u00a0realitzada per un grup d&#8217;alumnes de 4t d&#8217;ESO i coordinada per la professora Carme Castellv\u00ed. Aquest treball col\u00b7laboratiu, realitzat amb el reciclatge d&#8217;unes antigues cortines de l&#8217;institut, ha consistit en la recreaci\u00f3 de l&#8217;emblem\u00e0tica [&hellip;]<\/p>\n","protected":false},"author":1,"featured_media":3124,"comment_status":"open","ping_status":"closed","sticky":false,"template":"","format":"standard","meta":{"_bbp_topic_count":0,"_bbp_reply_count":0,"_bbp_total_topic_count":0,"_bbp_total_reply_count":0,"_bbp_voice_count":0,"_bbp_anonymous_reply_count":0,"_bbp_topic_count_hidden":0,"_bbp_reply_count_hidden":0,"_bbp_forum_subforum_count":0,"site-sidebar-layout":"default","site-content-layout":"","ast-site-content-layout":"","site-content-style":"default","site-sidebar-style":"default","ast-global-header-display":"","ast-banner-title-visibility":"","ast-main-header-display":"","ast-hfb-above-header-display":"","ast-hfb-below-header-display":"","ast-hfb-mobile-header-display":"","site-post-title":"","ast-breadcrumbs-content":"","ast-featured-img":"","footer-sml-layout":"","theme-transparent-header-meta":"","adv-header-id-meta":"","stick-header-meta":"","header-above-stick-meta":"","header-main-stick-meta":"","header-below-stick-meta":"","astra-migrate-meta-layouts":"default","ast-page-background-enabled":"default","ast-page-background-meta":{"desktop":{"background-color":"var(--ast-global-color-4)","background-image":"","background-repeat":"repeat","background-position":"center center","background-size":"auto","background-attachment":"scroll","background-type":"","background-media":"","overlay-type":"","overlay-color":"","overlay-opacity":"","overlay-gradient":""},"tablet":{"background-color":"","background-image":"","background-repeat":"repeat","background-position":"center center","background-size":"auto","background-attachment":"scroll","background-type":"","background-media":"","overlay-type":"","overlay-color":"","overlay-opacity":"","overlay-gradient":""},"mobile":{"background-color":"","background-image":"","background-repeat":"repeat","background-position":"center center","background-size":"auto","background-attachment":"scroll","background-type":"","background-media":"","overlay-type":"","overlay-color":"","overlay-opacity":"","overlay-gradient":""}},"ast-content-background-meta":{"desktop":{"background-color":"var(--ast-global-color-5)","background-image":"","background-repeat":"repeat","background-position":"center center","background-size":"auto","background-attachment":"scroll","background-type":"","background-media":"","overlay-type":"","overlay-color":"","overlay-opacity":"","overlay-gradient":""},"tablet":{"background-color":"var(--ast-global-color-5)","background-image":"","background-repeat":"repeat","background-position":"center center","background-size":"auto","background-attachment":"scroll","background-type":"","background-media":"","overlay-type":"","overlay-color":"","overlay-opacity":"","overlay-gradient":""},"mobile":{"background-color":"var(--ast-global-color-5)","background-image":"","background-repeat":"repeat","background-position":"center center","background-size":"auto","background-attachment":"scroll","background-type":"","background-media":"","overlay-type":"","overlay-color":"","overlay-opacity":"","overlay-gradient":""}},"footnotes":""},"categories":[1,29],"tags":[133,75,74],"class_list":["post-3115","post","type-post","status-publish","format-standard","has-post-thumbnail","hentry","category-general","category-portada","tag-aps","tag-plastica","tag-socials"],"post_mailing_queue_ids":[],"_links":{"self":[{"href":"https:\/\/agora.xtec.cat\/iespolinya\/wp-json\/wp\/v2\/posts\/3115","targetHints":{"allow":["GET"]}}],"collection":[{"href":"https:\/\/agora.xtec.cat\/iespolinya\/wp-json\/wp\/v2\/posts"}],"about":[{"href":"https:\/\/agora.xtec.cat\/iespolinya\/wp-json\/wp\/v2\/types\/post"}],"author":[{"embeddable":true,"href":"https:\/\/agora.xtec.cat\/iespolinya\/wp-json\/wp\/v2\/users\/1"}],"replies":[{"embeddable":true,"href":"https:\/\/agora.xtec.cat\/iespolinya\/wp-json\/wp\/v2\/comments?post=3115"}],"version-history":[{"count":3,"href":"https:\/\/agora.xtec.cat\/iespolinya\/wp-json\/wp\/v2\/posts\/3115\/revisions"}],"predecessor-version":[{"id":3138,"href":"https:\/\/agora.xtec.cat\/iespolinya\/wp-json\/wp\/v2\/posts\/3115\/revisions\/3138"}],"wp:featuredmedia":[{"embeddable":true,"href":"https:\/\/agora.xtec.cat\/iespolinya\/wp-json\/wp\/v2\/media\/3124"}],"wp:attachment":[{"href":"https:\/\/agora.xtec.cat\/iespolinya\/wp-json\/wp\/v2\/media?parent=3115"}],"wp:term":[{"taxonomy":"category","embeddable":true,"href":"https:\/\/agora.xtec.cat\/iespolinya\/wp-json\/wp\/v2\/categories?post=3115"},{"taxonomy":"post_tag","embeddable":true,"href":"https:\/\/agora.xtec.cat\/iespolinya\/wp-json\/wp\/v2\/tags?post=3115"}],"curies":[{"name":"wp","href":"https:\/\/api.w.org\/{rel}","templated":true}]}}