{"id":2964,"date":"2019-02-07T08:12:56","date_gmt":"2019-02-07T07:12:56","guid":{"rendered":"http:\/\/agora.xtec.cat\/iespolinya\/?p=2964"},"modified":"2020-03-10T10:18:19","modified_gmt":"2020-03-10T09:18:19","slug":"xe-concert-solidari-les-dades","status":"publish","type":"post","link":"https:\/\/agora.xtec.cat\/iespolinya\/general\/xe-concert-solidari-les-dades\/","title":{"rendered":"X\u00e8 CONCERT SOLIDARI: les dades"},"content":{"rendered":"<h4 style=\"text-align: center;\"><strong>DESENA EDICI\u00d3 DEL CONCERT SOLIDARI I DEU INSTITUCIONS A QUI HEM DONAT SUPORT EN AQUESTS 10 ANYS:\u00a0<\/strong><\/h4>\n<h5 style=\"text-align: justify;\">C\u00c0RITAS POLINY\u00c0, <a href=\"https:\/\/agora.xtec.cat\/iespolinya\/general\/9e-concert-solidari-sumant-fons-per-illuminar-malawi\/\">OHANA DENTAL<\/a>, <a href=\"https:\/\/agora.xtec.cat\/iespolinya\/general\/viii-festival-solidari-2017\/\">PROACTIVA OPEN ARMS<\/a>, PALLAPUPAS, LA MARAT\u00d3,\u00a0 EL REBOST SOLIDARI, AVISM\u00d3N, AFANOC, FUNDACI\u00d3 ALBA P\u00c9REZ, BRIGADA RUB\u00c9N DARIO.<\/h5>\n<p><!--more--><\/p>\n<div id='gallery-1' class='gallery galleryid-2964 gallery-columns-5 gallery-size-medium'><figure class='gallery-item'>\n\t\t\t<div class='gallery-icon portrait'>\n\t\t\t\t<a href='https:\/\/agora.xtec.cat\/iespolinya\/general\/ja-arriba-el-xe-concert-solidari-de-linstitut-vindras\/attachment\/cartell-3\/'><img loading=\"lazy\" decoding=\"async\" width=\"212\" height=\"300\" src=\"https:\/\/agora.xtec.cat\/iespolinya\/wp-content\/uploads\/usu392\/2019\/01\/cartell-1-212x300.jpg\" class=\"attachment-medium size-medium\" alt=\"\" srcset=\"https:\/\/agora.xtec.cat\/iespolinya\/wp-content\/uploads\/usu392\/2019\/01\/cartell-1-212x300.jpg 212w, https:\/\/agora.xtec.cat\/iespolinya\/wp-content\/uploads\/usu392\/2019\/01\/cartell-1-768x1087.jpg 768w, https:\/\/agora.xtec.cat\/iespolinya\/wp-content\/uploads\/usu392\/2019\/01\/cartell-1-724x1024.jpg 724w, https:\/\/agora.xtec.cat\/iespolinya\/wp-content\/uploads\/usu392\/2019\/01\/cartell-1.jpg 1357w\" sizes=\"auto, (max-width: 212px) 100vw, 212px\" \/><\/a>\n\t\t\t<\/div><\/figure><figure class='gallery-item'>\n\t\t\t<div class='gallery-icon portrait'>\n\t\t\t\t<a href='https:\/\/agora.xtec.cat\/iespolinya\/general\/xe-concert-solidari-les-dades\/attachment\/img_3099-1\/'><img loading=\"lazy\" decoding=\"async\" width=\"184\" height=\"300\" src=\"https:\/\/agora.xtec.cat\/iespolinya\/wp-content\/uploads\/usu392\/2019\/02\/IMG_3099-1-184x300.jpg\" class=\"attachment-medium size-medium\" alt=\"\" srcset=\"https:\/\/agora.xtec.cat\/iespolinya\/wp-content\/uploads\/usu392\/2019\/02\/IMG_3099-1-184x300.jpg 184w, https:\/\/agora.xtec.cat\/iespolinya\/wp-content\/uploads\/usu392\/2019\/02\/IMG_3099-1-768x1252.jpg 768w, https:\/\/agora.xtec.cat\/iespolinya\/wp-content\/uploads\/usu392\/2019\/02\/IMG_3099-1-628x1024.jpg 628w, https:\/\/agora.xtec.cat\/iespolinya\/wp-content\/uploads\/usu392\/2019\/02\/IMG_3099-1.jpg 1833w\" sizes=\"auto, (max-width: 184px) 100vw, 184px\" \/><\/a>\n\t\t\t<\/div><\/figure><figure class='gallery-item'>\n\t\t\t<div class='gallery-icon portrait'>\n\t\t\t\t<a href='https:\/\/agora.xtec.cat\/iespolinya\/general\/xe-concert-solidari-les-dades\/attachment\/img_3125\/'><img loading=\"lazy\" decoding=\"async\" width=\"193\" height=\"300\" src=\"https:\/\/agora.xtec.cat\/iespolinya\/wp-content\/uploads\/usu392\/2019\/02\/IMG_3125-193x300.jpg\" class=\"attachment-medium size-medium\" alt=\"\" srcset=\"https:\/\/agora.xtec.cat\/iespolinya\/wp-content\/uploads\/usu392\/2019\/02\/IMG_3125-193x300.jpg 193w, https:\/\/agora.xtec.cat\/iespolinya\/wp-content\/uploads\/usu392\/2019\/02\/IMG_3125-768x1196.jpg 768w, https:\/\/agora.xtec.cat\/iespolinya\/wp-content\/uploads\/usu392\/2019\/02\/IMG_3125-657x1024.jpg 657w, https:\/\/agora.xtec.cat\/iespolinya\/wp-content\/uploads\/usu392\/2019\/02\/IMG_3125.jpg 1628w\" sizes=\"auto, (max-width: 193px) 100vw, 193px\" \/><\/a>\n\t\t\t<\/div><\/figure><figure class='gallery-item'>\n\t\t\t<div class='gallery-icon portrait'>\n\t\t\t\t<a href='https:\/\/agora.xtec.cat\/iespolinya\/general\/xe-concert-solidari-les-dades\/attachment\/img_3127\/'><img loading=\"lazy\" decoding=\"async\" width=\"181\" height=\"300\" src=\"https:\/\/agora.xtec.cat\/iespolinya\/wp-content\/uploads\/usu392\/2019\/02\/IMG_3127-181x300.jpg\" class=\"attachment-medium size-medium\" alt=\"\" srcset=\"https:\/\/agora.xtec.cat\/iespolinya\/wp-content\/uploads\/usu392\/2019\/02\/IMG_3127-181x300.jpg 181w, https:\/\/agora.xtec.cat\/iespolinya\/wp-content\/uploads\/usu392\/2019\/02\/IMG_3127-768x1270.jpg 768w, https:\/\/agora.xtec.cat\/iespolinya\/wp-content\/uploads\/usu392\/2019\/02\/IMG_3127-619x1024.jpg 619w, https:\/\/agora.xtec.cat\/iespolinya\/wp-content\/uploads\/usu392\/2019\/02\/IMG_3127.jpg 1770w\" sizes=\"auto, (max-width: 181px) 100vw, 181px\" \/><\/a>\n\t\t\t<\/div><\/figure><figure class='gallery-item'>\n\t\t\t<div class='gallery-icon portrait'>\n\t\t\t\t<a href='https:\/\/agora.xtec.cat\/iespolinya\/general\/xe-concert-solidari-les-dades\/attachment\/img_3107\/'><img loading=\"lazy\" decoding=\"async\" width=\"269\" height=\"300\" src=\"https:\/\/agora.xtec.cat\/iespolinya\/wp-content\/uploads\/usu392\/2019\/02\/IMG_3107-269x300.jpg\" class=\"attachment-medium size-medium\" alt=\"\" srcset=\"https:\/\/agora.xtec.cat\/iespolinya\/wp-content\/uploads\/usu392\/2019\/02\/IMG_3107-269x300.jpg 269w, https:\/\/agora.xtec.cat\/iespolinya\/wp-content\/uploads\/usu392\/2019\/02\/IMG_3107-768x856.jpg 768w, https:\/\/agora.xtec.cat\/iespolinya\/wp-content\/uploads\/usu392\/2019\/02\/IMG_3107-919x1024.jpg 919w\" sizes=\"auto, (max-width: 269px) 100vw, 269px\" \/><\/a>\n\t\t\t<\/div><\/figure><figure class='gallery-item'>\n\t\t\t<div class='gallery-icon portrait'>\n\t\t\t\t<a href='https:\/\/agora.xtec.cat\/iespolinya\/general\/xe-concert-solidari-les-dades\/attachment\/img_3102-2\/'><img loading=\"lazy\" decoding=\"async\" width=\"283\" height=\"300\" src=\"https:\/\/agora.xtec.cat\/iespolinya\/wp-content\/uploads\/usu392\/2019\/02\/IMG_3102-1-283x300.jpg\" class=\"attachment-medium size-medium\" alt=\"\" srcset=\"https:\/\/agora.xtec.cat\/iespolinya\/wp-content\/uploads\/usu392\/2019\/02\/IMG_3102-1-283x300.jpg 283w, https:\/\/agora.xtec.cat\/iespolinya\/wp-content\/uploads\/usu392\/2019\/02\/IMG_3102-1-768x814.jpg 768w, https:\/\/agora.xtec.cat\/iespolinya\/wp-content\/uploads\/usu392\/2019\/02\/IMG_3102-1-966x1024.jpg 966w\" sizes=\"auto, (max-width: 283px) 100vw, 283px\" \/><\/a>\n\t\t\t<\/div><\/figure><figure class='gallery-item'>\n\t\t\t<div class='gallery-icon landscape'>\n\t\t\t\t<a href='https:\/\/agora.xtec.cat\/iespolinya\/general\/xe-concert-solidari-les-dades\/attachment\/img_3100\/'><img loading=\"lazy\" decoding=\"async\" width=\"300\" height=\"225\" src=\"https:\/\/agora.xtec.cat\/iespolinya\/wp-content\/uploads\/usu392\/2019\/02\/IMG_3100-300x225.jpg\" class=\"attachment-medium size-medium\" alt=\"\" srcset=\"https:\/\/agora.xtec.cat\/iespolinya\/wp-content\/uploads\/usu392\/2019\/02\/IMG_3100-300x225.jpg 300w, https:\/\/agora.xtec.cat\/iespolinya\/wp-content\/uploads\/usu392\/2019\/02\/IMG_3100-768x575.jpg 768w, https:\/\/agora.xtec.cat\/iespolinya\/wp-content\/uploads\/usu392\/2019\/02\/IMG_3100-1024x767.jpg 1024w, https:\/\/agora.xtec.cat\/iespolinya\/wp-content\/uploads\/usu392\/2019\/02\/IMG_3100-200x150.jpg 200w\" sizes=\"auto, (max-width: 300px) 100vw, 300px\" \/><\/a>\n\t\t\t<\/div><\/figure><figure class='gallery-item'>\n\t\t\t<div class='gallery-icon landscape'>\n\t\t\t\t<a href='https:\/\/agora.xtec.cat\/iespolinya\/general\/xe-concert-solidari-les-dades\/attachment\/img_3128\/'><img loading=\"lazy\" decoding=\"async\" width=\"300\" height=\"243\" src=\"https:\/\/agora.xtec.cat\/iespolinya\/wp-content\/uploads\/usu392\/2019\/02\/IMG_3128-300x243.jpg\" class=\"attachment-medium size-medium\" alt=\"\" srcset=\"https:\/\/agora.xtec.cat\/iespolinya\/wp-content\/uploads\/usu392\/2019\/02\/IMG_3128-300x243.jpg 300w, https:\/\/agora.xtec.cat\/iespolinya\/wp-content\/uploads\/usu392\/2019\/02\/IMG_3128-768x621.jpg 768w, https:\/\/agora.xtec.cat\/iespolinya\/wp-content\/uploads\/usu392\/2019\/02\/IMG_3128-1024x828.jpg 1024w\" sizes=\"auto, (max-width: 300px) 100vw, 300px\" \/><\/a>\n\t\t\t<\/div><\/figure><figure class='gallery-item'>\n\t\t\t<div class='gallery-icon landscape'>\n\t\t\t\t<a href='https:\/\/agora.xtec.cat\/iespolinya\/general\/xe-concert-solidari-les-dades\/attachment\/img_3104\/'><img loading=\"lazy\" decoding=\"async\" width=\"300\" height=\"218\" src=\"https:\/\/agora.xtec.cat\/iespolinya\/wp-content\/uploads\/usu392\/2019\/02\/IMG_3104-300x218.jpg\" class=\"attachment-medium size-medium\" alt=\"\" srcset=\"https:\/\/agora.xtec.cat\/iespolinya\/wp-content\/uploads\/usu392\/2019\/02\/IMG_3104-300x218.jpg 300w, https:\/\/agora.xtec.cat\/iespolinya\/wp-content\/uploads\/usu392\/2019\/02\/IMG_3104-768x558.jpg 768w, https:\/\/agora.xtec.cat\/iespolinya\/wp-content\/uploads\/usu392\/2019\/02\/IMG_3104-1024x744.jpg 1024w\" sizes=\"auto, (max-width: 300px) 100vw, 300px\" \/><\/a>\n\t\t\t<\/div><\/figure><figure class='gallery-item'>\n\t\t\t<div class='gallery-icon landscape'>\n\t\t\t\t<a href='https:\/\/agora.xtec.cat\/iespolinya\/general\/xe-concert-solidari-les-dades\/attachment\/img_3106\/'><img loading=\"lazy\" decoding=\"async\" width=\"300\" height=\"193\" src=\"https:\/\/agora.xtec.cat\/iespolinya\/wp-content\/uploads\/usu392\/2019\/02\/IMG_3106-300x193.jpg\" class=\"attachment-medium size-medium\" alt=\"\" srcset=\"https:\/\/agora.xtec.cat\/iespolinya\/wp-content\/uploads\/usu392\/2019\/02\/IMG_3106-300x193.jpg 300w, https:\/\/agora.xtec.cat\/iespolinya\/wp-content\/uploads\/usu392\/2019\/02\/IMG_3106-768x493.jpg 768w, https:\/\/agora.xtec.cat\/iespolinya\/wp-content\/uploads\/usu392\/2019\/02\/IMG_3106-1024x658.jpg 1024w\" sizes=\"auto, (max-width: 300px) 100vw, 300px\" \/><\/a>\n\t\t\t<\/div><\/figure>\n\t\t<\/div>\n\n<h4 style=\"text-align: center;\"><strong>280 ENTRADES VENUDES, <\/strong><\/h4>\n<h4 style=\"text-align: center;\"><strong>M\u00c9S DE 100 ESPECTADORS SENSE ENTRADA,<\/strong><\/h4>\n<h4 style=\"text-align: center;\"><strong> 63 ARTISTES PARTICIPANTS<\/strong><\/h4>\n<p style=\"text-align: center;\"><iframe loading=\"lazy\" src=\"https:\/\/docs.google.com\/presentation\/d\/e\/2PACX-1vQA6Ujy07fyCApxxUrtDXPzTTJ_GKg3J6v0EAD26QxC7UMJ9DD1zS3Teb-nUYffmcIR6bvcyHal_X1n\/embed?start=true&amp;loop=true&amp;delayms=3000\" width=\"660\" height=\"369\" frameborder=\"0\" allowfullscreen=\"allowfullscreen\"><span data-mce-type=\"bookmark\" style=\"display: inline-block; width: 0px; overflow: hidden; line-height: 0;\" class=\"mce_SELRES_start\">\ufeff<\/span><\/iframe><\/p>\n<h4 style=\"text-align: center;\"><strong>22 ACTUACIONS,<\/strong><\/h4>\n<h4 style=\"text-align: center;\"><strong> 18 INSTRUMENTS DE PERCUSSI\u00d3, UN TECLAT, 25 FLAUTES DOLCES, 2 SAXOS, 2 VIOLINS, <\/strong><\/h4>\n<h5 style=\"text-align: center;\"><strong>HIPHOP, PERCUSSI\u00d3, PERCUSSI\u00d3 FLAMENCA, QUEEN, \u00c1LVARO SOLER, YANN TIERSEN, SHAWN MENDES, J BALVIN, CRISTINA PERRY, JUANES, ZAHARA, BEATLES, ELVIS PRESLEY<\/strong><\/h5>\n<p>&nbsp;<\/p>\n<h4>EL RECAPTE<\/h4>\n<h4 style=\"text-align: justify;\">13 PAQ<a href=\"https:\/\/agora.xtec.cat\/iespolinya\/wp-content\/uploads\/usu392\/2019\/02\/IMG_3122.jpg\"><img loading=\"lazy\" decoding=\"async\" class=\"wp-image-2983 size-thumbnail alignleft\" src=\"https:\/\/agora.xtec.cat\/iespolinya\/wp-content\/uploads\/usu392\/2019\/02\/IMG_3122-150x150.jpg\" alt=\"\" width=\"150\" height=\"150\" \/><\/a>UETS DE BOLQUERS, 103 POTITOS, 12 POTS DE LLET DE CONTINUACI\u00d3, 8 PAQUETS DE CEREALS, 36 COMPOTES DE FRUITA, 8 PAQUETS DE TOVALLOLETES, 9 PRODUCTES DE NETEJA INFANTIL, \u00a048 GELS DE BANY, 29 XAMP\u00daS, 36 PASTES DE DENTS, 15 DESODORANTS, 70 POTS TOM\u00c0QUET FREGIT, 60 POTS de LLEGUM I VERDURA, 18 POTS DE FRUITA EN ALM\u00cdBAR, 68 LLAUNES DE TONYINA 33 TAULETES DE XOCOLATA, 28 PAQUETS DE PASTA, 5 KG FARINA, 7 KG SUCRE, 15 KG ARR\u00d2S, OLI VINAGRE, LLET, BROU NESQUIK, 1 JOGUINA..<\/h4>\n<h4 style=\"text-align: right;\">&#8230; i 210 EUROS RECAPTATS el dia del concert.<\/h4>\n<p>&nbsp;<\/p>\n<h3 style=\"text-align: center;\">GR\u00c0CIES A TOTS!<\/h3>\n<p>&nbsp;<\/p>\n","protected":false},"excerpt":{"rendered":"<p>DESENA EDICI\u00d3 DEL CONCERT SOLIDARI I DEU INSTITUCIONS A QUI HEM DONAT SUPORT EN AQUESTS 10 ANYS:\u00a0 C\u00c0RITAS POLINY\u00c0, OHANA DENTAL, PROACTIVA OPEN ARMS, PALLAPUPAS, LA MARAT\u00d3,\u00a0 EL REBOST SOLIDARI, AVISM\u00d3N, AFANOC, FUNDACI\u00d3 ALBA P\u00c9REZ, BRIGADA RUB\u00c9N DARIO.<\/p>\n","protected":false},"author":1,"featured_media":2983,"comment_status":"open","ping_status":"closed","sticky":false,"template":"","format":"standard","meta":{"_bbp_topic_count":0,"_bbp_reply_count":0,"_bbp_total_topic_count":0,"_bbp_total_reply_count":0,"_bbp_voice_count":0,"_bbp_anonymous_reply_count":0,"_bbp_topic_count_hidden":0,"_bbp_reply_count_hidden":0,"_bbp_forum_subforum_count":0,"site-sidebar-layout":"default","site-content-layout":"","ast-site-content-layout":"","site-content-style":"default","site-sidebar-style":"default","ast-global-header-display":"","ast-banner-title-visibility":"","ast-main-header-display":"","ast-hfb-above-header-display":"","ast-hfb-below-header-display":"","ast-hfb-mobile-header-display":"","site-post-title":"","ast-breadcrumbs-content":"","ast-featured-img":"","footer-sml-layout":"","theme-transparent-header-meta":"","adv-header-id-meta":"","stick-header-meta":"","header-above-stick-meta":"","header-main-stick-meta":"","header-below-stick-meta":"","astra-migrate-meta-layouts":"default","ast-page-background-enabled":"default","ast-page-background-meta":{"desktop":{"background-color":"var(--ast-global-color-4)","background-image":"","background-repeat":"repeat","background-position":"center center","background-size":"auto","background-attachment":"scroll","background-type":"","background-media":"","overlay-type":"","overlay-color":"","overlay-opacity":"","overlay-gradient":""},"tablet":{"background-color":"","background-image":"","background-repeat":"repeat","background-position":"center center","background-size":"auto","background-attachment":"scroll","background-type":"","background-media":"","overlay-type":"","overlay-color":"","overlay-opacity":"","overlay-gradient":""},"mobile":{"background-color":"","background-image":"","background-repeat":"repeat","background-position":"center center","background-size":"auto","background-attachment":"scroll","background-type":"","background-media":"","overlay-type":"","overlay-color":"","overlay-opacity":"","overlay-gradient":""}},"ast-content-background-meta":{"desktop":{"background-color":"var(--ast-global-color-5)","background-image":"","background-repeat":"repeat","background-position":"center center","background-size":"auto","background-attachment":"scroll","background-type":"","background-media":"","overlay-type":"","overlay-color":"","overlay-opacity":"","overlay-gradient":""},"tablet":{"background-color":"var(--ast-global-color-5)","background-image":"","background-repeat":"repeat","background-position":"center center","background-size":"auto","background-attachment":"scroll","background-type":"","background-media":"","overlay-type":"","overlay-color":"","overlay-opacity":"","overlay-gradient":""},"mobile":{"background-color":"var(--ast-global-color-5)","background-image":"","background-repeat":"repeat","background-position":"center center","background-size":"auto","background-attachment":"scroll","background-type":"","background-media":"","overlay-type":"","overlay-color":"","overlay-opacity":"","overlay-gradient":""}},"footnotes":""},"categories":[1,29],"tags":[142,112],"class_list":["post-2964","post","type-post","status-publish","format-standard","has-post-thumbnail","hentry","category-general","category-portada","tag-concert-solidari","tag-solidaritat"],"post_mailing_queue_ids":[],"_links":{"self":[{"href":"https:\/\/agora.xtec.cat\/iespolinya\/wp-json\/wp\/v2\/posts\/2964","targetHints":{"allow":["GET"]}}],"collection":[{"href":"https:\/\/agora.xtec.cat\/iespolinya\/wp-json\/wp\/v2\/posts"}],"about":[{"href":"https:\/\/agora.xtec.cat\/iespolinya\/wp-json\/wp\/v2\/types\/post"}],"author":[{"embeddable":true,"href":"https:\/\/agora.xtec.cat\/iespolinya\/wp-json\/wp\/v2\/users\/1"}],"replies":[{"embeddable":true,"href":"https:\/\/agora.xtec.cat\/iespolinya\/wp-json\/wp\/v2\/comments?post=2964"}],"version-history":[{"count":3,"href":"https:\/\/agora.xtec.cat\/iespolinya\/wp-json\/wp\/v2\/posts\/2964\/revisions"}],"predecessor-version":[{"id":3057,"href":"https:\/\/agora.xtec.cat\/iespolinya\/wp-json\/wp\/v2\/posts\/2964\/revisions\/3057"}],"wp:featuredmedia":[{"embeddable":true,"href":"https:\/\/agora.xtec.cat\/iespolinya\/wp-json\/wp\/v2\/media\/2983"}],"wp:attachment":[{"href":"https:\/\/agora.xtec.cat\/iespolinya\/wp-json\/wp\/v2\/media?parent=2964"}],"wp:term":[{"taxonomy":"category","embeddable":true,"href":"https:\/\/agora.xtec.cat\/iespolinya\/wp-json\/wp\/v2\/categories?post=2964"},{"taxonomy":"post_tag","embeddable":true,"href":"https:\/\/agora.xtec.cat\/iespolinya\/wp-json\/wp\/v2\/tags?post=2964"}],"curies":[{"name":"wp","href":"https:\/\/api.w.org\/{rel}","templated":true}]}}