{"id":2956,"date":"2019-01-29T10:33:56","date_gmt":"2019-01-29T09:33:56","guid":{"rendered":"http:\/\/agora.xtec.cat\/iespolinya\/?p=2956"},"modified":"2020-03-10T10:18:31","modified_gmt":"2020-03-10T09:18:31","slug":"ja-arriba-el-xe-concert-solidari-de-linstitut-vindras","status":"publish","type":"post","link":"https:\/\/agora.xtec.cat\/iespolinya\/general\/ja-arriba-el-xe-concert-solidari-de-linstitut-vindras\/","title":{"rendered":"JA ARRIBA EL X\u00e8 CONCERT SOLIDARI DE L&#8217;INSTITUT.  VINDR\u00c0S?"},"content":{"rendered":"<p><span style=\"font-weight: 400;\">Amb l&#8217;hivern ja instal\u00b7lat en la nostra rutina, \u00a0celebrem l&#8217;estaci\u00f3 del fred amb una nova edici\u00f3 del Concert Solidari.<\/span><\/p>\n<p><span style=\"font-weight: 400;\">Aquest cop ens plau recordar que ja fa deu anys que ens reunim per compartir aficions art\u00edstiques en benefici d\u2019una causa solid\u00e0ria. \u00a0Revisant la cartelleria que podreu veure el dia del concert, comprovem que han estat objectiu de les nostres campanyes la fundaci\u00f3 AFANOC, la brigada Rub\u00e9n Dar\u00edo, l\u2019associaci\u00f3 Alba P\u00e9rez, el Rebost Solidari de Poliny\u00e0, La Marat\u00f3, la fundaci\u00f3 AVISM\u00d3N, els pallassos <a href=\"https:\/\/agora.xtec.cat\/iespolinya\/general\/vii-festival-solidari\/\">Pallapupas<\/a>, <a href=\"https:\/\/agora.xtec.cat\/iespolinya\/general\/ser-refugiat-avui\/\">ProActiva Open Arms<\/a>, i la <a href=\"https:\/\/agora.xtec.cat\/iespolinya\/general\/9e-concert-solidari-sumant-fons-per-illuminar-malawi\/\">fundaci\u00f3 OHANA<\/a>. Amb tots ells hem anat aprenent qu\u00e8 significa treballar pels altres sense esperar res a canvi.<a href=\"https:\/\/agora.xtec.cat\/iespolinya\/wp-content\/uploads\/usu392\/2019\/01\/cartell-1.jpg\"><img loading=\"lazy\" decoding=\"async\" class=\"wp-image-2959 alignleft\" src=\"https:\/\/agora.xtec.cat\/iespolinya\/wp-content\/uploads\/usu392\/2019\/01\/cartell-1-724x1024.jpg\" alt=\"\" width=\"528\" height=\"746\" srcset=\"https:\/\/agora.xtec.cat\/iespolinya\/wp-content\/uploads\/usu392\/2019\/01\/cartell-1-724x1024.jpg 724w, https:\/\/agora.xtec.cat\/iespolinya\/wp-content\/uploads\/usu392\/2019\/01\/cartell-1-212x300.jpg 212w, https:\/\/agora.xtec.cat\/iespolinya\/wp-content\/uploads\/usu392\/2019\/01\/cartell-1-768x1087.jpg 768w, https:\/\/agora.xtec.cat\/iespolinya\/wp-content\/uploads\/usu392\/2019\/01\/cartell-1.jpg 1357w\" sizes=\"auto, (max-width: 528px) 100vw, 528px\" \/><\/a><\/span><\/p>\n<p><span style=\"font-weight: 400;\">Enguany volem col\u00b7laborar amb<strong> C\u00e0ritas Poliny\u00e0,<\/strong> una entitat que tenim ben a prop de l\u2019institut i que gestionen magn\u00edficament un grup de dones del poble amb el suport de la parr\u00f2quia, com podreu veure al reportatge que ens han preparat uns alumnes. El seu treball incansable ens recorda com \u00e9s d\u2019important teixir xarxes de donar i rebre on poder donar-nos suport mutu, per si mai \u00a0ens trobem en un moment de dificultat.<\/span><\/p>\n<p>&nbsp;<\/p>\n<p>Per tant, us convoquem per al proper <strong>divendres 1 de febrer al ROURE a partir de les 20.30. L&#8217;entrada aquest cop ser\u00e0 en esp\u00e8cies<\/strong>: portarem aquells productes que ara mateix necessiten les companyes de C\u00e0ritas per dur a terme la seva tasca: productes d&#8217;higiene personal, bolquers i llets de continuaci\u00f3 per a nadons.<\/p>\n<p>Oi que podrem comptar amb vosaltres?<\/p>\n<p>&nbsp;<\/p>\n<p>&nbsp;<\/p>\n<p>&nbsp;<\/p>\n<p><span style=\"font-weight: 400;\">Poliny\u00e0, 1 febrer de 2019<\/span><\/p>\n<p>&nbsp;<\/p>\n","protected":false},"excerpt":{"rendered":"<p>Amb l&#8217;hivern ja instal\u00b7lat en la nostra rutina, \u00a0celebrem l&#8217;estaci\u00f3 del fred amb una nova edici\u00f3 del Concert Solidari. Aquest cop ens plau recordar que ja fa deu anys que ens reunim per compartir aficions art\u00edstiques en benefici d\u2019una causa solid\u00e0ria. \u00a0Revisant la cartelleria que podreu veure el dia del concert, comprovem que han estat [&hellip;]<\/p>\n","protected":false},"author":1,"featured_media":2959,"comment_status":"open","ping_status":"closed","sticky":false,"template":"","format":"standard","meta":{"_bbp_topic_count":0,"_bbp_reply_count":0,"_bbp_total_topic_count":0,"_bbp_total_reply_count":0,"_bbp_voice_count":0,"_bbp_anonymous_reply_count":0,"_bbp_topic_count_hidden":0,"_bbp_reply_count_hidden":0,"_bbp_forum_subforum_count":0,"site-sidebar-layout":"default","site-content-layout":"","ast-site-content-layout":"","site-content-style":"default","site-sidebar-style":"default","ast-global-header-display":"","ast-banner-title-visibility":"","ast-main-header-display":"","ast-hfb-above-header-display":"","ast-hfb-below-header-display":"","ast-hfb-mobile-header-display":"","site-post-title":"","ast-breadcrumbs-content":"","ast-featured-img":"","footer-sml-layout":"","theme-transparent-header-meta":"","adv-header-id-meta":"","stick-header-meta":"","header-above-stick-meta":"","header-main-stick-meta":"","header-below-stick-meta":"","astra-migrate-meta-layouts":"default","ast-page-background-enabled":"default","ast-page-background-meta":{"desktop":{"background-color":"var(--ast-global-color-4)","background-image":"","background-repeat":"repeat","background-position":"center center","background-size":"auto","background-attachment":"scroll","background-type":"","background-media":"","overlay-type":"","overlay-color":"","overlay-opacity":"","overlay-gradient":""},"tablet":{"background-color":"","background-image":"","background-repeat":"repeat","background-position":"center center","background-size":"auto","background-attachment":"scroll","background-type":"","background-media":"","overlay-type":"","overlay-color":"","overlay-opacity":"","overlay-gradient":""},"mobile":{"background-color":"","background-image":"","background-repeat":"repeat","background-position":"center center","background-size":"auto","background-attachment":"scroll","background-type":"","background-media":"","overlay-type":"","overlay-color":"","overlay-opacity":"","overlay-gradient":""}},"ast-content-background-meta":{"desktop":{"background-color":"var(--ast-global-color-5)","background-image":"","background-repeat":"repeat","background-position":"center center","background-size":"auto","background-attachment":"scroll","background-type":"","background-media":"","overlay-type":"","overlay-color":"","overlay-opacity":"","overlay-gradient":""},"tablet":{"background-color":"var(--ast-global-color-5)","background-image":"","background-repeat":"repeat","background-position":"center center","background-size":"auto","background-attachment":"scroll","background-type":"","background-media":"","overlay-type":"","overlay-color":"","overlay-opacity":"","overlay-gradient":""},"mobile":{"background-color":"var(--ast-global-color-5)","background-image":"","background-repeat":"repeat","background-position":"center center","background-size":"auto","background-attachment":"scroll","background-type":"","background-media":"","overlay-type":"","overlay-color":"","overlay-opacity":"","overlay-gradient":""}},"footnotes":""},"categories":[1,29],"tags":[142,112],"class_list":["post-2956","post","type-post","status-publish","format-standard","has-post-thumbnail","hentry","category-general","category-portada","tag-concert-solidari","tag-solidaritat"],"post_mailing_queue_ids":[],"_links":{"self":[{"href":"https:\/\/agora.xtec.cat\/iespolinya\/wp-json\/wp\/v2\/posts\/2956","targetHints":{"allow":["GET"]}}],"collection":[{"href":"https:\/\/agora.xtec.cat\/iespolinya\/wp-json\/wp\/v2\/posts"}],"about":[{"href":"https:\/\/agora.xtec.cat\/iespolinya\/wp-json\/wp\/v2\/types\/post"}],"author":[{"embeddable":true,"href":"https:\/\/agora.xtec.cat\/iespolinya\/wp-json\/wp\/v2\/users\/1"}],"replies":[{"embeddable":true,"href":"https:\/\/agora.xtec.cat\/iespolinya\/wp-json\/wp\/v2\/comments?post=2956"}],"version-history":[{"count":3,"href":"https:\/\/agora.xtec.cat\/iespolinya\/wp-json\/wp\/v2\/posts\/2956\/revisions"}],"predecessor-version":[{"id":2961,"href":"https:\/\/agora.xtec.cat\/iespolinya\/wp-json\/wp\/v2\/posts\/2956\/revisions\/2961"}],"wp:featuredmedia":[{"embeddable":true,"href":"https:\/\/agora.xtec.cat\/iespolinya\/wp-json\/wp\/v2\/media\/2959"}],"wp:attachment":[{"href":"https:\/\/agora.xtec.cat\/iespolinya\/wp-json\/wp\/v2\/media?parent=2956"}],"wp:term":[{"taxonomy":"category","embeddable":true,"href":"https:\/\/agora.xtec.cat\/iespolinya\/wp-json\/wp\/v2\/categories?post=2956"},{"taxonomy":"post_tag","embeddable":true,"href":"https:\/\/agora.xtec.cat\/iespolinya\/wp-json\/wp\/v2\/tags?post=2956"}],"curies":[{"name":"wp","href":"https:\/\/api.w.org\/{rel}","templated":true}]}}