{"id":2855,"date":"2019-01-10T08:10:03","date_gmt":"2019-01-10T07:10:03","guid":{"rendered":"http:\/\/agora.xtec.cat\/iespolinya\/?p=2855"},"modified":"2019-03-07T09:38:41","modified_gmt":"2019-03-07T08:38:41","slug":"leyendas-gustavo-adolfo-becquer","status":"publish","type":"post","link":"https:\/\/agora.xtec.cat\/iespolinya\/general\/leyendas-gustavo-adolfo-becquer\/","title":{"rendered":"LEYENDAS, GUSTAVO ADOLFO B\u00c9CQUER"},"content":{"rendered":"<p>Durante el primer trimestre los alumnos de 4A y 4B han estado trabajando algunas de las leyendas del poeta sevillano del siglo XIX. Despu\u00e9s de leer los textos y compararlos con algunas de las rimas, han estado trabajando en grupos para adaptar las historias y crear versiones cinematogr\u00e1ficas. Esto les ha dado la oportunidad de adentrarse en el mundo del audiovisual; de manera que han estado trabajando con conceptos como gui\u00f3n cinematogr\u00e1fico, storyboard, la figura del script. Cada alumno ten\u00eda un rol en la elaboraci\u00f3n de la pel\u00edcula (actores y actrices, c\u00e1mara, edici\u00f3n, m\u00fasica, direcci\u00f3n&#8230;), lo cual implicaba la responsabilidad de todos ellos para que el resultado final fuera el esperado. Tras superar los miedos del principio, este es el resultado de su trabajo.<!--more--><\/p>\n<figure id=\"attachment_2863\" aria-describedby=\"caption-attachment-2863\" style=\"width: 150px\" class=\"wp-caption alignleft\"><a href=\"https:\/\/drive.google.com\/file\/d\/17ADfqHENkv3euJZFrtYUeHmM_vaZ3ew4\/view?usp=sharing\"><img loading=\"lazy\" decoding=\"async\" class=\"wp-image-2863 size-thumbnail\" src=\"https:\/\/agora.xtec.cat\/iespolinya\/wp-content\/uploads\/usu392\/2019\/01\/Captura-de-Pantalla-2019-01-08-a-les-12.23.43-150x150.png\" alt=\"\" width=\"150\" height=\"150\" srcset=\"https:\/\/agora.xtec.cat\/iespolinya\/wp-content\/uploads\/usu392\/2019\/01\/Captura-de-Pantalla-2019-01-08-a-les-12.23.43-150x150.png 150w, https:\/\/agora.xtec.cat\/iespolinya\/wp-content\/uploads\/usu392\/2019\/01\/Captura-de-Pantalla-2019-01-08-a-les-12.23.43-298x300.png 298w, https:\/\/agora.xtec.cat\/iespolinya\/wp-content\/uploads\/usu392\/2019\/01\/Captura-de-Pantalla-2019-01-08-a-les-12.23.43.png 570w\" sizes=\"auto, (max-width: 150px) 100vw, 150px\" \/><\/a><figcaption id=\"caption-attachment-2863\" class=\"wp-caption-text\">El monte de la \u00e1nimas (B)<\/figcaption><\/figure>\n<figure id=\"attachment_2860\" aria-describedby=\"caption-attachment-2860\" style=\"width: 150px\" class=\"wp-caption alignleft\"><a href=\"https:\/\/drive.google.com\/file\/d\/15bsf6AofHs4ZOOf4uW963BoKOHdMsRGZ\/view?usp=sharing\"><img loading=\"lazy\" decoding=\"async\" class=\"wp-image-2860 size-thumbnail\" src=\"https:\/\/agora.xtec.cat\/iespolinya\/wp-content\/uploads\/usu392\/2019\/01\/Captura-de-Pantalla-2019-01-08-a-les-12.23.58-150x150.png\" alt=\"\" width=\"150\" height=\"150\" \/><\/a><figcaption id=\"caption-attachment-2860\" class=\"wp-caption-text\">El rayo de luna (B)<\/figcaption><\/figure>\n<figure id=\"attachment_2858\" aria-describedby=\"caption-attachment-2858\" style=\"width: 150px\" class=\"wp-caption alignleft\"><a href=\"https:\/\/drive.google.com\/file\/d\/1_3a5Qoho3-qBrkFA29-gtU3-tbFYlKD-\/view?usp=sharing\"><img loading=\"lazy\" decoding=\"async\" class=\"size-thumbnail wp-image-2858\" src=\"https:\/\/agora.xtec.cat\/iespolinya\/wp-content\/uploads\/usu392\/2019\/01\/Captura-de-Pantalla-2019-01-08-a-les-12.24.13-150x150.png\" alt=\"\" width=\"150\" height=\"150\" srcset=\"https:\/\/agora.xtec.cat\/iespolinya\/wp-content\/uploads\/usu392\/2019\/01\/Captura-de-Pantalla-2019-01-08-a-les-12.24.13-150x150.png 150w, https:\/\/agora.xtec.cat\/iespolinya\/wp-content\/uploads\/usu392\/2019\/01\/Captura-de-Pantalla-2019-01-08-a-les-12.24.13-300x298.png 300w, https:\/\/agora.xtec.cat\/iespolinya\/wp-content\/uploads\/usu392\/2019\/01\/Captura-de-Pantalla-2019-01-08-a-les-12.24.13.png 594w\" sizes=\"auto, (max-width: 150px) 100vw, 150px\" \/><\/a><figcaption id=\"caption-attachment-2858\" class=\"wp-caption-text\">Los Ojos verdes (B)<\/figcaption><\/figure>\n<p>&nbsp;<\/p>\n","protected":false},"excerpt":{"rendered":"<p>Durante el primer trimestre los alumnos de 4A y 4B han estado trabajando algunas de las leyendas del poeta sevillano del siglo XIX. Despu\u00e9s de leer los textos y compararlos con algunas de las rimas, han estado trabajando en grupos para adaptar las historias y crear versiones cinematogr\u00e1ficas. Esto les ha dado la oportunidad de [&hellip;]<\/p>\n","protected":false},"author":1,"featured_media":2861,"comment_status":"open","ping_status":"closed","sticky":false,"template":"","format":"standard","meta":{"_bbp_topic_count":0,"_bbp_reply_count":0,"_bbp_total_topic_count":0,"_bbp_total_reply_count":0,"_bbp_voice_count":0,"_bbp_anonymous_reply_count":0,"_bbp_topic_count_hidden":0,"_bbp_reply_count_hidden":0,"_bbp_forum_subforum_count":0,"site-sidebar-layout":"default","site-content-layout":"","ast-site-content-layout":"","site-content-style":"default","site-sidebar-style":"default","ast-global-header-display":"","ast-banner-title-visibility":"","ast-main-header-display":"","ast-hfb-above-header-display":"","ast-hfb-below-header-display":"","ast-hfb-mobile-header-display":"","site-post-title":"","ast-breadcrumbs-content":"","ast-featured-img":"","footer-sml-layout":"","theme-transparent-header-meta":"","adv-header-id-meta":"","stick-header-meta":"","header-above-stick-meta":"","header-main-stick-meta":"","header-below-stick-meta":"","astra-migrate-meta-layouts":"default","ast-page-background-enabled":"default","ast-page-background-meta":{"desktop":{"background-color":"var(--ast-global-color-4)","background-image":"","background-repeat":"repeat","background-position":"center center","background-size":"auto","background-attachment":"scroll","background-type":"","background-media":"","overlay-type":"","overlay-color":"","overlay-opacity":"","overlay-gradient":""},"tablet":{"background-color":"","background-image":"","background-repeat":"repeat","background-position":"center center","background-size":"auto","background-attachment":"scroll","background-type":"","background-media":"","overlay-type":"","overlay-color":"","overlay-opacity":"","overlay-gradient":""},"mobile":{"background-color":"","background-image":"","background-repeat":"repeat","background-position":"center center","background-size":"auto","background-attachment":"scroll","background-type":"","background-media":"","overlay-type":"","overlay-color":"","overlay-opacity":"","overlay-gradient":""}},"ast-content-background-meta":{"desktop":{"background-color":"var(--ast-global-color-5)","background-image":"","background-repeat":"repeat","background-position":"center center","background-size":"auto","background-attachment":"scroll","background-type":"","background-media":"","overlay-type":"","overlay-color":"","overlay-opacity":"","overlay-gradient":""},"tablet":{"background-color":"var(--ast-global-color-5)","background-image":"","background-repeat":"repeat","background-position":"center center","background-size":"auto","background-attachment":"scroll","background-type":"","background-media":"","overlay-type":"","overlay-color":"","overlay-opacity":"","overlay-gradient":""},"mobile":{"background-color":"var(--ast-global-color-5)","background-image":"","background-repeat":"repeat","background-position":"center center","background-size":"auto","background-attachment":"scroll","background-type":"","background-media":"","overlay-type":"","overlay-color":"","overlay-opacity":"","overlay-gradient":""}},"footnotes":""},"categories":[1,29],"tags":[37,61],"class_list":["post-2855","post","type-post","status-publish","format-standard","has-post-thumbnail","hentry","category-general","category-portada","tag-audiovisuals","tag-castella"],"post_mailing_queue_ids":[],"_links":{"self":[{"href":"https:\/\/agora.xtec.cat\/iespolinya\/wp-json\/wp\/v2\/posts\/2855","targetHints":{"allow":["GET"]}}],"collection":[{"href":"https:\/\/agora.xtec.cat\/iespolinya\/wp-json\/wp\/v2\/posts"}],"about":[{"href":"https:\/\/agora.xtec.cat\/iespolinya\/wp-json\/wp\/v2\/types\/post"}],"author":[{"embeddable":true,"href":"https:\/\/agora.xtec.cat\/iespolinya\/wp-json\/wp\/v2\/users\/1"}],"replies":[{"embeddable":true,"href":"https:\/\/agora.xtec.cat\/iespolinya\/wp-json\/wp\/v2\/comments?post=2855"}],"version-history":[{"count":3,"href":"https:\/\/agora.xtec.cat\/iespolinya\/wp-json\/wp\/v2\/posts\/2855\/revisions"}],"predecessor-version":[{"id":3059,"href":"https:\/\/agora.xtec.cat\/iespolinya\/wp-json\/wp\/v2\/posts\/2855\/revisions\/3059"}],"wp:featuredmedia":[{"embeddable":true,"href":"https:\/\/agora.xtec.cat\/iespolinya\/wp-json\/wp\/v2\/media\/2861"}],"wp:attachment":[{"href":"https:\/\/agora.xtec.cat\/iespolinya\/wp-json\/wp\/v2\/media?parent=2855"}],"wp:term":[{"taxonomy":"category","embeddable":true,"href":"https:\/\/agora.xtec.cat\/iespolinya\/wp-json\/wp\/v2\/categories?post=2855"},{"taxonomy":"post_tag","embeddable":true,"href":"https:\/\/agora.xtec.cat\/iespolinya\/wp-json\/wp\/v2\/tags?post=2855"}],"curies":[{"name":"wp","href":"https:\/\/api.w.org\/{rel}","templated":true}]}}