{"id":2365,"date":"2018-04-24T08:28:10","date_gmt":"2018-04-24T06:28:10","guid":{"rendered":"http:\/\/agora.xtec.cat\/iespolinya\/?p=2365"},"modified":"2018-11-03T22:24:47","modified_gmt":"2018-11-03T21:24:47","slug":"salo-del-comic-de-barcelona","status":"publish","type":"post","link":"https:\/\/agora.xtec.cat\/iespolinya\/portada\/salo-del-comic-de-barcelona\/","title":{"rendered":"SAL\u00d3 DEL C\u00d2MIC DE BARCELONA"},"content":{"rendered":"<div class=\"_5pbx userContent _3576\" data-ft=\"{&quot;tn&quot;:&quot;K&quot;}\">\n<p>Durant aquest mes d&#8217;abril, els alumnes de 3r ESO van visitar el 36\u00e8 Sal\u00f3 del C\u00f2mic de Barcelona. Van poder veure diferents expositors, editorials i treballs independents aix\u00ed com participar en tallers i xerrades.<\/p>\n<\/div>\n<div class=\"_3x-2\" data-ft=\"{&quot;tn&quot;:&quot;H&quot;}\"><a href=\"http:\/\/agora.xtec.cat\/iespolinya\/wp-content\/uploads\/usu392\/2018\/04\/93D83F75-6A00-469F-BC64-282205050C57.jpg\"><img loading=\"lazy\" decoding=\"async\" class=\"alignnone size-full wp-image-2366\" src=\"http:\/\/agora.xtec.cat\/iespolinya\/wp-content\/uploads\/usu392\/2018\/04\/93D83F75-6A00-469F-BC64-282205050C57.jpg\" alt=\"\" width=\"2048\" height=\"2048\" srcset=\"https:\/\/agora.xtec.cat\/iespolinya\/wp-content\/uploads\/usu392\/2018\/04\/93D83F75-6A00-469F-BC64-282205050C57.jpg 2048w, https:\/\/agora.xtec.cat\/iespolinya\/wp-content\/uploads\/usu392\/2018\/04\/93D83F75-6A00-469F-BC64-282205050C57-150x150.jpg 150w, https:\/\/agora.xtec.cat\/iespolinya\/wp-content\/uploads\/usu392\/2018\/04\/93D83F75-6A00-469F-BC64-282205050C57-300x300.jpg 300w, https:\/\/agora.xtec.cat\/iespolinya\/wp-content\/uploads\/usu392\/2018\/04\/93D83F75-6A00-469F-BC64-282205050C57-768x768.jpg 768w, https:\/\/agora.xtec.cat\/iespolinya\/wp-content\/uploads\/usu392\/2018\/04\/93D83F75-6A00-469F-BC64-282205050C57-1024x1024.jpg 1024w\" sizes=\"auto, (max-width: 2048px) 100vw, 2048px\" \/><\/a><\/div>\n","protected":false},"excerpt":{"rendered":"<p>Durant aquest mes d&#8217;abril, els alumnes de 3r ESO van visitar el 36\u00e8 Sal\u00f3 del C\u00f2mic de Barcelona. Van poder veure diferents expositors, editorials i treballs independents aix\u00ed com participar en tallers i xerrades.<\/p>\n","protected":false},"author":1,"featured_media":2366,"comment_status":"open","ping_status":"closed","sticky":false,"template":"","format":"standard","meta":{"_bbp_topic_count":0,"_bbp_reply_count":0,"_bbp_total_topic_count":0,"_bbp_total_reply_count":0,"_bbp_voice_count":0,"_bbp_anonymous_reply_count":0,"_bbp_topic_count_hidden":0,"_bbp_reply_count_hidden":0,"_bbp_forum_subforum_count":0,"site-sidebar-layout":"default","site-content-layout":"","ast-site-content-layout":"","site-content-style":"default","site-sidebar-style":"default","ast-global-header-display":"","ast-banner-title-visibility":"","ast-main-header-display":"","ast-hfb-above-header-display":"","ast-hfb-below-header-display":"","ast-hfb-mobile-header-display":"","site-post-title":"","ast-breadcrumbs-content":"","ast-featured-img":"","footer-sml-layout":"","theme-transparent-header-meta":"","adv-header-id-meta":"","stick-header-meta":"","header-above-stick-meta":"","header-main-stick-meta":"","header-below-stick-meta":"","astra-migrate-meta-layouts":"default","ast-page-background-enabled":"default","ast-page-background-meta":{"desktop":{"background-color":"var(--ast-global-color-4)","background-image":"","background-repeat":"repeat","background-position":"center center","background-size":"auto","background-attachment":"scroll","background-type":"","background-media":"","overlay-type":"","overlay-color":"","overlay-opacity":"","overlay-gradient":""},"tablet":{"background-color":"","background-image":"","background-repeat":"repeat","background-position":"center center","background-size":"auto","background-attachment":"scroll","background-type":"","background-media":"","overlay-type":"","overlay-color":"","overlay-opacity":"","overlay-gradient":""},"mobile":{"background-color":"","background-image":"","background-repeat":"repeat","background-position":"center center","background-size":"auto","background-attachment":"scroll","background-type":"","background-media":"","overlay-type":"","overlay-color":"","overlay-opacity":"","overlay-gradient":""}},"ast-content-background-meta":{"desktop":{"background-color":"var(--ast-global-color-5)","background-image":"","background-repeat":"repeat","background-position":"center center","background-size":"auto","background-attachment":"scroll","background-type":"","background-media":"","overlay-type":"","overlay-color":"","overlay-opacity":"","overlay-gradient":""},"tablet":{"background-color":"var(--ast-global-color-5)","background-image":"","background-repeat":"repeat","background-position":"center center","background-size":"auto","background-attachment":"scroll","background-type":"","background-media":"","overlay-type":"","overlay-color":"","overlay-opacity":"","overlay-gradient":""},"mobile":{"background-color":"var(--ast-global-color-5)","background-image":"","background-repeat":"repeat","background-position":"center center","background-size":"auto","background-attachment":"scroll","background-type":"","background-media":"","overlay-type":"","overlay-color":"","overlay-opacity":"","overlay-gradient":""}},"footnotes":""},"categories":[29],"tags":[62,135],"class_list":["post-2365","post","type-post","status-publish","format-standard","has-post-thumbnail","hentry","category-portada","tag-catala","tag-comic"],"post_mailing_queue_ids":[],"_links":{"self":[{"href":"https:\/\/agora.xtec.cat\/iespolinya\/wp-json\/wp\/v2\/posts\/2365","targetHints":{"allow":["GET"]}}],"collection":[{"href":"https:\/\/agora.xtec.cat\/iespolinya\/wp-json\/wp\/v2\/posts"}],"about":[{"href":"https:\/\/agora.xtec.cat\/iespolinya\/wp-json\/wp\/v2\/types\/post"}],"author":[{"embeddable":true,"href":"https:\/\/agora.xtec.cat\/iespolinya\/wp-json\/wp\/v2\/users\/1"}],"replies":[{"embeddable":true,"href":"https:\/\/agora.xtec.cat\/iespolinya\/wp-json\/wp\/v2\/comments?post=2365"}],"version-history":[{"count":1,"href":"https:\/\/agora.xtec.cat\/iespolinya\/wp-json\/wp\/v2\/posts\/2365\/revisions"}],"predecessor-version":[{"id":2367,"href":"https:\/\/agora.xtec.cat\/iespolinya\/wp-json\/wp\/v2\/posts\/2365\/revisions\/2367"}],"wp:featuredmedia":[{"embeddable":true,"href":"https:\/\/agora.xtec.cat\/iespolinya\/wp-json\/wp\/v2\/media\/2366"}],"wp:attachment":[{"href":"https:\/\/agora.xtec.cat\/iespolinya\/wp-json\/wp\/v2\/media?parent=2365"}],"wp:term":[{"taxonomy":"category","embeddable":true,"href":"https:\/\/agora.xtec.cat\/iespolinya\/wp-json\/wp\/v2\/categories?post=2365"},{"taxonomy":"post_tag","embeddable":true,"href":"https:\/\/agora.xtec.cat\/iespolinya\/wp-json\/wp\/v2\/tags?post=2365"}],"curies":[{"name":"wp","href":"https:\/\/api.w.org\/{rel}","templated":true}]}}