{"id":2230,"date":"2018-02-28T20:47:55","date_gmt":"2018-02-28T19:47:55","guid":{"rendered":"http:\/\/agora.xtec.cat\/iespolinya\/?p=2230"},"modified":"2020-03-10T10:19:23","modified_gmt":"2020-03-10T09:19:23","slug":"9e-festival-solidari","status":"publish","type":"post","link":"https:\/\/agora.xtec.cat\/iespolinya\/general\/9e-festival-solidari\/","title":{"rendered":"9\u00e8 FESTIVAL SOLIDARI"},"content":{"rendered":"<p style=\"text-align: left;\">Ja tenim el cartell de 9\u00e8 FESTIVAL SOLIDARI!<\/p>\n<p style=\"text-align: left;\"><a href=\"http:\/\/agora.xtec.cat\/iespolinya\/wp-content\/uploads\/usu392\/2018\/02\/Cartell-Festival-Solidari.jpg\"><img loading=\"lazy\" decoding=\"async\" class=\"wp-image-2232 aligncenter\" src=\"http:\/\/agora.xtec.cat\/iespolinya\/wp-content\/uploads\/usu392\/2018\/02\/Cartell-Festival-Solidari-212x300.jpg\" alt=\"\" width=\"376\" height=\"532\" srcset=\"https:\/\/agora.xtec.cat\/iespolinya\/wp-content\/uploads\/usu392\/2018\/02\/Cartell-Festival-Solidari-212x300.jpg 212w, https:\/\/agora.xtec.cat\/iespolinya\/wp-content\/uploads\/usu392\/2018\/02\/Cartell-Festival-Solidari-724x1024.jpg 724w, https:\/\/agora.xtec.cat\/iespolinya\/wp-content\/uploads\/usu392\/2018\/02\/Cartell-Festival-Solidari.jpg 764w\" sizes=\"auto, (max-width: 376px) 100vw, 376px\" \/><\/a><\/p>\n<div class=\"page\" title=\"Page 1\">\n<div class=\"layoutArea\">\n<div class=\"column\">\n<p style=\"text-align: center;\">Cartell gentilesa de Mireia Retuerta de 3r d\u2019ESO<\/p>\n<\/div>\n<\/div>\n<\/div>\n<p style=\"text-align: left;\">Aquest cop la recaptaci\u00f3 anir\u00e0 adre\u00e7ada a l&#8217;ONG de Poliny\u00e0 <a href=\"http:\/\/www.ohanadental.org\/\">OHANA<\/a>, formada per una fam\u00edlia que porta un programa solidari de salut dental des del seu gabinet.<\/p>\n","protected":false},"excerpt":{"rendered":"<p>Ja tenim el cartell de 9\u00e8 FESTIVAL SOLIDARI! Cartell gentilesa de Mireia Retuerta de 3r d\u2019ESO Aquest cop la recaptaci\u00f3 anir\u00e0 adre\u00e7ada a l&#8217;ONG de Poliny\u00e0 OHANA, formada per una fam\u00edlia que porta un programa solidari de salut dental des del seu gabinet.<\/p>\n","protected":false},"author":1,"featured_media":0,"comment_status":"open","ping_status":"closed","sticky":false,"template":"","format":"standard","meta":{"_bbp_topic_count":0,"_bbp_reply_count":0,"_bbp_total_topic_count":0,"_bbp_total_reply_count":0,"_bbp_voice_count":0,"_bbp_anonymous_reply_count":0,"_bbp_topic_count_hidden":0,"_bbp_reply_count_hidden":0,"_bbp_forum_subforum_count":0,"site-sidebar-layout":"default","site-content-layout":"","ast-site-content-layout":"","site-content-style":"default","site-sidebar-style":"default","ast-global-header-display":"","ast-banner-title-visibility":"","ast-main-header-display":"","ast-hfb-above-header-display":"","ast-hfb-below-header-display":"","ast-hfb-mobile-header-display":"","site-post-title":"","ast-breadcrumbs-content":"","ast-featured-img":"","footer-sml-layout":"","theme-transparent-header-meta":"","adv-header-id-meta":"","stick-header-meta":"","header-above-stick-meta":"","header-main-stick-meta":"","header-below-stick-meta":"","astra-migrate-meta-layouts":"default","ast-page-background-enabled":"default","ast-page-background-meta":{"desktop":{"background-color":"var(--ast-global-color-4)","background-image":"","background-repeat":"repeat","background-position":"center center","background-size":"auto","background-attachment":"scroll","background-type":"","background-media":"","overlay-type":"","overlay-color":"","overlay-opacity":"","overlay-gradient":""},"tablet":{"background-color":"","background-image":"","background-repeat":"repeat","background-position":"center center","background-size":"auto","background-attachment":"scroll","background-type":"","background-media":"","overlay-type":"","overlay-color":"","overlay-opacity":"","overlay-gradient":""},"mobile":{"background-color":"","background-image":"","background-repeat":"repeat","background-position":"center center","background-size":"auto","background-attachment":"scroll","background-type":"","background-media":"","overlay-type":"","overlay-color":"","overlay-opacity":"","overlay-gradient":""}},"ast-content-background-meta":{"desktop":{"background-color":"var(--ast-global-color-5)","background-image":"","background-repeat":"repeat","background-position":"center center","background-size":"auto","background-attachment":"scroll","background-type":"","background-media":"","overlay-type":"","overlay-color":"","overlay-opacity":"","overlay-gradient":""},"tablet":{"background-color":"var(--ast-global-color-5)","background-image":"","background-repeat":"repeat","background-position":"center center","background-size":"auto","background-attachment":"scroll","background-type":"","background-media":"","overlay-type":"","overlay-color":"","overlay-opacity":"","overlay-gradient":""},"mobile":{"background-color":"var(--ast-global-color-5)","background-image":"","background-repeat":"repeat","background-position":"center center","background-size":"auto","background-attachment":"scroll","background-type":"","background-media":"","overlay-type":"","overlay-color":"","overlay-opacity":"","overlay-gradient":""}},"footnotes":""},"categories":[1,29],"tags":[142,112],"class_list":["post-2230","post","type-post","status-publish","format-standard","hentry","category-general","category-portada","tag-concert-solidari","tag-solidaritat"],"post_mailing_queue_ids":[],"_links":{"self":[{"href":"https:\/\/agora.xtec.cat\/iespolinya\/wp-json\/wp\/v2\/posts\/2230","targetHints":{"allow":["GET"]}}],"collection":[{"href":"https:\/\/agora.xtec.cat\/iespolinya\/wp-json\/wp\/v2\/posts"}],"about":[{"href":"https:\/\/agora.xtec.cat\/iespolinya\/wp-json\/wp\/v2\/types\/post"}],"author":[{"embeddable":true,"href":"https:\/\/agora.xtec.cat\/iespolinya\/wp-json\/wp\/v2\/users\/1"}],"replies":[{"embeddable":true,"href":"https:\/\/agora.xtec.cat\/iespolinya\/wp-json\/wp\/v2\/comments?post=2230"}],"version-history":[{"count":3,"href":"https:\/\/agora.xtec.cat\/iespolinya\/wp-json\/wp\/v2\/posts\/2230\/revisions"}],"predecessor-version":[{"id":2245,"href":"https:\/\/agora.xtec.cat\/iespolinya\/wp-json\/wp\/v2\/posts\/2230\/revisions\/2245"}],"wp:attachment":[{"href":"https:\/\/agora.xtec.cat\/iespolinya\/wp-json\/wp\/v2\/media?parent=2230"}],"wp:term":[{"taxonomy":"category","embeddable":true,"href":"https:\/\/agora.xtec.cat\/iespolinya\/wp-json\/wp\/v2\/categories?post=2230"},{"taxonomy":"post_tag","embeddable":true,"href":"https:\/\/agora.xtec.cat\/iespolinya\/wp-json\/wp\/v2\/tags?post=2230"}],"curies":[{"name":"wp","href":"https:\/\/api.w.org\/{rel}","templated":true}]}}