{"id":2067,"date":"2017-12-05T08:26:08","date_gmt":"2017-12-05T07:26:08","guid":{"rendered":"http:\/\/agora.xtec.cat\/iespolinya\/?p=2067"},"modified":"2018-11-03T22:28:00","modified_gmt":"2018-11-03T21:28:00","slug":"setmana-de-la-ciencia","status":"publish","type":"post","link":"https:\/\/agora.xtec.cat\/iespolinya\/general\/setmana-de-la-ciencia\/","title":{"rendered":"Setmana de la Ci\u00e8ncia"},"content":{"rendered":"<div class=\"ast-oembed-container \" style=\"height: 100%;\"><iframe loading=\"lazy\" title=\"Setmana Cie\u0300ncia\" width=\"500\" height=\"281\" src=\"https:\/\/www.youtube.com\/embed\/lF21jBArIHM?feature=oembed\" frameborder=\"0\" allow=\"accelerometer; autoplay; clipboard-write; encrypted-media; gyroscope; picture-in-picture; web-share\" referrerpolicy=\"strict-origin-when-cross-origin\" allowfullscreen><\/iframe><\/div>\n<p>\u200b<!--more-->Com cada any i amb motiu de la celebraci\u00f3 de la Setmana de la Ci\u00e8ncia, els professors del Departament de Ci\u00e8ncies han organitzat tot un seguit d&#8217;activitats que s&#8217;han dut a terme al llarg de tot el mes de novembre<span class=\"hiddenGrammarError\">\u200b.<\/span><br \/>\nVisita al Museu Blau de Barcelona els grups de primer d&#8217;ESO. Sortida que han preparat els alumnes a classe a partir de la proposta d&#8217;un projecte que contemplava investigar cada grup quins mitjans de transport calia fer servir per arribar-hi, on s&#8217;adquirien les targetes i quan preu hauria de pagar cada alumne.<\/p>\n<p><!--more-->En el museu han treballat el concepte de vida utilitzant diverses metodologies i per acabar han realitzat un taller on han elaborat un p\u00f2ster dels conceptes treballats.<br \/>\nDiverses sessions de treball al laboratori en els grups de segon i quart d&#8217;ESO<br \/>\nVisita al Centre de Tractament de Residus del Vall\u00e8s Occidental els grups de tercer d&#8217;ESO que ha contemplat tamb\u00e9 la realitzaci\u00f3 d&#8217;un taller pr\u00e0ctic en els laboratoris de les instal\u00b7lacions.<br \/>\nAssist\u00e8ncia a la confer\u00e8ncia: &#8220;Nanoci\u00e8ncia i nanotecnologia&#8221; a c\u00e0rrec de Xavier \u00c1lvarez a l&#8217;Institut <span class=\"hiddenSpellError\">Ram\u00f3n<\/span> <span class=\"hiddenSpellError\">Casas<\/span> i Carb\u00f3 de Palau de Plegamans els grups de Batxillerat.<br \/>\nPer acabar, amb motiu del projecte que duen a terme el grup de primer d&#8217;ESO D, aquest any s&#8217;ha muntat durant tot el mes l&#8217;exposici\u00f3 &#8220;Salvem un arbre&#8221;, cedida per Can Bofill de Torredembarra que podreu visitar fins al mes de gener.<\/p>\n<p>Esperem que gaudiu amb aquest recull de fotografies de les activitats.<\/p>\n<p>&nbsp;<\/p>\n","protected":false},"excerpt":{"rendered":"<p>\u200b<\/p>\n","protected":false},"author":1,"featured_media":0,"comment_status":"closed","ping_status":"closed","sticky":false,"template":"","format":"standard","meta":{"_bbp_topic_count":0,"_bbp_reply_count":0,"_bbp_total_topic_count":0,"_bbp_total_reply_count":0,"_bbp_voice_count":0,"_bbp_anonymous_reply_count":0,"_bbp_topic_count_hidden":0,"_bbp_reply_count_hidden":0,"_bbp_forum_subforum_count":0,"site-sidebar-layout":"default","site-content-layout":"","ast-site-content-layout":"","site-content-style":"default","site-sidebar-style":"default","ast-global-header-display":"","ast-banner-title-visibility":"","ast-main-header-display":"","ast-hfb-above-header-display":"","ast-hfb-below-header-display":"","ast-hfb-mobile-header-display":"","site-post-title":"","ast-breadcrumbs-content":"","ast-featured-img":"","footer-sml-layout":"","theme-transparent-header-meta":"","adv-header-id-meta":"","stick-header-meta":"","header-above-stick-meta":"","header-main-stick-meta":"","header-below-stick-meta":"","astra-migrate-meta-layouts":"default","ast-page-background-enabled":"default","ast-page-background-meta":{"desktop":{"background-color":"var(--ast-global-color-4)","background-image":"","background-repeat":"repeat","background-position":"center center","background-size":"auto","background-attachment":"scroll","background-type":"","background-media":"","overlay-type":"","overlay-color":"","overlay-opacity":"","overlay-gradient":""},"tablet":{"background-color":"","background-image":"","background-repeat":"repeat","background-position":"center center","background-size":"auto","background-attachment":"scroll","background-type":"","background-media":"","overlay-type":"","overlay-color":"","overlay-opacity":"","overlay-gradient":""},"mobile":{"background-color":"","background-image":"","background-repeat":"repeat","background-position":"center center","background-size":"auto","background-attachment":"scroll","background-type":"","background-media":"","overlay-type":"","overlay-color":"","overlay-opacity":"","overlay-gradient":""}},"ast-content-background-meta":{"desktop":{"background-color":"var(--ast-global-color-5)","background-image":"","background-repeat":"repeat","background-position":"center center","background-size":"auto","background-attachment":"scroll","background-type":"","background-media":"","overlay-type":"","overlay-color":"","overlay-opacity":"","overlay-gradient":""},"tablet":{"background-color":"var(--ast-global-color-5)","background-image":"","background-repeat":"repeat","background-position":"center center","background-size":"auto","background-attachment":"scroll","background-type":"","background-media":"","overlay-type":"","overlay-color":"","overlay-opacity":"","overlay-gradient":""},"mobile":{"background-color":"var(--ast-global-color-5)","background-image":"","background-repeat":"repeat","background-position":"center center","background-size":"auto","background-attachment":"scroll","background-type":"","background-media":"","overlay-type":"","overlay-color":"","overlay-opacity":"","overlay-gradient":""}},"footnotes":""},"categories":[1,29],"tags":[136],"class_list":["post-2067","post","type-post","status-publish","format-standard","hentry","category-general","category-portada","tag-ciencies"],"post_mailing_queue_ids":[],"_links":{"self":[{"href":"https:\/\/agora.xtec.cat\/iespolinya\/wp-json\/wp\/v2\/posts\/2067","targetHints":{"allow":["GET"]}}],"collection":[{"href":"https:\/\/agora.xtec.cat\/iespolinya\/wp-json\/wp\/v2\/posts"}],"about":[{"href":"https:\/\/agora.xtec.cat\/iespolinya\/wp-json\/wp\/v2\/types\/post"}],"author":[{"embeddable":true,"href":"https:\/\/agora.xtec.cat\/iespolinya\/wp-json\/wp\/v2\/users\/1"}],"replies":[{"embeddable":true,"href":"https:\/\/agora.xtec.cat\/iespolinya\/wp-json\/wp\/v2\/comments?post=2067"}],"version-history":[{"count":3,"href":"https:\/\/agora.xtec.cat\/iespolinya\/wp-json\/wp\/v2\/posts\/2067\/revisions"}],"predecessor-version":[{"id":2152,"href":"https:\/\/agora.xtec.cat\/iespolinya\/wp-json\/wp\/v2\/posts\/2067\/revisions\/2152"}],"wp:attachment":[{"href":"https:\/\/agora.xtec.cat\/iespolinya\/wp-json\/wp\/v2\/media?parent=2067"}],"wp:term":[{"taxonomy":"category","embeddable":true,"href":"https:\/\/agora.xtec.cat\/iespolinya\/wp-json\/wp\/v2\/categories?post=2067"},{"taxonomy":"post_tag","embeddable":true,"href":"https:\/\/agora.xtec.cat\/iespolinya\/wp-json\/wp\/v2\/tags?post=2067"}],"curies":[{"name":"wp","href":"https:\/\/api.w.org\/{rel}","templated":true}]}}