{"id":1921,"date":"2017-09-14T10:21:48","date_gmt":"2017-09-14T08:21:48","guid":{"rendered":"http:\/\/agora.xtec.cat\/iespolinya\/?p=1921"},"modified":"2019-12-19T11:33:57","modified_gmt":"2019-12-19T10:33:57","slug":"contra-lodi-i-la-discriminacio","status":"publish","type":"post","link":"https:\/\/agora.xtec.cat\/iespolinya\/general\/contra-lodi-i-la-discriminacio\/","title":{"rendered":"Benvinguts al curs 2017-18"},"content":{"rendered":"<p>&nbsp;<\/p>\n<p>Benvolguts alumnes, benvolgudes fam\u00edlies i col\u00b7laboradors, benvinguts al nou curs 2017-18.<\/p>\n<p>Nois i noies de 1r d\u2019ESO, ahir, per primera vegada, vau omplir els passadissos d\u2019alegria i d\u2019il\u00b7lusi\u00f3. Us donem la benvinguda, ja sou part de la nostra comunitat, i desitgem que el vostre pas per l\u2019Institut sigui una de les etapes m\u00e9s profitoses de les vostres vides.<!--more--><\/p>\n<p>Alumnes d\u2019ESO i Batxillerat, ahir torn\u00e0veu m\u00e9s alts i m\u00e9s madurs, i a mida que an\u00e0veu omplint les aules la sensaci\u00f3 era la de retrobar-se amb vells amics. Que tingueu un bon curs.<\/p>\n<p>L\u2019estiu ha estat llarg i ple de d\u2019emocions, per\u00f2 tamb\u00e9 de fets que molts de\u00a0 nosaltres encara no ens sabem explicar ben b\u00e9. El que avui volem traslladar-vos \u00e9s la convicci\u00f3 que la bondat \u00e9s la millor resposta davant la barb\u00e0rie i la deshum<a href=\"http:\/\/agora.xtec.cat\/iespolinya\/wp-content\/uploads\/usu392\/2017\/09\/IMG_20170914_080646-e1505376951432.jpg\"><br \/>\n<\/a>anitzaci\u00f3. Fem de la bondat una actitud personal i col\u00b7lectiva i la nostra societat ser\u00e0 m\u00e9s justa, m\u00e9s lliure, m\u00e9s feli\u00e7.<\/p>\n<p><a href=\"http:\/\/agora.xtec.cat\/iespolinya\/wp-content\/uploads\/usu392\/2017\/09\/IMG_20170914_080646-e1505376951432.jpg\"><img loading=\"lazy\" decoding=\"async\" class=\"alignnone size-full wp-image-1922\" src=\"http:\/\/agora.xtec.cat\/iespolinya\/wp-content\/uploads\/usu392\/2017\/09\/IMG_20170914_080646-e1505376951432.jpg\" alt=\"\" width=\"3263\" height=\"1835\" srcset=\"https:\/\/agora.xtec.cat\/iespolinya\/wp-content\/uploads\/usu392\/2017\/09\/IMG_20170914_080646-e1505376951432.jpg 3263w, https:\/\/agora.xtec.cat\/iespolinya\/wp-content\/uploads\/usu392\/2017\/09\/IMG_20170914_080646-e1505376951432-300x169.jpg 300w, https:\/\/agora.xtec.cat\/iespolinya\/wp-content\/uploads\/usu392\/2017\/09\/IMG_20170914_080646-e1505376951432-768x432.jpg 768w, https:\/\/agora.xtec.cat\/iespolinya\/wp-content\/uploads\/usu392\/2017\/09\/IMG_20170914_080646-e1505376951432-1024x576.jpg 1024w\" sizes=\"auto, (max-width: 3263px) 100vw, 3263px\" \/><\/a><\/p>\n<p>Per acabar, volem compartir amb vosaltres unes paraules de Mandela on defensa la bondat com a actitud vital fins i tot en situacions tan dif\u00edcils com els vint-i-set anys que va romandre a la pres\u00f3:<\/p>\n<p><em>\u00a0<\/em><em>\u201cSempre he sabut que en la profunditat del cor hum\u00e0 hi ha miseric\u00f2rdia i generositat. Ning\u00fa neix odiant a una altra persona per ra\u00f3 de pell, origen, formaci\u00f3 o religi\u00f3. La gent apr\u00e8n a odiar, i si homes i dones poden aprendre a odiar tamb\u00e9 poden aprendre a perdonar i a estimar. L\u2019amor \u00e9s m\u00e9s natural al cor hum\u00e0 que el seu oposat, l\u2019odi. Fins i tot en els moments m\u00e9s horrorosos a la pres\u00f3, quan els meus companys i jo \u00e9rem empesos al buit, podria veure una espurna d\u2019humanitat en els guardians. Potser nom\u00e9s un segon, per\u00f2 era suficient per confiar en la bondat de l\u2019\u00e9sser hum\u00e0\u201d.<\/em><\/p>\n<p>&nbsp;<\/p>\n<p>Gr\u00e0cies per lluitar contra l\u2019odi i a favor de la bondat i la solidaritat.<\/p>\n","protected":false},"excerpt":{"rendered":"<p>&nbsp; Benvolguts alumnes, benvolgudes fam\u00edlies i col\u00b7laboradors, benvinguts al nou curs 2017-18. Nois i noies de 1r d\u2019ESO, ahir, per primera vegada, vau omplir els passadissos d\u2019alegria i d\u2019il\u00b7lusi\u00f3. Us donem la benvinguda, ja sou part de la nostra comunitat, i desitgem que el vostre pas per l\u2019Institut sigui una de les etapes m\u00e9s profitoses [&hellip;]<\/p>\n","protected":false},"author":1,"featured_media":0,"comment_status":"open","ping_status":"closed","sticky":false,"template":"","format":"standard","meta":{"_bbp_topic_count":0,"_bbp_reply_count":0,"_bbp_total_topic_count":0,"_bbp_total_reply_count":0,"_bbp_voice_count":0,"_bbp_anonymous_reply_count":0,"_bbp_topic_count_hidden":0,"_bbp_reply_count_hidden":0,"_bbp_forum_subforum_count":0,"site-sidebar-layout":"default","site-content-layout":"","ast-site-content-layout":"","site-content-style":"default","site-sidebar-style":"default","ast-global-header-display":"","ast-banner-title-visibility":"","ast-main-header-display":"","ast-hfb-above-header-display":"","ast-hfb-below-header-display":"","ast-hfb-mobile-header-display":"","site-post-title":"","ast-breadcrumbs-content":"","ast-featured-img":"","footer-sml-layout":"","theme-transparent-header-meta":"","adv-header-id-meta":"","stick-header-meta":"","header-above-stick-meta":"","header-main-stick-meta":"","header-below-stick-meta":"","astra-migrate-meta-layouts":"default","ast-page-background-enabled":"default","ast-page-background-meta":{"desktop":{"background-color":"var(--ast-global-color-4)","background-image":"","background-repeat":"repeat","background-position":"center center","background-size":"auto","background-attachment":"scroll","background-type":"","background-media":"","overlay-type":"","overlay-color":"","overlay-opacity":"","overlay-gradient":""},"tablet":{"background-color":"","background-image":"","background-repeat":"repeat","background-position":"center center","background-size":"auto","background-attachment":"scroll","background-type":"","background-media":"","overlay-type":"","overlay-color":"","overlay-opacity":"","overlay-gradient":""},"mobile":{"background-color":"","background-image":"","background-repeat":"repeat","background-position":"center center","background-size":"auto","background-attachment":"scroll","background-type":"","background-media":"","overlay-type":"","overlay-color":"","overlay-opacity":"","overlay-gradient":""}},"ast-content-background-meta":{"desktop":{"background-color":"var(--ast-global-color-5)","background-image":"","background-repeat":"repeat","background-position":"center center","background-size":"auto","background-attachment":"scroll","background-type":"","background-media":"","overlay-type":"","overlay-color":"","overlay-opacity":"","overlay-gradient":""},"tablet":{"background-color":"var(--ast-global-color-5)","background-image":"","background-repeat":"repeat","background-position":"center center","background-size":"auto","background-attachment":"scroll","background-type":"","background-media":"","overlay-type":"","overlay-color":"","overlay-opacity":"","overlay-gradient":""},"mobile":{"background-color":"var(--ast-global-color-5)","background-image":"","background-repeat":"repeat","background-position":"center center","background-size":"auto","background-attachment":"scroll","background-type":"","background-media":"","overlay-type":"","overlay-color":"","overlay-opacity":"","overlay-gradient":""}},"footnotes":""},"categories":[1,29],"tags":[171,153],"class_list":["post-1921","post","type-post","status-publish","format-standard","hentry","category-general","category-portada","tag-acollida","tag-participacio"],"post_mailing_queue_ids":[],"_links":{"self":[{"href":"https:\/\/agora.xtec.cat\/iespolinya\/wp-json\/wp\/v2\/posts\/1921","targetHints":{"allow":["GET"]}}],"collection":[{"href":"https:\/\/agora.xtec.cat\/iespolinya\/wp-json\/wp\/v2\/posts"}],"about":[{"href":"https:\/\/agora.xtec.cat\/iespolinya\/wp-json\/wp\/v2\/types\/post"}],"author":[{"embeddable":true,"href":"https:\/\/agora.xtec.cat\/iespolinya\/wp-json\/wp\/v2\/users\/1"}],"replies":[{"embeddable":true,"href":"https:\/\/agora.xtec.cat\/iespolinya\/wp-json\/wp\/v2\/comments?post=1921"}],"version-history":[{"count":3,"href":"https:\/\/agora.xtec.cat\/iespolinya\/wp-json\/wp\/v2\/posts\/1921\/revisions"}],"predecessor-version":[{"id":1971,"href":"https:\/\/agora.xtec.cat\/iespolinya\/wp-json\/wp\/v2\/posts\/1921\/revisions\/1971"}],"wp:attachment":[{"href":"https:\/\/agora.xtec.cat\/iespolinya\/wp-json\/wp\/v2\/media?parent=1921"}],"wp:term":[{"taxonomy":"category","embeddable":true,"href":"https:\/\/agora.xtec.cat\/iespolinya\/wp-json\/wp\/v2\/categories?post=1921"},{"taxonomy":"post_tag","embeddable":true,"href":"https:\/\/agora.xtec.cat\/iespolinya\/wp-json\/wp\/v2\/tags?post=1921"}],"curies":[{"name":"wp","href":"https:\/\/api.w.org\/{rel}","templated":true}]}}