{"id":1841,"date":"2017-07-31T16:12:57","date_gmt":"2017-07-31T14:12:57","guid":{"rendered":"http:\/\/agora.xtec.cat\/iespolinya\/?p=1841"},"modified":"2019-02-20T22:06:39","modified_gmt":"2019-02-20T21:06:39","slug":"que-llegiras-aquest-estiu","status":"publish","type":"post","link":"https:\/\/agora.xtec.cat\/iespolinya\/general\/que-llegiras-aquest-estiu\/","title":{"rendered":"QU\u00c8 LLEGIR\u00c0S AQUEST ESTIU?"},"content":{"rendered":"<p><a href=\"http:\/\/agora.xtec.cat\/iespolinya\/wp-content\/uploads\/usu392\/2017\/07\/llegir-a-lestiu.jpg\"><img loading=\"lazy\" decoding=\"async\" class=\"size-full wp-image-1842\" src=\"http:\/\/agora.xtec.cat\/iespolinya\/wp-content\/uploads\/usu392\/2017\/07\/llegir-a-lestiu.jpg\" alt=\"\" width=\"1200\" height=\"670\" srcset=\"https:\/\/agora.xtec.cat\/iespolinya\/wp-content\/uploads\/usu392\/2017\/07\/llegir-a-lestiu.jpg 1200w, https:\/\/agora.xtec.cat\/iespolinya\/wp-content\/uploads\/usu392\/2017\/07\/llegir-a-lestiu-300x168.jpg 300w, https:\/\/agora.xtec.cat\/iespolinya\/wp-content\/uploads\/usu392\/2017\/07\/llegir-a-lestiu-768x429.jpg 768w, https:\/\/agora.xtec.cat\/iespolinya\/wp-content\/uploads\/usu392\/2017\/07\/llegir-a-lestiu-1024x572.jpg 1024w\" sizes=\"auto, (max-width: 1200px) 100vw, 1200px\" \/><\/a><\/p>\n<p>Benvolguts alumnes, professors, fam\u00edlies i amics del centre.<\/p>\n<p>Us desitgem unes pl\u00e0cides i fresques vacances, si pot ser, acompanyats d&#8217;un bon llibre!<\/p>\n<p>Fins al setembre.<\/p>\n<p><strong><em><a href=\"http:\/\/agora.xtec.cat\/iespolinya\/wp-content\/uploads\/usu392\/2017\/07\/la-pell-freda.jpg\"><img loading=\"lazy\" decoding=\"async\" class=\"wp-image-1847 alignleft\" src=\"http:\/\/agora.xtec.cat\/iespolinya\/wp-content\/uploads\/usu392\/2017\/07\/la-pell-freda.jpg\" alt=\"\" width=\"113\" height=\"172\" srcset=\"https:\/\/agora.xtec.cat\/iespolinya\/wp-content\/uploads\/usu392\/2017\/07\/la-pell-freda.jpg 329w, https:\/\/agora.xtec.cat\/iespolinya\/wp-content\/uploads\/usu392\/2017\/07\/la-pell-freda-198x300.jpg 198w\" sizes=\"auto, (max-width: 113px) 100vw, 113px\" \/><\/a>La pell freda.<\/em> ALBERT S\u00c1NCHEZ PI\u00d1OL. La Campana.<\/strong><\/p>\n<p>Novel\u00b7la sorprenent i trepidant, amb notes d&#8217;aventures, ci\u00e8ncia ficci\u00f3 i terror. El protagonista arriba a una illa per tal de rellevar el faroner, que \u00e9s el seu \u00fanic habitant. A la nit, per\u00f2, descobreix uns \u00e9ssers misteriosos. Una de les obres m\u00e9s tradu\u00efdes a altres idiomes de la literatura catalana. Aquesta tardor se n&#8217;estrenar\u00e0 una adaptaci\u00f3 cinematogr\u00e0fica.<\/p>\n<p><strong><em><a href=\"http:\/\/agora.xtec.cat\/iespolinya\/wp-content\/uploads\/usu392\/2017\/07\/siaixoesunhome.jpg\"><img loading=\"lazy\" decoding=\"async\" class=\"wp-image-1848 alignleft\" src=\"http:\/\/agora.xtec.cat\/iespolinya\/wp-content\/uploads\/usu392\/2017\/07\/siaixoesunhome.jpg\" alt=\"\" width=\"109\" height=\"170\" srcset=\"https:\/\/agora.xtec.cat\/iespolinya\/wp-content\/uploads\/usu392\/2017\/07\/siaixoesunhome.jpg 350w, https:\/\/agora.xtec.cat\/iespolinya\/wp-content\/uploads\/usu392\/2017\/07\/siaixoesunhome-191x300.jpg 191w\" sizes=\"auto, (max-width: 109px) 100vw, 109px\" \/><\/a>Si aix\u00f2 \u00e9s un home<\/em>, Primo Levi. La butxaca<\/strong><\/p>\n<p><strong>Primo Levi<\/strong><strong>,<\/strong> supervivent dels camps d&#8217;extermini d&#8217;Auschwitz, va escriure aquesta obra publicada el 1947, amb la\u00a0intenci\u00f3 de llegar a la humanitat un material de primer ordre per l&#8217;estudi de l&#8217;\u00e0nima i el comportament humans. \u00c9s un testimoni colpidor de la vida i la superviv\u00e8ncia als <em>lager<\/em> polonesos durant en els \u00faltims anys\u00a0de l&#8217;ocupaci\u00f3 nazi. La lectura de <em>Si aix\u00f2 \u00e9s un home<\/em> emociona el lector i alhora li permet de fondejar en les grandeses i les mis\u00e8ries de l&#8217;exist\u00e8ncia humana.<\/p>\n<p><strong><em><a href=\"http:\/\/agora.xtec.cat\/iespolinya\/wp-content\/uploads\/usu392\/2017\/07\/por_trece_razones.jpg\"><img loading=\"lazy\" decoding=\"async\" class=\"wp-image-1849 alignleft\" src=\"http:\/\/agora.xtec.cat\/iespolinya\/wp-content\/uploads\/usu392\/2017\/07\/por_trece_razones.jpg\" alt=\"\" width=\"103\" height=\"165\" \/><\/a>Por trece razones, <\/em>Joy Asher. Nube de tinta<\/strong><\/p>\n<p>Una caja, trece caras de casete, trece culpables y una v\u00edctima.<\/p>\n<p>Apenas han pasado dos semanas desde el suicido de Hanna, cuando Clay encuentra una misteriosa caja en la puerta de su casa. La caja contiene unos casetes que ser\u00e1n el comienzo de un perverso juego que involucrar\u00e1 a todos los responsables de la muerte de Hanna.<\/p>\n<p><a href=\"http:\/\/agora.xtec.cat\/iespolinya\/wp-content\/uploads\/usu392\/2017\/07\/fugiivos.jpg\"><img loading=\"lazy\" decoding=\"async\" class=\"wp-image-1850 alignleft\" src=\"http:\/\/agora.xtec.cat\/iespolinya\/wp-content\/uploads\/usu392\/2017\/07\/fugiivos.jpg\" alt=\"\" width=\"149\" height=\"149\" srcset=\"https:\/\/agora.xtec.cat\/iespolinya\/wp-content\/uploads\/usu392\/2017\/07\/fugiivos.jpg 500w, https:\/\/agora.xtec.cat\/iespolinya\/wp-content\/uploads\/usu392\/2017\/07\/fugiivos-150x150.jpg 150w, https:\/\/agora.xtec.cat\/iespolinya\/wp-content\/uploads\/usu392\/2017\/07\/fugiivos-300x300.jpg 300w\" sizes=\"auto, (max-width: 149px) 100vw, 149px\" \/><\/a><\/p>\n<p><strong>DALAS REVIEW, <em>Fugitivos en el tiempo.<\/em><\/strong><\/p>\n<p>\u00bfSabes?, estoy harto de esta clase de textos para la contracubierta de un libro. \u00bfCrees que unos peque\u00f1os p\u00e1rrafos van a poder resumir todas las cosas que ocurren en \u00e9l? Si te lo intento explicar, no podr\u00e1s entender lo que ocurrir\u00e1 en unas cuantas l\u00edneas.<\/p>\n<p>Mi nombre es Dalas Azahar, m\u00e1s conocido como Dalas Review. sin embargo es Uriel el verdadero autor de esta novela. Un delincuente inform\u00e1tico que terminar\u00e1 atrapado en el invento m\u00e1s grande y terror\u00edfico de la historia. Es necesario que olvides todo lo que creas saber hasta ahora sobre los viajes en el tiempo.<\/p>\n<p><img loading=\"lazy\" decoding=\"async\" class=\"wp-image-1851 alignleft\" src=\"http:\/\/agora.xtec.cat\/iespolinya\/wp-content\/uploads\/usu392\/2017\/07\/els-avantatges.jpg\" alt=\"\" width=\"125\" height=\"191\" srcset=\"https:\/\/agora.xtec.cat\/iespolinya\/wp-content\/uploads\/usu392\/2017\/07\/els-avantatges.jpg 400w, https:\/\/agora.xtec.cat\/iespolinya\/wp-content\/uploads\/usu392\/2017\/07\/els-avantatges-197x300.jpg 197w\" sizes=\"auto, (max-width: 125px) 100vw, 125px\" \/><strong>STEPHEN SCHBOSKY,\u00a0<em>Els avantatges de ser un marginat.<\/em><\/strong><\/p>\n<p>Charlie avui comen\u00e7a el seu primer dia a la secund\u00e0ria. Uns mesos abans un company de l&#8217;escola s&#8217;ha su\u00efcidat. Charli comen\u00e7a a escriure una s\u00e8rie de cartes a un destinatari desconegut, que s\u00f3n el testimoni de la vida a l&#8217;institut.<\/p>\n<div>\n<div class=\"nH\">\n<div class=\"nH\">\n<div class=\"nH bkL\">\n<div class=\"no\">\n<div class=\"nH bkK nn\">\n<div class=\"nH\">\n<div class=\"nH\">\n<div class=\"nH ar4 z\">\n<div class=\"aeI\">\n<div class=\"AO\">\n<div id=\":4\" class=\"Tm aeJ\">\n<div id=\":2\" class=\"aeF\">\n<div class=\"nH\">\n<div class=\"nH\">\n<div class=\"nH g\">\n<table class=\"Bs nH iY\" style=\"height: 159px;\" width=\"588\" cellpadding=\"0\">\n<tbody>\n<tr>\n<td class=\"Bu\" style=\"width: 582px;\"><\/td>\n<\/tr>\n<\/tbody>\n<\/table>\n<\/div>\n<\/div>\n<\/div>\n<\/div>\n<\/div>\n<\/div>\n<\/div>\n<\/div>\n<\/div>\n<\/div>\n<\/div>\n<\/div>\n<\/div>\n<\/div>\n<\/div>\n<\/div>\n","protected":false},"excerpt":{"rendered":"<p>Benvolguts alumnes, professors, fam\u00edlies i amics del centre. Us desitgem unes pl\u00e0cides i fresques vacances, si pot ser, acompanyats d&#8217;un bon llibre! Fins al setembre. La pell freda. ALBERT S\u00c1NCHEZ PI\u00d1OL. La Campana. Novel\u00b7la sorprenent i trepidant, amb notes d&#8217;aventures, ci\u00e8ncia ficci\u00f3 i terror. El protagonista arriba a una illa per tal de rellevar el [&hellip;]<\/p>\n","protected":false},"author":1,"featured_media":0,"comment_status":"open","ping_status":"closed","sticky":false,"template":"","format":"standard","meta":{"_bbp_topic_count":0,"_bbp_reply_count":0,"_bbp_total_topic_count":0,"_bbp_total_reply_count":0,"_bbp_voice_count":0,"_bbp_anonymous_reply_count":0,"_bbp_topic_count_hidden":0,"_bbp_reply_count_hidden":0,"_bbp_forum_subforum_count":0,"site-sidebar-layout":"default","site-content-layout":"","ast-site-content-layout":"","site-content-style":"default","site-sidebar-style":"default","ast-global-header-display":"","ast-banner-title-visibility":"","ast-main-header-display":"","ast-hfb-above-header-display":"","ast-hfb-below-header-display":"","ast-hfb-mobile-header-display":"","site-post-title":"","ast-breadcrumbs-content":"","ast-featured-img":"","footer-sml-layout":"","theme-transparent-header-meta":"","adv-header-id-meta":"","stick-header-meta":"","header-above-stick-meta":"","header-main-stick-meta":"","header-below-stick-meta":"","astra-migrate-meta-layouts":"default","ast-page-background-enabled":"default","ast-page-background-meta":{"desktop":{"background-color":"var(--ast-global-color-4)","background-image":"","background-repeat":"repeat","background-position":"center center","background-size":"auto","background-attachment":"scroll","background-type":"","background-media":"","overlay-type":"","overlay-color":"","overlay-opacity":"","overlay-gradient":""},"tablet":{"background-color":"","background-image":"","background-repeat":"repeat","background-position":"center center","background-size":"auto","background-attachment":"scroll","background-type":"","background-media":"","overlay-type":"","overlay-color":"","overlay-opacity":"","overlay-gradient":""},"mobile":{"background-color":"","background-image":"","background-repeat":"repeat","background-position":"center center","background-size":"auto","background-attachment":"scroll","background-type":"","background-media":"","overlay-type":"","overlay-color":"","overlay-opacity":"","overlay-gradient":""}},"ast-content-background-meta":{"desktop":{"background-color":"var(--ast-global-color-5)","background-image":"","background-repeat":"repeat","background-position":"center center","background-size":"auto","background-attachment":"scroll","background-type":"","background-media":"","overlay-type":"","overlay-color":"","overlay-opacity":"","overlay-gradient":""},"tablet":{"background-color":"var(--ast-global-color-5)","background-image":"","background-repeat":"repeat","background-position":"center center","background-size":"auto","background-attachment":"scroll","background-type":"","background-media":"","overlay-type":"","overlay-color":"","overlay-opacity":"","overlay-gradient":""},"mobile":{"background-color":"var(--ast-global-color-5)","background-image":"","background-repeat":"repeat","background-position":"center center","background-size":"auto","background-attachment":"scroll","background-type":"","background-media":"","overlay-type":"","overlay-color":"","overlay-opacity":"","overlay-gradient":""}},"footnotes":""},"categories":[1,29],"tags":[155],"class_list":["post-1841","post","type-post","status-publish","format-standard","hentry","category-general","category-portada","tag-lectures"],"post_mailing_queue_ids":[],"_links":{"self":[{"href":"https:\/\/agora.xtec.cat\/iespolinya\/wp-json\/wp\/v2\/posts\/1841","targetHints":{"allow":["GET"]}}],"collection":[{"href":"https:\/\/agora.xtec.cat\/iespolinya\/wp-json\/wp\/v2\/posts"}],"about":[{"href":"https:\/\/agora.xtec.cat\/iespolinya\/wp-json\/wp\/v2\/types\/post"}],"author":[{"embeddable":true,"href":"https:\/\/agora.xtec.cat\/iespolinya\/wp-json\/wp\/v2\/users\/1"}],"replies":[{"embeddable":true,"href":"https:\/\/agora.xtec.cat\/iespolinya\/wp-json\/wp\/v2\/comments?post=1841"}],"version-history":[{"count":1,"href":"https:\/\/agora.xtec.cat\/iespolinya\/wp-json\/wp\/v2\/posts\/1841\/revisions"}],"predecessor-version":[{"id":1852,"href":"https:\/\/agora.xtec.cat\/iespolinya\/wp-json\/wp\/v2\/posts\/1841\/revisions\/1852"}],"wp:attachment":[{"href":"https:\/\/agora.xtec.cat\/iespolinya\/wp-json\/wp\/v2\/media?parent=1841"}],"wp:term":[{"taxonomy":"category","embeddable":true,"href":"https:\/\/agora.xtec.cat\/iespolinya\/wp-json\/wp\/v2\/categories?post=1841"},{"taxonomy":"post_tag","embeddable":true,"href":"https:\/\/agora.xtec.cat\/iespolinya\/wp-json\/wp\/v2\/tags?post=1841"}],"curies":[{"name":"wp","href":"https:\/\/api.w.org\/{rel}","templated":true}]}}