{"id":1365,"date":"2017-03-02T12:09:24","date_gmt":"2017-03-02T11:09:24","guid":{"rendered":"http:\/\/agora.xtec.cat\/iespolinya\/?p=1365"},"modified":"2020-03-10T10:20:51","modified_gmt":"2020-03-10T09:20:51","slug":"viiie-concert-solidari","status":"publish","type":"post","link":"https:\/\/agora.xtec.cat\/iespolinya\/general\/viiie-concert-solidari\/","title":{"rendered":"VIII\u00e8 CONCERT SOLIDARI"},"content":{"rendered":"<p><a href=\"http:\/\/agora.xtec.cat\/iespolinya\/wp-content\/uploads\/usu392\/2017\/03\/CARTELL.jpg\"><img loading=\"lazy\" decoding=\"async\" class=\"wp-image-1366 alignleft\" src=\"http:\/\/agora.xtec.cat\/iespolinya\/wp-content\/uploads\/usu392\/2017\/03\/CARTELL.jpg\" alt=\"cartell\" width=\"382\" height=\"573\" srcset=\"https:\/\/agora.xtec.cat\/iespolinya\/wp-content\/uploads\/usu392\/2017\/03\/CARTELL.jpg 1066w, https:\/\/agora.xtec.cat\/iespolinya\/wp-content\/uploads\/usu392\/2017\/03\/CARTELL-200x300.jpg 200w, https:\/\/agora.xtec.cat\/iespolinya\/wp-content\/uploads\/usu392\/2017\/03\/CARTELL-768x1152.jpg 768w, https:\/\/agora.xtec.cat\/iespolinya\/wp-content\/uploads\/usu392\/2017\/03\/CARTELL-683x1024.jpg 683w\" sizes=\"auto, (max-width: 382px) 100vw, 382px\" \/><\/a>El proper divendres 3 de mar\u00e7 ens plau celebrar la vuitena edici\u00f3 del nostre <strong>Concert Solidari.<\/strong><\/p>\n<p>En darreres edicions hem recaptat fons a favor dels <a href=\"http:\/\/agora.xtec.cat\/iespolinya\/general\/vii-festival-solidari\/\">Pallapupes<\/a>, La Marat\u00f3, C\u00e0ritas de Poliny\u00e0 \u00a0o les associacions AVISM\u00d3N i Alba P\u00e9rez, entre d&#8217;altres.\u00a0 Enguany des de les aules ens hem sensibilitzat amb les situacions que viuen els <a href=\"http:\/\/agora.xtec.cat\/iespolinya\/general\/ser-refugiat-avui\/\">refugiats<\/a> d&#8217;arreu del m\u00f3n, hem conegut les dificultats que van viure els refugiats de la guerra civil espanyola. Per aix\u00f2 hem decidit recaptar diners per a la Fundaci\u00f3 <a href=\"https:\/\/www.proactivaopenarms.org\/es\">PROACTIVA OPEN ARMS<\/a>, que des de l&#8217;any 2014 mira de rescatar el m\u00e0xim de refugiats que naufraguen a les aig\u00fces de la Mediterr\u00e0nia.<\/p>\n<p>El Concert estar\u00e0 ple d&#8217;actuacions d&#8217;alumnes, exalumnes i enguany ens plau comunicar-vos la incorporaci\u00f3 \u00a0d\u2019alumnes de prim\u00e0ria del nostre municipi.\u00a0 Amb tots ells passarem una bona estona.<\/p>\n<p>Qu\u00e8? Us hi animeu?<\/p>\n<p>Comptem amb vosaltres!<\/p>\n<p>&nbsp;<\/p>\n<p>&nbsp;<\/p>\n","protected":false},"excerpt":{"rendered":"<p>El proper divendres 3 de mar\u00e7 ens plau celebrar la vuitena edici\u00f3 del nostre Concert Solidari. En darreres edicions hem recaptat fons a favor dels Pallapupes, La Marat\u00f3, C\u00e0ritas de Poliny\u00e0 \u00a0o les associacions AVISM\u00d3N i Alba P\u00e9rez, entre d&#8217;altres.\u00a0 Enguany des de les aules ens hem sensibilitzat amb les situacions que viuen els refugiats [&hellip;]<\/p>\n","protected":false},"author":1,"featured_media":1366,"comment_status":"open","ping_status":"open","sticky":false,"template":"","format":"standard","meta":{"_bbp_topic_count":0,"_bbp_reply_count":0,"_bbp_total_topic_count":0,"_bbp_total_reply_count":0,"_bbp_voice_count":0,"_bbp_anonymous_reply_count":0,"_bbp_topic_count_hidden":0,"_bbp_reply_count_hidden":0,"_bbp_forum_subforum_count":0,"site-sidebar-layout":"default","site-content-layout":"","ast-site-content-layout":"","site-content-style":"default","site-sidebar-style":"default","ast-global-header-display":"","ast-banner-title-visibility":"","ast-main-header-display":"","ast-hfb-above-header-display":"","ast-hfb-below-header-display":"","ast-hfb-mobile-header-display":"","site-post-title":"","ast-breadcrumbs-content":"","ast-featured-img":"","footer-sml-layout":"","theme-transparent-header-meta":"","adv-header-id-meta":"","stick-header-meta":"","header-above-stick-meta":"","header-main-stick-meta":"","header-below-stick-meta":"","astra-migrate-meta-layouts":"default","ast-page-background-enabled":"default","ast-page-background-meta":{"desktop":{"background-color":"var(--ast-global-color-4)","background-image":"","background-repeat":"repeat","background-position":"center center","background-size":"auto","background-attachment":"scroll","background-type":"","background-media":"","overlay-type":"","overlay-color":"","overlay-opacity":"","overlay-gradient":""},"tablet":{"background-color":"","background-image":"","background-repeat":"repeat","background-position":"center center","background-size":"auto","background-attachment":"scroll","background-type":"","background-media":"","overlay-type":"","overlay-color":"","overlay-opacity":"","overlay-gradient":""},"mobile":{"background-color":"","background-image":"","background-repeat":"repeat","background-position":"center center","background-size":"auto","background-attachment":"scroll","background-type":"","background-media":"","overlay-type":"","overlay-color":"","overlay-opacity":"","overlay-gradient":""}},"ast-content-background-meta":{"desktop":{"background-color":"var(--ast-global-color-5)","background-image":"","background-repeat":"repeat","background-position":"center center","background-size":"auto","background-attachment":"scroll","background-type":"","background-media":"","overlay-type":"","overlay-color":"","overlay-opacity":"","overlay-gradient":""},"tablet":{"background-color":"var(--ast-global-color-5)","background-image":"","background-repeat":"repeat","background-position":"center center","background-size":"auto","background-attachment":"scroll","background-type":"","background-media":"","overlay-type":"","overlay-color":"","overlay-opacity":"","overlay-gradient":""},"mobile":{"background-color":"var(--ast-global-color-5)","background-image":"","background-repeat":"repeat","background-position":"center center","background-size":"auto","background-attachment":"scroll","background-type":"","background-media":"","overlay-type":"","overlay-color":"","overlay-opacity":"","overlay-gradient":""}},"footnotes":""},"categories":[1,29],"tags":[142,112],"class_list":["post-1365","post","type-post","status-publish","format-standard","has-post-thumbnail","hentry","category-general","category-portada","tag-concert-solidari","tag-solidaritat"],"post_mailing_queue_ids":[],"_links":{"self":[{"href":"https:\/\/agora.xtec.cat\/iespolinya\/wp-json\/wp\/v2\/posts\/1365","targetHints":{"allow":["GET"]}}],"collection":[{"href":"https:\/\/agora.xtec.cat\/iespolinya\/wp-json\/wp\/v2\/posts"}],"about":[{"href":"https:\/\/agora.xtec.cat\/iespolinya\/wp-json\/wp\/v2\/types\/post"}],"author":[{"embeddable":true,"href":"https:\/\/agora.xtec.cat\/iespolinya\/wp-json\/wp\/v2\/users\/1"}],"replies":[{"embeddable":true,"href":"https:\/\/agora.xtec.cat\/iespolinya\/wp-json\/wp\/v2\/comments?post=1365"}],"version-history":[{"count":2,"href":"https:\/\/agora.xtec.cat\/iespolinya\/wp-json\/wp\/v2\/posts\/1365\/revisions"}],"predecessor-version":[{"id":1369,"href":"https:\/\/agora.xtec.cat\/iespolinya\/wp-json\/wp\/v2\/posts\/1365\/revisions\/1369"}],"wp:featuredmedia":[{"embeddable":true,"href":"https:\/\/agora.xtec.cat\/iespolinya\/wp-json\/wp\/v2\/media\/1366"}],"wp:attachment":[{"href":"https:\/\/agora.xtec.cat\/iespolinya\/wp-json\/wp\/v2\/media?parent=1365"}],"wp:term":[{"taxonomy":"category","embeddable":true,"href":"https:\/\/agora.xtec.cat\/iespolinya\/wp-json\/wp\/v2\/categories?post=1365"},{"taxonomy":"post_tag","embeddable":true,"href":"https:\/\/agora.xtec.cat\/iespolinya\/wp-json\/wp\/v2\/tags?post=1365"}],"curies":[{"name":"wp","href":"https:\/\/api.w.org\/{rel}","templated":true}]}}