{"id":1337,"date":"2017-02-05T21:00:45","date_gmt":"2017-02-05T20:00:45","guid":{"rendered":"http:\/\/agora.xtec.cat\/iespolinya\/?p=1337"},"modified":"2017-02-23T09:50:00","modified_gmt":"2017-02-23T08:50:00","slug":"ser-refugiat-avui","status":"publish","type":"post","link":"https:\/\/agora.xtec.cat\/iespolinya\/general\/ser-refugiat-avui\/","title":{"rendered":"SER REFUGIAT AVUI"},"content":{"rendered":"<p><a href=\"http:\/\/agora.xtec.cat\/iespolinya\/wp-content\/uploads\/usu392\/2017\/02\/CARTELLREFUGIATS.png\"><img loading=\"lazy\" decoding=\"async\" class=\"wp-image-1338 alignleft\" src=\"http:\/\/agora.xtec.cat\/iespolinya\/wp-content\/uploads\/usu392\/2017\/02\/CARTELLREFUGIATS.png\" alt=\"cartellrefugiats\" width=\"201\" height=\"298\" srcset=\"https:\/\/agora.xtec.cat\/iespolinya\/wp-content\/uploads\/usu392\/2017\/02\/CARTELLREFUGIATS.png 524w, https:\/\/agora.xtec.cat\/iespolinya\/wp-content\/uploads\/usu392\/2017\/02\/CARTELLREFUGIATS-202x300.png 202w\" sizes=\"auto, (max-width: 201px) 100vw, 201px\" \/><\/a><\/p>\n<p><span style=\"font-weight: 400;\">El proper dimarts 7 de febrer comencem la nostra campanya anual de solidaritat, que es tancar\u00e0 amb el<\/span><b> VIII\u00e8 <a href=\"https:\/\/agora.xtec.cat\/iespolinya\/general\/vii-festival-solidari\/\">FESTIVAL SOLIDARI<\/a> del dia 3 de mar\u00e7<\/b><span style=\"font-weight: 400;\">. \u00a0Enguany els diners recaptats seran donats a l\u2019organitzaci\u00f3 badalonina <\/span><a href=\"https:\/\/www.proactivaopenarms.org\/es\"><b>PROACTIVA OPEN ARMS<\/b><\/a><span style=\"font-weight: 400;\">, que des de l\u2019any 2014 aplica els seus coneixements per fer front a les moltes morts que es produeixen di\u00e0riament a les rutes dels refugiats per la Mediterr\u00e0nia.<\/span><\/p>\n<p><span style=\"font-weight: 400;\">Per sensibilitzar-nos envers la realitat dels refugiats, <\/span><b>dimarts 7 de febrer <\/b><span style=\"font-weight: 400;\">celebrarem un <\/span><b>mat\u00ed de xerrades al Centre C\u00edvic <\/b><span style=\"font-weight: 400;\">amb el t\u00edtol <\/span><b><i>Ser refugiat avui, <\/i><\/b><span style=\"font-weight: 400;\">amb les pon\u00e8ncies seg\u00fcents<\/span><b><i>: <\/i><\/b><span style=\"font-weight: 400;\">\u00a0<\/span><\/p>\n<p>&nbsp;<\/p>\n<p>10.45 &#8211; 12.45<\/p>\n<ul>\n<li><i><span style=\"font-weight: 400;\">Amic meu, <\/span><\/i><span style=\"font-weight: 400;\">per MARIA CLAP\u00c9S. OPEN CULTURAL CENTER.<\/span><\/li>\n<li style=\"font-weight: 400;\"><i><i><span style=\"font-weight: 400;\">La guerra de S\u00edria, <\/span><\/i><span style=\"font-weight: 400;\">per \u00a0ERIK RIVERO, alumne de l\u2019institut.<\/span><\/i><\/li>\n<li style=\"font-weight: 400;\"><i><span style=\"font-weight: 400;\">Els refugiats de la guerra civil, <\/span><\/i><span style=\"font-weight: 400;\">per AL\u00cdCIA GARC\u00cdA, de l\u2019arxiu municipal.<\/span><\/li>\n<\/ul>\n<p><span style=\"font-weight: 400;\">13.00 &#8211; 14:00<\/span><\/p>\n<ul>\n<li style=\"font-weight: 400;\"><span style=\"font-weight: 400;\">Confer\u00e8ncia a c\u00e0rrec de voluntaris de PROACTIVA OPEN ARMS.<\/span><\/li>\n<\/ul>\n<p>&nbsp;<\/p>\n<p><span style=\"font-weight: 400;\">Les confer\u00e8ncies seran obertes a tothom que hi estigui interessat. Per tant, hi sereu benvinguts.<\/span><\/p>\n<p>&nbsp;<\/p>\n","protected":false},"excerpt":{"rendered":"<p>El proper dimarts 7 de febrer comencem la nostra campanya anual de solidaritat, que es tancar\u00e0 amb el VIII\u00e8 FESTIVAL SOLIDARI del dia 3 de mar\u00e7. \u00a0Enguany els diners recaptats seran donats a l\u2019organitzaci\u00f3 badalonina PROACTIVA OPEN ARMS, que des de l\u2019any 2014 aplica els seus coneixements per fer front a les moltes morts que [&hellip;]<\/p>\n","protected":false},"author":1,"featured_media":1338,"comment_status":"open","ping_status":"open","sticky":false,"template":"","format":"standard","meta":{"_bbp_topic_count":0,"_bbp_reply_count":0,"_bbp_total_topic_count":0,"_bbp_total_reply_count":0,"_bbp_voice_count":0,"_bbp_anonymous_reply_count":0,"_bbp_topic_count_hidden":0,"_bbp_reply_count_hidden":0,"_bbp_forum_subforum_count":0,"site-sidebar-layout":"default","site-content-layout":"","ast-site-content-layout":"","site-content-style":"default","site-sidebar-style":"default","ast-global-header-display":"","ast-banner-title-visibility":"","ast-main-header-display":"","ast-hfb-above-header-display":"","ast-hfb-below-header-display":"","ast-hfb-mobile-header-display":"","site-post-title":"","ast-breadcrumbs-content":"","ast-featured-img":"","footer-sml-layout":"","theme-transparent-header-meta":"","adv-header-id-meta":"","stick-header-meta":"","header-above-stick-meta":"","header-main-stick-meta":"","header-below-stick-meta":"","astra-migrate-meta-layouts":"default","ast-page-background-enabled":"default","ast-page-background-meta":{"desktop":{"background-color":"var(--ast-global-color-4)","background-image":"","background-repeat":"repeat","background-position":"center center","background-size":"auto","background-attachment":"scroll","background-type":"","background-media":"","overlay-type":"","overlay-color":"","overlay-opacity":"","overlay-gradient":""},"tablet":{"background-color":"","background-image":"","background-repeat":"repeat","background-position":"center center","background-size":"auto","background-attachment":"scroll","background-type":"","background-media":"","overlay-type":"","overlay-color":"","overlay-opacity":"","overlay-gradient":""},"mobile":{"background-color":"","background-image":"","background-repeat":"repeat","background-position":"center center","background-size":"auto","background-attachment":"scroll","background-type":"","background-media":"","overlay-type":"","overlay-color":"","overlay-opacity":"","overlay-gradient":""}},"ast-content-background-meta":{"desktop":{"background-color":"var(--ast-global-color-5)","background-image":"","background-repeat":"repeat","background-position":"center center","background-size":"auto","background-attachment":"scroll","background-type":"","background-media":"","overlay-type":"","overlay-color":"","overlay-opacity":"","overlay-gradient":""},"tablet":{"background-color":"var(--ast-global-color-5)","background-image":"","background-repeat":"repeat","background-position":"center center","background-size":"auto","background-attachment":"scroll","background-type":"","background-media":"","overlay-type":"","overlay-color":"","overlay-opacity":"","overlay-gradient":""},"mobile":{"background-color":"var(--ast-global-color-5)","background-image":"","background-repeat":"repeat","background-position":"center center","background-size":"auto","background-attachment":"scroll","background-type":"","background-media":"","overlay-type":"","overlay-color":"","overlay-opacity":"","overlay-gradient":""}},"footnotes":""},"categories":[1,29],"tags":[112],"class_list":["post-1337","post","type-post","status-publish","format-standard","has-post-thumbnail","hentry","category-general","category-portada","tag-solidaritat"],"post_mailing_queue_ids":[],"_links":{"self":[{"href":"https:\/\/agora.xtec.cat\/iespolinya\/wp-json\/wp\/v2\/posts\/1337","targetHints":{"allow":["GET"]}}],"collection":[{"href":"https:\/\/agora.xtec.cat\/iespolinya\/wp-json\/wp\/v2\/posts"}],"about":[{"href":"https:\/\/agora.xtec.cat\/iespolinya\/wp-json\/wp\/v2\/types\/post"}],"author":[{"embeddable":true,"href":"https:\/\/agora.xtec.cat\/iespolinya\/wp-json\/wp\/v2\/users\/1"}],"replies":[{"embeddable":true,"href":"https:\/\/agora.xtec.cat\/iespolinya\/wp-json\/wp\/v2\/comments?post=1337"}],"version-history":[{"count":2,"href":"https:\/\/agora.xtec.cat\/iespolinya\/wp-json\/wp\/v2\/posts\/1337\/revisions"}],"predecessor-version":[{"id":1340,"href":"https:\/\/agora.xtec.cat\/iespolinya\/wp-json\/wp\/v2\/posts\/1337\/revisions\/1340"}],"wp:featuredmedia":[{"embeddable":true,"href":"https:\/\/agora.xtec.cat\/iespolinya\/wp-json\/wp\/v2\/media\/1338"}],"wp:attachment":[{"href":"https:\/\/agora.xtec.cat\/iespolinya\/wp-json\/wp\/v2\/media?parent=1337"}],"wp:term":[{"taxonomy":"category","embeddable":true,"href":"https:\/\/agora.xtec.cat\/iespolinya\/wp-json\/wp\/v2\/categories?post=1337"},{"taxonomy":"post_tag","embeddable":true,"href":"https:\/\/agora.xtec.cat\/iespolinya\/wp-json\/wp\/v2\/tags?post=1337"}],"curies":[{"name":"wp","href":"https:\/\/api.w.org\/{rel}","templated":true}]}}