{"id":1322,"date":"2017-01-13T09:52:03","date_gmt":"2017-01-13T08:52:03","guid":{"rendered":"http:\/\/agora.xtec.cat\/iespolinya\/?p=1322"},"modified":"2017-01-15T11:38:02","modified_gmt":"2017-01-15T10:38:02","slug":"despres-dels-reis-els-patis-nets-2","status":"publish","type":"post","link":"https:\/\/agora.xtec.cat\/iespolinya\/general\/despres-dels-reis-els-patis-nets-2\/","title":{"rendered":"Despr\u00e9s dels Reis&#8230; ELS PATIS NETS!"},"content":{"rendered":"<p>Dijous 22 de desembre vam aprofitar la data de fi de trimestre i de lliurament de notes per fer una nova jornada de sensibilitzaci\u00f3 sobre els \u00a0residus que generem al pati de l&#8217;institut. A l&#8217;entrada del centre ens esperava tota la brossa generada en hores de pati la darrera setmana del trimestre (uns 33,2kg!). \u00a0Aquests residus van ser recollits pesats i organitzats per un grup d&#8217;alumnes de 1r d&#8217;ESO amb el supot de CARME CASTELLV\u00cd, en l&#8217;acci\u00f3 titulada:\u00a0<a href=\"http:\/\/agora.xtec.cat\/iespolinya\/general\/i-tu-que-en-fas-de-la-teva-brossa\/\">QU\u00c8 EN FAS DE LA TEVA BROSSA<\/a>?<\/p>\n<p style=\"text-align: center;\"><iframe loading=\"lazy\" src=\"https:\/\/docs.google.com\/presentation\/d\/1zPFtfG_XDzRVhbYsNe7PkGNyy6hjRqoUJotj0p3sWG8\/embed?start=true&amp;loop=true&amp;delayms=3000\" width=\"900\" height=\"600\" frameborder=\"0\" allowfullscreen=\"allowfullscreen\"><\/iframe><\/p>\n<p>Dins de l&#8217;institut vam demanar el comprom\u00eds de les fam\u00edlies a embolicar els esmorzars amb materials alternatius a l&#8217;alumini, com els BOC&amp;ROLLS que els van ser lliurats amb el suport de l&#8217;Ajuntament de Poliny\u00e0. Aquests van ser els resultats de la nostra jornada:<\/p>\n<p><a href=\"http:\/\/agora.xtec.cat\/iespolinya\/wp-content\/uploads\/usu392\/2017\/01\/IMG_1520.jpg\"><img loading=\"lazy\" decoding=\"async\" class=\"alignnone size-full wp-image-1316 aligncenter\" src=\"http:\/\/agora.xtec.cat\/iespolinya\/wp-content\/uploads\/usu392\/2017\/01\/IMG_1520.jpg\" alt=\"img_1520\" width=\"1439\" height=\"580\" srcset=\"https:\/\/agora.xtec.cat\/iespolinya\/wp-content\/uploads\/usu392\/2017\/01\/IMG_1520.jpg 1439w, https:\/\/agora.xtec.cat\/iespolinya\/wp-content\/uploads\/usu392\/2017\/01\/IMG_1520-300x121.jpg 300w, https:\/\/agora.xtec.cat\/iespolinya\/wp-content\/uploads\/usu392\/2017\/01\/IMG_1520-768x310.jpg 768w, https:\/\/agora.xtec.cat\/iespolinya\/wp-content\/uploads\/usu392\/2017\/01\/IMG_1520-1024x413.jpg 1024w\" sizes=\"auto, (max-width: 1439px) 100vw, 1439px\" \/><\/a><\/p>\n<p>Ens satisf\u00e0 comprovar com les fam\u00edlies ateses (un 84% entre pares i alumnes) d&#8217;una manera gaireb\u00e9 un\u00e0nime hem decidit no embolicar els esmorzars de les noies i nois amb alumini i apostem pels envasos alternatius (un 88,3% de les fam\u00edlies i alumnes atesos). Quant a l&#8217;\u00fas de brics petits per a les begudes, un 88% de fam\u00edlies i alumnes tamb\u00e9 es comprometen a eliminar-los dels esmorzars i aposten per envasos reutilitzables.<\/p>\n<p>Gr\u00e0cies a tots per la vostra implicaci\u00f3 i comprom\u00eds, i ja ho sabeu&#8230;.<\/p>\n<p style=\"text-align: center;\"><a href=\"http:\/\/agora.xtec.cat\/iespolinya\/wp-content\/uploads\/usu392\/2017\/01\/IMG_1454.jpg\"><img loading=\"lazy\" decoding=\"async\" class=\"alignnone size-full wp-image-1310 aligncenter\" src=\"http:\/\/agora.xtec.cat\/iespolinya\/wp-content\/uploads\/usu392\/2017\/01\/IMG_1454.jpg\" alt=\"img_1454\" width=\"2448\" height=\"2448\" srcset=\"https:\/\/agora.xtec.cat\/iespolinya\/wp-content\/uploads\/usu392\/2017\/01\/IMG_1454.jpg 2448w, https:\/\/agora.xtec.cat\/iespolinya\/wp-content\/uploads\/usu392\/2017\/01\/IMG_1454-150x150.jpg 150w, https:\/\/agora.xtec.cat\/iespolinya\/wp-content\/uploads\/usu392\/2017\/01\/IMG_1454-300x300.jpg 300w, https:\/\/agora.xtec.cat\/iespolinya\/wp-content\/uploads\/usu392\/2017\/01\/IMG_1454-768x768.jpg 768w, https:\/\/agora.xtec.cat\/iespolinya\/wp-content\/uploads\/usu392\/2017\/01\/IMG_1454-1024x1024.jpg 1024w\" sizes=\"auto, (max-width: 2448px) 100vw, 2448px\" \/><\/a>Cartell gentilesa de l&#8217;alumna LAURA CERRILLO, de 4t ESO. Gr\u00e0cies, Laura!<\/p>\n","protected":false},"excerpt":{"rendered":"<p>Dijous 22 de desembre vam aprofitar la data de fi de trimestre i de lliurament de notes per fer una nova jornada de sensibilitzaci\u00f3 sobre els \u00a0residus que generem al pati de l&#8217;institut. A l&#8217;entrada del centre ens esperava tota la brossa generada en hores de pati la darrera setmana del trimestre (uns 33,2kg!). \u00a0Aquests [&hellip;]<\/p>\n","protected":false},"author":1,"featured_media":1316,"comment_status":"open","ping_status":"open","sticky":false,"template":"","format":"standard","meta":{"_bbp_topic_count":0,"_bbp_reply_count":0,"_bbp_total_topic_count":0,"_bbp_total_reply_count":0,"_bbp_voice_count":0,"_bbp_anonymous_reply_count":0,"_bbp_topic_count_hidden":0,"_bbp_reply_count_hidden":0,"_bbp_forum_subforum_count":0,"site-sidebar-layout":"default","site-content-layout":"","ast-site-content-layout":"","site-content-style":"default","site-sidebar-style":"default","ast-global-header-display":"","ast-banner-title-visibility":"","ast-main-header-display":"","ast-hfb-above-header-display":"","ast-hfb-below-header-display":"","ast-hfb-mobile-header-display":"","site-post-title":"","ast-breadcrumbs-content":"","ast-featured-img":"","footer-sml-layout":"","theme-transparent-header-meta":"","adv-header-id-meta":"","stick-header-meta":"","header-above-stick-meta":"","header-main-stick-meta":"","header-below-stick-meta":"","astra-migrate-meta-layouts":"default","ast-page-background-enabled":"default","ast-page-background-meta":{"desktop":{"background-color":"var(--ast-global-color-4)","background-image":"","background-repeat":"repeat","background-position":"center center","background-size":"auto","background-attachment":"scroll","background-type":"","background-media":"","overlay-type":"","overlay-color":"","overlay-opacity":"","overlay-gradient":""},"tablet":{"background-color":"","background-image":"","background-repeat":"repeat","background-position":"center center","background-size":"auto","background-attachment":"scroll","background-type":"","background-media":"","overlay-type":"","overlay-color":"","overlay-opacity":"","overlay-gradient":""},"mobile":{"background-color":"","background-image":"","background-repeat":"repeat","background-position":"center center","background-size":"auto","background-attachment":"scroll","background-type":"","background-media":"","overlay-type":"","overlay-color":"","overlay-opacity":"","overlay-gradient":""}},"ast-content-background-meta":{"desktop":{"background-color":"var(--ast-global-color-5)","background-image":"","background-repeat":"repeat","background-position":"center center","background-size":"auto","background-attachment":"scroll","background-type":"","background-media":"","overlay-type":"","overlay-color":"","overlay-opacity":"","overlay-gradient":""},"tablet":{"background-color":"var(--ast-global-color-5)","background-image":"","background-repeat":"repeat","background-position":"center center","background-size":"auto","background-attachment":"scroll","background-type":"","background-media":"","overlay-type":"","overlay-color":"","overlay-opacity":"","overlay-gradient":""},"mobile":{"background-color":"var(--ast-global-color-5)","background-image":"","background-repeat":"repeat","background-position":"center center","background-size":"auto","background-attachment":"scroll","background-type":"","background-media":"","overlay-type":"","overlay-color":"","overlay-opacity":"","overlay-gradient":""}},"footnotes":""},"categories":[1,29],"tags":[110],"class_list":["post-1322","post","type-post","status-publish","format-standard","has-post-thumbnail","hentry","category-general","category-portada","tag-convivencia"],"post_mailing_queue_ids":[],"_links":{"self":[{"href":"https:\/\/agora.xtec.cat\/iespolinya\/wp-json\/wp\/v2\/posts\/1322","targetHints":{"allow":["GET"]}}],"collection":[{"href":"https:\/\/agora.xtec.cat\/iespolinya\/wp-json\/wp\/v2\/posts"}],"about":[{"href":"https:\/\/agora.xtec.cat\/iespolinya\/wp-json\/wp\/v2\/types\/post"}],"author":[{"embeddable":true,"href":"https:\/\/agora.xtec.cat\/iespolinya\/wp-json\/wp\/v2\/users\/1"}],"replies":[{"embeddable":true,"href":"https:\/\/agora.xtec.cat\/iespolinya\/wp-json\/wp\/v2\/comments?post=1322"}],"version-history":[{"count":3,"href":"https:\/\/agora.xtec.cat\/iespolinya\/wp-json\/wp\/v2\/posts\/1322\/revisions"}],"predecessor-version":[{"id":1325,"href":"https:\/\/agora.xtec.cat\/iespolinya\/wp-json\/wp\/v2\/posts\/1322\/revisions\/1325"}],"wp:featuredmedia":[{"embeddable":true,"href":"https:\/\/agora.xtec.cat\/iespolinya\/wp-json\/wp\/v2\/media\/1316"}],"wp:attachment":[{"href":"https:\/\/agora.xtec.cat\/iespolinya\/wp-json\/wp\/v2\/media?parent=1322"}],"wp:term":[{"taxonomy":"category","embeddable":true,"href":"https:\/\/agora.xtec.cat\/iespolinya\/wp-json\/wp\/v2\/categories?post=1322"},{"taxonomy":"post_tag","embeddable":true,"href":"https:\/\/agora.xtec.cat\/iespolinya\/wp-json\/wp\/v2\/tags?post=1322"}],"curies":[{"name":"wp","href":"https:\/\/api.w.org\/{rel}","templated":true}]}}