{"id":1274,"date":"2016-12-09T09:17:04","date_gmt":"2016-12-09T08:17:04","guid":{"rendered":"http:\/\/agora.xtec.cat\/iespolinya\/?p=1274"},"modified":"2016-12-09T09:17:04","modified_gmt":"2016-12-09T08:17:04","slug":"museu-blau-de-barcelona","status":"publish","type":"post","link":"https:\/\/agora.xtec.cat\/iespolinya\/eso\/eso-1\/museu-blau-de-barcelona\/","title":{"rendered":"Museu Blau de Barcelona"},"content":{"rendered":"<p class=\"gmail_default\">Els alumnes de primer d&#8217;ESO han visitat el Museu Blau de Barcelona en aquests darrers dies.<\/p>\n<p class=\"gmail_default\">La sortida va n\u00e9ixer a partir d&#8217;un proposta de treball a l&#8217;aula en forma de projecte cercant informaci\u00f3 en internet sobre el Museu i els mitjans de transport p\u00fablics que ens caldria agafar i per acabar, calculant el preu final de la sortida i anomenant responsables de la compra de les targetes de transport.<\/p>\n<p class=\"gmail_default\">Un cop en el Museu ,els alumnes han realitzat el taller &#8220;Busquem la vida&#8221;, que ens servir\u00e0 per continuar construint coneixements de la mat\u00e8ria ja en l&#8217;aula.<\/p>\n<p class=\"gmail_default\">Com a cloenda del taller, els alumnes van haver de representar mitjan\u00e7ant una t\u00e8cnica art\u00edstica alguns dels conceptes que havien apr\u00e8s i que properament podreu veure exposats en el centre.<\/p>\n<p class=\"gmail_default\">Durant la sortida, alguns alumnes van fer de reporters per tal d&#8217;incorporar un petit article en la revista que estan elaborant en la mat\u00e8ria optativa de Lleng\u00fces.<\/p>\n<div class=\"ast-oembed-container \" style=\"height: 100%;\"><iframe loading=\"lazy\" title=\"La meva presentaci\u00f3 de diapositives\" width=\"500\" height=\"375\" src=\"https:\/\/www.youtube.com\/embed\/TxG3Rg6-tfw?feature=oembed\" frameborder=\"0\" allow=\"accelerometer; autoplay; clipboard-write; encrypted-media; gyroscope; picture-in-picture; web-share\" referrerpolicy=\"strict-origin-when-cross-origin\" allowfullscreen><\/iframe><\/div>\n","protected":false},"excerpt":{"rendered":"<p>Els alumnes de primer d&#8217;ESO han visitat el Museu Blau de Barcelona en aquests darrers dies.<\/p>\n<p>La sortida va n\u00e9ixer a partir d&#8217;un proposta de treball a l&#8217;aula en forma de projecte cercant informaci\u00f3 en internet sobre el Museu i els mitjans de transport p\u00fablics que ens caldria agafar i per acabar, calculant el preu final de la sortida i anomenant responsables de la compra de les targetes de transport.<\/p>\n","protected":false},"author":1,"featured_media":1275,"comment_status":"open","ping_status":"open","sticky":false,"template":"","format":"standard","meta":{"_bbp_topic_count":0,"_bbp_reply_count":0,"_bbp_total_topic_count":0,"_bbp_total_reply_count":0,"_bbp_voice_count":0,"_bbp_anonymous_reply_count":0,"_bbp_topic_count_hidden":0,"_bbp_reply_count_hidden":0,"_bbp_forum_subforum_count":0,"site-sidebar-layout":"default","site-content-layout":"","ast-site-content-layout":"","site-content-style":"default","site-sidebar-style":"default","ast-global-header-display":"","ast-banner-title-visibility":"","ast-main-header-display":"","ast-hfb-above-header-display":"","ast-hfb-below-header-display":"","ast-hfb-mobile-header-display":"","site-post-title":"","ast-breadcrumbs-content":"","ast-featured-img":"","footer-sml-layout":"","theme-transparent-header-meta":"","adv-header-id-meta":"","stick-header-meta":"","header-above-stick-meta":"","header-main-stick-meta":"","header-below-stick-meta":"","astra-migrate-meta-layouts":"default","ast-page-background-enabled":"default","ast-page-background-meta":{"desktop":{"background-color":"var(--ast-global-color-4)","background-image":"","background-repeat":"repeat","background-position":"center center","background-size":"auto","background-attachment":"scroll","background-type":"","background-media":"","overlay-type":"","overlay-color":"","overlay-opacity":"","overlay-gradient":""},"tablet":{"background-color":"","background-image":"","background-repeat":"repeat","background-position":"center center","background-size":"auto","background-attachment":"scroll","background-type":"","background-media":"","overlay-type":"","overlay-color":"","overlay-opacity":"","overlay-gradient":""},"mobile":{"background-color":"","background-image":"","background-repeat":"repeat","background-position":"center center","background-size":"auto","background-attachment":"scroll","background-type":"","background-media":"","overlay-type":"","overlay-color":"","overlay-opacity":"","overlay-gradient":""}},"ast-content-background-meta":{"desktop":{"background-color":"var(--ast-global-color-5)","background-image":"","background-repeat":"repeat","background-position":"center center","background-size":"auto","background-attachment":"scroll","background-type":"","background-media":"","overlay-type":"","overlay-color":"","overlay-opacity":"","overlay-gradient":""},"tablet":{"background-color":"var(--ast-global-color-5)","background-image":"","background-repeat":"repeat","background-position":"center center","background-size":"auto","background-attachment":"scroll","background-type":"","background-media":"","overlay-type":"","overlay-color":"","overlay-opacity":"","overlay-gradient":""},"mobile":{"background-color":"var(--ast-global-color-5)","background-image":"","background-repeat":"repeat","background-position":"center center","background-size":"auto","background-attachment":"scroll","background-type":"","background-media":"","overlay-type":"","overlay-color":"","overlay-opacity":"","overlay-gradient":""}},"footnotes":""},"categories":[4,29],"tags":[],"class_list":["post-1274","post","type-post","status-publish","format-standard","has-post-thumbnail","hentry","category-eso-1","category-portada"],"post_mailing_queue_ids":[],"_links":{"self":[{"href":"https:\/\/agora.xtec.cat\/iespolinya\/wp-json\/wp\/v2\/posts\/1274","targetHints":{"allow":["GET"]}}],"collection":[{"href":"https:\/\/agora.xtec.cat\/iespolinya\/wp-json\/wp\/v2\/posts"}],"about":[{"href":"https:\/\/agora.xtec.cat\/iespolinya\/wp-json\/wp\/v2\/types\/post"}],"author":[{"embeddable":true,"href":"https:\/\/agora.xtec.cat\/iespolinya\/wp-json\/wp\/v2\/users\/1"}],"replies":[{"embeddable":true,"href":"https:\/\/agora.xtec.cat\/iespolinya\/wp-json\/wp\/v2\/comments?post=1274"}],"version-history":[{"count":2,"href":"https:\/\/agora.xtec.cat\/iespolinya\/wp-json\/wp\/v2\/posts\/1274\/revisions"}],"predecessor-version":[{"id":1277,"href":"https:\/\/agora.xtec.cat\/iespolinya\/wp-json\/wp\/v2\/posts\/1274\/revisions\/1277"}],"wp:featuredmedia":[{"embeddable":true,"href":"https:\/\/agora.xtec.cat\/iespolinya\/wp-json\/wp\/v2\/media\/1275"}],"wp:attachment":[{"href":"https:\/\/agora.xtec.cat\/iespolinya\/wp-json\/wp\/v2\/media?parent=1274"}],"wp:term":[{"taxonomy":"category","embeddable":true,"href":"https:\/\/agora.xtec.cat\/iespolinya\/wp-json\/wp\/v2\/categories?post=1274"},{"taxonomy":"post_tag","embeddable":true,"href":"https:\/\/agora.xtec.cat\/iespolinya\/wp-json\/wp\/v2\/tags?post=1274"}],"curies":[{"name":"wp","href":"https:\/\/api.w.org\/{rel}","templated":true}]}}