{"id":1269,"date":"2016-12-02T07:58:45","date_gmt":"2016-12-02T06:58:45","guid":{"rendered":"http:\/\/agora.xtec.cat\/iespolinya\/?p=1269"},"modified":"2016-12-02T08:11:28","modified_gmt":"2016-12-02T07:11:28","slug":"dia-internacional-contra-la-violencia-vers-les-dones","status":"publish","type":"post","link":"https:\/\/agora.xtec.cat\/iespolinya\/general\/dia-internacional-contra-la-violencia-vers-les-dones\/","title":{"rendered":"Dia Internacional contra la Viol\u00e8ncia vers les dones"},"content":{"rendered":"<p>El passat 25 de novembre, com ja hem fet en cursos anteriors, ens vam afegir a la commemoraci\u00f3 del\u00a0<a href=\"http:\/\/dones.gencat.cat\/ca\/ambits\/commemoracions\/dia_internacional_contra_violencia_dones\/\">Dia Internacional contra la Viol\u00e8ncia vers les dones<\/a>\u00a0amb la campanya ATURA LA VIOL\u00c8NCIA DE G\u00c8NERE. \u00a0Aquesta jornada se celebra anualment cada 25 de novembre des del 1999, en record de les\u00a0<a href=\"https:\/\/ca.m.wikipedia.org\/wiki\/Germanes_Mirabal\">germanes Mirabal<\/a>.<\/p>\n<div><a href=\"http:\/\/agora.xtec.cat\/iespolinya\/wp-content\/uploads\/usu392\/2016\/12\/mirabal.jpg\"><img loading=\"lazy\" decoding=\"async\" class=\"alignnone size-full wp-image-1270\" src=\"http:\/\/agora.xtec.cat\/iespolinya\/wp-content\/uploads\/usu392\/2016\/12\/mirabal.jpg\" alt=\"mirabal\" width=\"647\" height=\"231\" srcset=\"https:\/\/agora.xtec.cat\/iespolinya\/wp-content\/uploads\/usu392\/2016\/12\/mirabal.jpg 647w, https:\/\/agora.xtec.cat\/iespolinya\/wp-content\/uploads\/usu392\/2016\/12\/mirabal-300x107.jpg 300w\" sizes=\"auto, (max-width: 647px) 100vw, 647px\" \/><\/a><\/div>\n<div><\/div>\n<p>Patricia, Minerva i Maria Teresa \u00a0Mirabal eren tres opositores al r\u00e8gim del dictador dominic\u00e0\u00a0<a href=\"https:\/\/ca.m.wikipedia.org\/wiki\/Rafael_Le%C3%B3nidas_Trujillo_Molina\">Trujillo<\/a>. El 25 de novembre de 1960, quan es traslladaven a veure els seus marits a la pres\u00f3 on els tenien reclosos pel seu activisme pol\u00edtic, agents del dictador van acabar amb les seves vides, simulant un accident de cotxe. Tenien \u00a036, 33 i 25 anys respectivament. \u00a0Aquest assassinat va provocar una onada de solidaritat envers les tres germanes i els seus ideals, i va enfortir el rebuig al dictador, que va ser assassinat el maig del 1961, fet que va acabar amb el seu r\u00e8gim.<\/p>\n<div><\/div>\n<div id=\"AppleMailSignature\">Enguany tamb\u00e9 ens hem afegit a\u00a0la jornada de commemoraci\u00f3 amb les accions seg\u00fcents:<\/div>\n<div><\/div>\n<div id=\"AppleMailSignature\">\n<p><img loading=\"lazy\" decoding=\"async\" class=\" wp-image-33 alignright\" src=\"https:\/\/conversesalabobila.files.wordpress.com\/2016\/11\/violenciagenere2.jpg\" alt=\"violenciagenere2\" width=\"132\" height=\"112\" \/><\/p>\n<ul>\n<li>Els alumnes de 3r han realitzat un taller de prevenci\u00f3 de la viol\u00e8ncia masclista aquest mes d&#8217;octubre.<\/li>\n<li>La setmana de la commemoraci\u00f3 una bona part dels documents emesos al centre han estat il.lustrats amb un segell commemoratiu.<\/li>\n<li>El divendres 25 de novembre, des de les tutories vam mirar de\u00a0<strong>respondre a la pregunta:\u00a0\u00a0<\/strong><em><strong>I TU, QU\u00c8 FAS PER ATURAR EL MASCLISME?<\/strong>\u00a0\u00a0<\/em>A cada classe es van compartir les reflexions de tots i es va triar el missatge que cada grup volia mostrar a tot l&#8217;institut.<img loading=\"lazy\" decoding=\"async\" class=\" wp-image-34 alignright\" src=\"https:\/\/conversesalabobila.files.wordpress.com\/2016\/11\/cartell-piula-2016-retallat.jpg\" alt=\"cartell-piula-2016-retallat\" width=\"187\" height=\"200\" \/><\/li>\n<li>S&#8217;ha convidat als alumnes de 2n cicle d&#8217;ESO i batxillerar a difondre per twitter la\u00a0<strong>seva piulada contra el masclisme<\/strong>, per afegir-se aix\u00ed a la\u00a0<a href=\"http:\/\/www.ccvoc.cat\/actualitat\/noticies\/2016\/11\/02\/el-consell-comarcal-anima-el-jovent-del-valles-occidental-a-piular-a-twitter-contra-la-violencia-masclista\">campanya<\/a>\u00a0que des de fa 4 anys promou el Consell Comarcal del Vall\u00e8s Occidental.<\/li>\n<\/ul>\n<\/div>\n<p>&nbsp;<\/p>\n<div class=\"ast-oembed-container \" style=\"height: 100%;\"><iframe loading=\"lazy\" title=\"25 de novembre\" width=\"500\" height=\"281\" src=\"https:\/\/www.youtube.com\/embed\/BCdgLsSQ9qM?feature=oembed\" frameborder=\"0\" allow=\"accelerometer; autoplay; clipboard-write; encrypted-media; gyroscope; picture-in-picture; web-share\" referrerpolicy=\"strict-origin-when-cross-origin\" allowfullscreen><\/iframe><\/div>\n","protected":false},"excerpt":{"rendered":"<p>El passat 25 de novembre, com ja hem fet en cursos anteriors, ens vam afegir a la commemoraci\u00f3 del Dia Internacional contra la Viol\u00e8ncia vers les dones amb la campanya ATURA LA VIOL\u00c8NCIA DE G\u00c8NERE.  Aquesta jornada se celebra anualment cada 25 de novembre des del 1999, en record de les germanes Mirabal.<\/p>\n","protected":false},"author":1,"featured_media":1271,"comment_status":"open","ping_status":"open","sticky":false,"template":"","format":"standard","meta":{"_bbp_topic_count":0,"_bbp_reply_count":0,"_bbp_total_topic_count":0,"_bbp_total_reply_count":0,"_bbp_voice_count":0,"_bbp_anonymous_reply_count":0,"_bbp_topic_count_hidden":0,"_bbp_reply_count_hidden":0,"_bbp_forum_subforum_count":0,"site-sidebar-layout":"default","site-content-layout":"","ast-site-content-layout":"","site-content-style":"default","site-sidebar-style":"default","ast-global-header-display":"","ast-banner-title-visibility":"","ast-main-header-display":"","ast-hfb-above-header-display":"","ast-hfb-below-header-display":"","ast-hfb-mobile-header-display":"","site-post-title":"","ast-breadcrumbs-content":"","ast-featured-img":"","footer-sml-layout":"","theme-transparent-header-meta":"","adv-header-id-meta":"","stick-header-meta":"","header-above-stick-meta":"","header-main-stick-meta":"","header-below-stick-meta":"","astra-migrate-meta-layouts":"default","ast-page-background-enabled":"default","ast-page-background-meta":{"desktop":{"background-color":"var(--ast-global-color-4)","background-image":"","background-repeat":"repeat","background-position":"center center","background-size":"auto","background-attachment":"scroll","background-type":"","background-media":"","overlay-type":"","overlay-color":"","overlay-opacity":"","overlay-gradient":""},"tablet":{"background-color":"","background-image":"","background-repeat":"repeat","background-position":"center center","background-size":"auto","background-attachment":"scroll","background-type":"","background-media":"","overlay-type":"","overlay-color":"","overlay-opacity":"","overlay-gradient":""},"mobile":{"background-color":"","background-image":"","background-repeat":"repeat","background-position":"center center","background-size":"auto","background-attachment":"scroll","background-type":"","background-media":"","overlay-type":"","overlay-color":"","overlay-opacity":"","overlay-gradient":""}},"ast-content-background-meta":{"desktop":{"background-color":"var(--ast-global-color-5)","background-image":"","background-repeat":"repeat","background-position":"center center","background-size":"auto","background-attachment":"scroll","background-type":"","background-media":"","overlay-type":"","overlay-color":"","overlay-opacity":"","overlay-gradient":""},"tablet":{"background-color":"var(--ast-global-color-5)","background-image":"","background-repeat":"repeat","background-position":"center center","background-size":"auto","background-attachment":"scroll","background-type":"","background-media":"","overlay-type":"","overlay-color":"","overlay-opacity":"","overlay-gradient":""},"mobile":{"background-color":"var(--ast-global-color-5)","background-image":"","background-repeat":"repeat","background-position":"center center","background-size":"auto","background-attachment":"scroll","background-type":"","background-media":"","overlay-type":"","overlay-color":"","overlay-opacity":"","overlay-gradient":""}},"footnotes":""},"categories":[1,29],"tags":[],"class_list":["post-1269","post","type-post","status-publish","format-standard","has-post-thumbnail","hentry","category-general","category-portada"],"post_mailing_queue_ids":[],"_links":{"self":[{"href":"https:\/\/agora.xtec.cat\/iespolinya\/wp-json\/wp\/v2\/posts\/1269","targetHints":{"allow":["GET"]}}],"collection":[{"href":"https:\/\/agora.xtec.cat\/iespolinya\/wp-json\/wp\/v2\/posts"}],"about":[{"href":"https:\/\/agora.xtec.cat\/iespolinya\/wp-json\/wp\/v2\/types\/post"}],"author":[{"embeddable":true,"href":"https:\/\/agora.xtec.cat\/iespolinya\/wp-json\/wp\/v2\/users\/1"}],"replies":[{"embeddable":true,"href":"https:\/\/agora.xtec.cat\/iespolinya\/wp-json\/wp\/v2\/comments?post=1269"}],"version-history":[{"count":2,"href":"https:\/\/agora.xtec.cat\/iespolinya\/wp-json\/wp\/v2\/posts\/1269\/revisions"}],"predecessor-version":[{"id":1273,"href":"https:\/\/agora.xtec.cat\/iespolinya\/wp-json\/wp\/v2\/posts\/1269\/revisions\/1273"}],"wp:featuredmedia":[{"embeddable":true,"href":"https:\/\/agora.xtec.cat\/iespolinya\/wp-json\/wp\/v2\/media\/1271"}],"wp:attachment":[{"href":"https:\/\/agora.xtec.cat\/iespolinya\/wp-json\/wp\/v2\/media?parent=1269"}],"wp:term":[{"taxonomy":"category","embeddable":true,"href":"https:\/\/agora.xtec.cat\/iespolinya\/wp-json\/wp\/v2\/categories?post=1269"},{"taxonomy":"post_tag","embeddable":true,"href":"https:\/\/agora.xtec.cat\/iespolinya\/wp-json\/wp\/v2\/tags?post=1269"}],"curies":[{"name":"wp","href":"https:\/\/api.w.org\/{rel}","templated":true}]}}