{"id":1211,"date":"2016-11-14T07:58:16","date_gmt":"2016-11-14T06:58:16","guid":{"rendered":"http:\/\/agora.xtec.cat\/iespolinya\/?p=1211"},"modified":"2017-09-08T16:28:15","modified_gmt":"2017-09-08T14:28:15","slug":"setmana-de-la-ciencia-2016","status":"publish","type":"post","link":"https:\/\/agora.xtec.cat\/iespolinya\/general\/setmana-de-la-ciencia-2016\/","title":{"rendered":"Setmana de la Ci\u00e8ncia 2016"},"content":{"rendered":"<p><a href=\"http:\/\/agora.xtec.cat\/iespolinya\/wp-content\/uploads\/usu392\/2016\/11\/Captura-de-pantalla-2016-11-11-a-les-8.02.10.png\"><img loading=\"lazy\" decoding=\"async\" class=\"wp-image-1213 alignright\" src=\"http:\/\/agora.xtec.cat\/iespolinya\/wp-content\/uploads\/usu392\/2016\/11\/Captura-de-pantalla-2016-11-11-a-les-8.02.10-300x209.png\" alt=\"captura-de-pantalla-2016-11-11-a-les-8-02-10\" width=\"350\" height=\"244\" srcset=\"https:\/\/agora.xtec.cat\/iespolinya\/wp-content\/uploads\/usu392\/2016\/11\/Captura-de-pantalla-2016-11-11-a-les-8.02.10-300x209.png 300w, https:\/\/agora.xtec.cat\/iespolinya\/wp-content\/uploads\/usu392\/2016\/11\/Captura-de-pantalla-2016-11-11-a-les-8.02.10-768x535.png 768w, https:\/\/agora.xtec.cat\/iespolinya\/wp-content\/uploads\/usu392\/2016\/11\/Captura-de-pantalla-2016-11-11-a-les-8.02.10-1024x714.png 1024w, https:\/\/agora.xtec.cat\/iespolinya\/wp-content\/uploads\/usu392\/2016\/11\/Captura-de-pantalla-2016-11-11-a-les-8.02.10.png 1066w\" sizes=\"auto, (max-width: 350px) 100vw, 350px\" \/><\/a><\/p>\n<p>Com cada any per aquestes dates l&#8217;Institut Poliny\u00e0 s&#8217;afegeix a la \u00a0celebraci\u00f3 de la Setmana de la Ci\u00e8ncia amb les seg\u00fcents activitats:<\/p>\n<p><b>PRIMER D&#8217;ESO<\/b><\/p>\n<p>VISITA AL MUSEU BLAU DE BARCELONA I REALITZACI\u00d3 DEL TALLER &#8220;BUSQUEM LA VIDA&#8221; ELS <strong><em>DIES 22, 25, 29 DE NOVEMBRE I 1 DE DESEMBRE<\/em><\/strong><\/p>\n<p><b>SEGON D&#8217;ESO<\/b><\/p>\n<p>CAMPANYA D&#8217;ESTALVI ENERG\u00c8TIC DEL <em><strong>28 DE NOVEMBRE AL 2 DE DESEMBRE<\/strong><\/em>.<\/p>\n<p><b>TERCER D&#8217;ESO<\/b><\/p>\n<p>VISITA A LA PLANTA DE TRACTAMENT DE RESIDUS DEL VALL\u00c8S OCCIDENTAL ELS <strong><em>DIES 23 i 24 NOVEMBRE<\/em><\/strong>\u00a0.<\/p>\n<p><b>BATXILLERAT<\/b><\/p>\n<p>ASSISTIRAN A LA\u00a0CONFER\u00c8NCIA<b>\u00a0<\/b>&#8220;LA F\u00cdSICA I ELS SISTEMES VIUS &#8221; A L&#8217;INSTITUT RAM\u00d3N I CASAS I CARB\u00d3 DE PALAU EL <em><strong>22 DE NOVEMBRE<\/strong><\/em>.<\/p>\n","protected":false},"excerpt":{"rendered":"<p>Com cada any per aquestes dates l&#8217;Institut Poliny\u00e0 s&#8217;afegeix a la  celebraci\u00f3 de la Setmana de la Ci\u00e8ncia.<\/p>\n","protected":false},"author":1,"featured_media":1213,"comment_status":"open","ping_status":"open","sticky":false,"template":"","format":"standard","meta":{"_bbp_topic_count":0,"_bbp_reply_count":0,"_bbp_total_topic_count":0,"_bbp_total_reply_count":0,"_bbp_voice_count":0,"_bbp_anonymous_reply_count":0,"_bbp_topic_count_hidden":0,"_bbp_reply_count_hidden":0,"_bbp_forum_subforum_count":0,"site-sidebar-layout":"default","site-content-layout":"","ast-site-content-layout":"","site-content-style":"default","site-sidebar-style":"default","ast-global-header-display":"","ast-banner-title-visibility":"","ast-main-header-display":"","ast-hfb-above-header-display":"","ast-hfb-below-header-display":"","ast-hfb-mobile-header-display":"","site-post-title":"","ast-breadcrumbs-content":"","ast-featured-img":"","footer-sml-layout":"","theme-transparent-header-meta":"","adv-header-id-meta":"","stick-header-meta":"","header-above-stick-meta":"","header-main-stick-meta":"","header-below-stick-meta":"","astra-migrate-meta-layouts":"default","ast-page-background-enabled":"default","ast-page-background-meta":{"desktop":{"background-color":"var(--ast-global-color-4)","background-image":"","background-repeat":"repeat","background-position":"center center","background-size":"auto","background-attachment":"scroll","background-type":"","background-media":"","overlay-type":"","overlay-color":"","overlay-opacity":"","overlay-gradient":""},"tablet":{"background-color":"","background-image":"","background-repeat":"repeat","background-position":"center center","background-size":"auto","background-attachment":"scroll","background-type":"","background-media":"","overlay-type":"","overlay-color":"","overlay-opacity":"","overlay-gradient":""},"mobile":{"background-color":"","background-image":"","background-repeat":"repeat","background-position":"center center","background-size":"auto","background-attachment":"scroll","background-type":"","background-media":"","overlay-type":"","overlay-color":"","overlay-opacity":"","overlay-gradient":""}},"ast-content-background-meta":{"desktop":{"background-color":"var(--ast-global-color-5)","background-image":"","background-repeat":"repeat","background-position":"center center","background-size":"auto","background-attachment":"scroll","background-type":"","background-media":"","overlay-type":"","overlay-color":"","overlay-opacity":"","overlay-gradient":""},"tablet":{"background-color":"var(--ast-global-color-5)","background-image":"","background-repeat":"repeat","background-position":"center center","background-size":"auto","background-attachment":"scroll","background-type":"","background-media":"","overlay-type":"","overlay-color":"","overlay-opacity":"","overlay-gradient":""},"mobile":{"background-color":"var(--ast-global-color-5)","background-image":"","background-repeat":"repeat","background-position":"center center","background-size":"auto","background-attachment":"scroll","background-type":"","background-media":"","overlay-type":"","overlay-color":"","overlay-opacity":"","overlay-gradient":""}},"footnotes":""},"categories":[3,4,1,29],"tags":[83],"class_list":["post-1211","post","type-post","status-publish","format-standard","has-post-thumbnail","hentry","category-eso","category-eso-1","category-general","category-portada","tag-eso"],"post_mailing_queue_ids":[],"_links":{"self":[{"href":"https:\/\/agora.xtec.cat\/iespolinya\/wp-json\/wp\/v2\/posts\/1211","targetHints":{"allow":["GET"]}}],"collection":[{"href":"https:\/\/agora.xtec.cat\/iespolinya\/wp-json\/wp\/v2\/posts"}],"about":[{"href":"https:\/\/agora.xtec.cat\/iespolinya\/wp-json\/wp\/v2\/types\/post"}],"author":[{"embeddable":true,"href":"https:\/\/agora.xtec.cat\/iespolinya\/wp-json\/wp\/v2\/users\/1"}],"replies":[{"embeddable":true,"href":"https:\/\/agora.xtec.cat\/iespolinya\/wp-json\/wp\/v2\/comments?post=1211"}],"version-history":[{"count":3,"href":"https:\/\/agora.xtec.cat\/iespolinya\/wp-json\/wp\/v2\/posts\/1211\/revisions"}],"predecessor-version":[{"id":1225,"href":"https:\/\/agora.xtec.cat\/iespolinya\/wp-json\/wp\/v2\/posts\/1211\/revisions\/1225"}],"wp:featuredmedia":[{"embeddable":true,"href":"https:\/\/agora.xtec.cat\/iespolinya\/wp-json\/wp\/v2\/media\/1213"}],"wp:attachment":[{"href":"https:\/\/agora.xtec.cat\/iespolinya\/wp-json\/wp\/v2\/media?parent=1211"}],"wp:term":[{"taxonomy":"category","embeddable":true,"href":"https:\/\/agora.xtec.cat\/iespolinya\/wp-json\/wp\/v2\/categories?post=1211"},{"taxonomy":"post_tag","embeddable":true,"href":"https:\/\/agora.xtec.cat\/iespolinya\/wp-json\/wp\/v2\/tags?post=1211"}],"curies":[{"name":"wp","href":"https:\/\/api.w.org\/{rel}","templated":true}]}}