{"id":1188,"date":"2016-10-13T07:40:39","date_gmt":"2016-10-13T05:40:39","guid":{"rendered":"http:\/\/agora.xtec.cat\/iespolinya\/?p=1188"},"modified":"2017-09-08T16:35:06","modified_gmt":"2017-09-08T14:35:06","slug":"recollida-de-productes","status":"publish","type":"post","link":"https:\/\/agora.xtec.cat\/iespolinya\/general\/recollida-de-productes\/","title":{"rendered":"RECOLLIDA DE PRODUCTES"},"content":{"rendered":"<p><strong>El nostre centre s\u2019apunta a la recollida de productes de primera necessitat.<\/strong><\/p>\n<p>Fins el dia 21 d\u2019octubre, juntament amb les escoles \u00a0de la poblaci\u00f3, el nostre centre realitzar\u00e0 una recollida de productes de primera necessitat \u00a0per C\u00e0ritas. Tot el recollit es destinar\u00e0 a fam\u00edlies del poble.<\/p>\n<p><img loading=\"lazy\" decoding=\"async\" class=\"wp-image-1189 size-medium alignright\" src=\"http:\/\/agora.xtec.cat\/iespolinya\/wp-content\/uploads\/usu392\/2016\/10\/IMG_1090-300x197.jpg\" alt=\"img_1090\" width=\"300\" height=\"197\" srcset=\"https:\/\/agora.xtec.cat\/iespolinya\/wp-content\/uploads\/usu392\/2016\/10\/IMG_1090-300x197.jpg 300w, https:\/\/agora.xtec.cat\/iespolinya\/wp-content\/uploads\/usu392\/2016\/10\/IMG_1090-768x503.jpg 768w, https:\/\/agora.xtec.cat\/iespolinya\/wp-content\/uploads\/usu392\/2016\/10\/IMG_1090-1024x671.jpg 1024w\" sizes=\"auto, (max-width: 300px) 100vw, 300px\" \/>Els productes que podeu portar s\u00f3n:<\/p>\n<ul>\n<li>FARINA<\/li>\n<li>SUCRE<\/li>\n<li>TOM\u00c0QUET FREGIT<\/li>\n<li>GEL DE DUTXA<\/li>\n<li>CACAU EN POLS<\/li>\n<\/ul>\n<p>&nbsp;<\/p>\n<p>&nbsp;<\/p>\n<p>Moltes gr\u00e0cies per la vostra col\u00b7laboraci\u00f3!<\/p>\n","protected":false},"excerpt":{"rendered":"<p>El nostre centre s\u2019apunta a la recollida de productes de primera necessitat. Fins el dia 21 d\u2019octubre, juntament amb les escoles \u00a0de la poblaci\u00f3, el nostre centre realitzar\u00e0 una recollida de productes de primera necessitat \u00a0per C\u00e0ritas. Tot el recollit es destinar\u00e0 a fam\u00edlies del poble. Els productes que podeu portar s\u00f3n: FARINA SUCRE TOM\u00c0QUET [&hellip;]<\/p>\n","protected":false},"author":1,"featured_media":1189,"comment_status":"open","ping_status":"open","sticky":false,"template":"","format":"standard","meta":{"_bbp_topic_count":0,"_bbp_reply_count":0,"_bbp_total_topic_count":0,"_bbp_total_reply_count":0,"_bbp_voice_count":0,"_bbp_anonymous_reply_count":0,"_bbp_topic_count_hidden":0,"_bbp_reply_count_hidden":0,"_bbp_forum_subforum_count":0,"site-sidebar-layout":"default","site-content-layout":"","ast-site-content-layout":"","site-content-style":"default","site-sidebar-style":"default","ast-global-header-display":"","ast-banner-title-visibility":"","ast-main-header-display":"","ast-hfb-above-header-display":"","ast-hfb-below-header-display":"","ast-hfb-mobile-header-display":"","site-post-title":"","ast-breadcrumbs-content":"","ast-featured-img":"","footer-sml-layout":"","theme-transparent-header-meta":"","adv-header-id-meta":"","stick-header-meta":"","header-above-stick-meta":"","header-main-stick-meta":"","header-below-stick-meta":"","astra-migrate-meta-layouts":"default","ast-page-background-enabled":"default","ast-page-background-meta":{"desktop":{"background-color":"var(--ast-global-color-4)","background-image":"","background-repeat":"repeat","background-position":"center center","background-size":"auto","background-attachment":"scroll","background-type":"","background-media":"","overlay-type":"","overlay-color":"","overlay-opacity":"","overlay-gradient":""},"tablet":{"background-color":"","background-image":"","background-repeat":"repeat","background-position":"center center","background-size":"auto","background-attachment":"scroll","background-type":"","background-media":"","overlay-type":"","overlay-color":"","overlay-opacity":"","overlay-gradient":""},"mobile":{"background-color":"","background-image":"","background-repeat":"repeat","background-position":"center center","background-size":"auto","background-attachment":"scroll","background-type":"","background-media":"","overlay-type":"","overlay-color":"","overlay-opacity":"","overlay-gradient":""}},"ast-content-background-meta":{"desktop":{"background-color":"var(--ast-global-color-5)","background-image":"","background-repeat":"repeat","background-position":"center center","background-size":"auto","background-attachment":"scroll","background-type":"","background-media":"","overlay-type":"","overlay-color":"","overlay-opacity":"","overlay-gradient":""},"tablet":{"background-color":"var(--ast-global-color-5)","background-image":"","background-repeat":"repeat","background-position":"center center","background-size":"auto","background-attachment":"scroll","background-type":"","background-media":"","overlay-type":"","overlay-color":"","overlay-opacity":"","overlay-gradient":""},"mobile":{"background-color":"var(--ast-global-color-5)","background-image":"","background-repeat":"repeat","background-position":"center center","background-size":"auto","background-attachment":"scroll","background-type":"","background-media":"","overlay-type":"","overlay-color":"","overlay-opacity":"","overlay-gradient":""}},"footnotes":""},"categories":[1,29],"tags":[83],"class_list":["post-1188","post","type-post","status-publish","format-standard","has-post-thumbnail","hentry","category-general","category-portada","tag-eso"],"post_mailing_queue_ids":[],"_links":{"self":[{"href":"https:\/\/agora.xtec.cat\/iespolinya\/wp-json\/wp\/v2\/posts\/1188","targetHints":{"allow":["GET"]}}],"collection":[{"href":"https:\/\/agora.xtec.cat\/iespolinya\/wp-json\/wp\/v2\/posts"}],"about":[{"href":"https:\/\/agora.xtec.cat\/iespolinya\/wp-json\/wp\/v2\/types\/post"}],"author":[{"embeddable":true,"href":"https:\/\/agora.xtec.cat\/iespolinya\/wp-json\/wp\/v2\/users\/1"}],"replies":[{"embeddable":true,"href":"https:\/\/agora.xtec.cat\/iespolinya\/wp-json\/wp\/v2\/comments?post=1188"}],"version-history":[{"count":1,"href":"https:\/\/agora.xtec.cat\/iespolinya\/wp-json\/wp\/v2\/posts\/1188\/revisions"}],"predecessor-version":[{"id":1190,"href":"https:\/\/agora.xtec.cat\/iespolinya\/wp-json\/wp\/v2\/posts\/1188\/revisions\/1190"}],"wp:featuredmedia":[{"embeddable":true,"href":"https:\/\/agora.xtec.cat\/iespolinya\/wp-json\/wp\/v2\/media\/1189"}],"wp:attachment":[{"href":"https:\/\/agora.xtec.cat\/iespolinya\/wp-json\/wp\/v2\/media?parent=1188"}],"wp:term":[{"taxonomy":"category","embeddable":true,"href":"https:\/\/agora.xtec.cat\/iespolinya\/wp-json\/wp\/v2\/categories?post=1188"},{"taxonomy":"post_tag","embeddable":true,"href":"https:\/\/agora.xtec.cat\/iespolinya\/wp-json\/wp\/v2\/tags?post=1188"}],"curies":[{"name":"wp","href":"https:\/\/api.w.org\/{rel}","templated":true}]}}