{"id":1153,"date":"2016-09-16T10:15:21","date_gmt":"2016-09-16T09:15:21","guid":{"rendered":"http:\/\/agora.xtec.cat\/iespolinya\/?p=1153"},"modified":"2017-03-02T21:32:46","modified_gmt":"2017-03-02T20:32:46","slug":"jornades-europees-de-patrimoni-2016","status":"publish","type":"post","link":"https:\/\/agora.xtec.cat\/iespolinya\/general\/jornades-europees-de-patrimoni-2016\/","title":{"rendered":"JORNADES EUROPEES DE PATRIMONI 2016"},"content":{"rendered":"<p>Per segon any consecutiu l&#8217;institut participa a les <a href=\"http:\/\/patrimoni.gencat.cat\/jep2016\">Jornades Europees de Patrimoni <\/a>que organitza l&#8217;Ajuntament de Poliny\u00e0, amb la intenci\u00f3 de fer difusi\u00f3 del nostre patrimoni local. L&#8217;any passat un grup d&#8217;alumnes de 4t d&#8217;ESO van fer una pon\u00e8ncia sobre <a href=\"http:\/\/agora.xtec.cat\/iespolinya\/general\/jornades-europees-de-patrimoni\/\">el mastodont de Poliny\u00e0<\/a>, que havien estudiat el curs 2014-15.<\/p>\n<p><strong>Dem\u00e0 divendres<\/strong> un grup d&#8217;alumnes de 2n de Batxillerat participaran a l&#8217;edici\u00f3 d&#8217;enguany amb la pon\u00e8ncia: <a href=\"http:\/\/blocs.xtec.cat\/paulinianum\/2016\/09\/16\/jornades-europees-de-patrimoni-2016\/\">ELS PIONERS DE L&#8217;ARQUEOLOGIA AL VALL\u00c8S: JOAN VILA I CINCA I LES EXCAVACIONS A CAN MARATA<\/a>. L&#8217;acte \u00e9s celebrar\u00e0 a<strong>l Centre C\u00edvic a les 18.30h.<\/strong><\/p>\n<p><a href=\"http:\/\/agora.xtec.cat\/iespolinya\/wp-content\/uploads\/usu392\/2016\/09\/cinca-1.jpg\"><img loading=\"lazy\" decoding=\"async\" class=\"alignnone size-full wp-image-1155\" src=\"http:\/\/agora.xtec.cat\/iespolinya\/wp-content\/uploads\/usu392\/2016\/09\/cinca-1.jpg\" alt=\"cinca\" width=\"819\" height=\"270\" srcset=\"https:\/\/agora.xtec.cat\/iespolinya\/wp-content\/uploads\/usu392\/2016\/09\/cinca-1.jpg 819w, https:\/\/agora.xtec.cat\/iespolinya\/wp-content\/uploads\/usu392\/2016\/09\/cinca-1-300x99.jpg 300w, https:\/\/agora.xtec.cat\/iespolinya\/wp-content\/uploads\/usu392\/2016\/09\/cinca-1-768x253.jpg 768w\" sizes=\"auto, (max-width: 819px) 100vw, 819px\" \/><\/a><\/p>\n<p><!--more-->L&#8217;endem\u00e0 <strong>dissabte a les 11h a l&#8217;esgl\u00e8sia de Sant Salvador<\/strong> del nostre poble, els exalumnes David Gonz\u00e1lez i Vicente Fontanals, acompanyats del professor Xavier Moyano, faran un itinerari did\u00e0ctic per les pintures rom\u00e0niques de l&#8217;esgl\u00e8sia. L&#8217;activitat est\u00e0 pensada per petits i grans.<\/p>\n<p><a href=\"http:\/\/agora.xtec.cat\/iespolinya\/wp-content\/uploads\/usu392\/2016\/09\/romanic.jpg\"><img loading=\"lazy\" decoding=\"async\" class=\"alignnone size-full wp-image-1156\" src=\"http:\/\/agora.xtec.cat\/iespolinya\/wp-content\/uploads\/usu392\/2016\/09\/romanic.jpg\" alt=\"romanic\" width=\"1229\" height=\"569\" srcset=\"https:\/\/agora.xtec.cat\/iespolinya\/wp-content\/uploads\/usu392\/2016\/09\/romanic.jpg 1229w, https:\/\/agora.xtec.cat\/iespolinya\/wp-content\/uploads\/usu392\/2016\/09\/romanic-300x139.jpg 300w, https:\/\/agora.xtec.cat\/iespolinya\/wp-content\/uploads\/usu392\/2016\/09\/romanic-768x356.jpg 768w, https:\/\/agora.xtec.cat\/iespolinya\/wp-content\/uploads\/usu392\/2016\/09\/romanic-1024x474.jpg 1024w\" sizes=\"auto, (max-width: 1229px) 100vw, 1229px\" \/><\/a><\/p>\n<p>Us hi esperem a tots!<\/p>\n<p>&nbsp;<\/p>\n","protected":false},"excerpt":{"rendered":"<p>Per segon any consecutiu l&#8217;institut participa a les Jornades Europees de Patrimoni que organitza l&#8217;Ajuntament de Poliny\u00e0, amb la intenci\u00f3 de fer difusi\u00f3 del nostre patrimoni local. L&#8217;any passat un grup d&#8217;alumnes de 4t d&#8217;ESO van fer una pon\u00e8ncia sobre el mastodont de Poliny\u00e0, que havien estudiat el curs 2014-15. Dem\u00e0 divendres un grup d&#8217;alumnes [&hellip;]<\/p>\n","protected":false},"author":1,"featured_media":0,"comment_status":"open","ping_status":"open","sticky":false,"template":"","format":"standard","meta":{"_bbp_topic_count":0,"_bbp_reply_count":0,"_bbp_total_topic_count":0,"_bbp_total_reply_count":0,"_bbp_voice_count":0,"_bbp_anonymous_reply_count":0,"_bbp_topic_count_hidden":0,"_bbp_reply_count_hidden":0,"_bbp_forum_subforum_count":0,"site-sidebar-layout":"default","site-content-layout":"","ast-site-content-layout":"","site-content-style":"default","site-sidebar-style":"default","ast-global-header-display":"","ast-banner-title-visibility":"","ast-main-header-display":"","ast-hfb-above-header-display":"","ast-hfb-below-header-display":"","ast-hfb-mobile-header-display":"","site-post-title":"","ast-breadcrumbs-content":"","ast-featured-img":"","footer-sml-layout":"","theme-transparent-header-meta":"","adv-header-id-meta":"","stick-header-meta":"","header-above-stick-meta":"","header-main-stick-meta":"","header-below-stick-meta":"","astra-migrate-meta-layouts":"default","ast-page-background-enabled":"default","ast-page-background-meta":{"desktop":{"background-color":"var(--ast-global-color-4)","background-image":"","background-repeat":"repeat","background-position":"center center","background-size":"auto","background-attachment":"scroll","background-type":"","background-media":"","overlay-type":"","overlay-color":"","overlay-opacity":"","overlay-gradient":""},"tablet":{"background-color":"","background-image":"","background-repeat":"repeat","background-position":"center center","background-size":"auto","background-attachment":"scroll","background-type":"","background-media":"","overlay-type":"","overlay-color":"","overlay-opacity":"","overlay-gradient":""},"mobile":{"background-color":"","background-image":"","background-repeat":"repeat","background-position":"center center","background-size":"auto","background-attachment":"scroll","background-type":"","background-media":"","overlay-type":"","overlay-color":"","overlay-opacity":"","overlay-gradient":""}},"ast-content-background-meta":{"desktop":{"background-color":"var(--ast-global-color-5)","background-image":"","background-repeat":"repeat","background-position":"center center","background-size":"auto","background-attachment":"scroll","background-type":"","background-media":"","overlay-type":"","overlay-color":"","overlay-opacity":"","overlay-gradient":""},"tablet":{"background-color":"var(--ast-global-color-5)","background-image":"","background-repeat":"repeat","background-position":"center center","background-size":"auto","background-attachment":"scroll","background-type":"","background-media":"","overlay-type":"","overlay-color":"","overlay-opacity":"","overlay-gradient":""},"mobile":{"background-color":"var(--ast-global-color-5)","background-image":"","background-repeat":"repeat","background-position":"center center","background-size":"auto","background-attachment":"scroll","background-type":"","background-media":"","overlay-type":"","overlay-color":"","overlay-opacity":"","overlay-gradient":""}},"footnotes":""},"categories":[1,29],"tags":[],"class_list":["post-1153","post","type-post","status-publish","format-standard","hentry","category-general","category-portada"],"post_mailing_queue_ids":[],"_links":{"self":[{"href":"https:\/\/agora.xtec.cat\/iespolinya\/wp-json\/wp\/v2\/posts\/1153","targetHints":{"allow":["GET"]}}],"collection":[{"href":"https:\/\/agora.xtec.cat\/iespolinya\/wp-json\/wp\/v2\/posts"}],"about":[{"href":"https:\/\/agora.xtec.cat\/iespolinya\/wp-json\/wp\/v2\/types\/post"}],"author":[{"embeddable":true,"href":"https:\/\/agora.xtec.cat\/iespolinya\/wp-json\/wp\/v2\/users\/1"}],"replies":[{"embeddable":true,"href":"https:\/\/agora.xtec.cat\/iespolinya\/wp-json\/wp\/v2\/comments?post=1153"}],"version-history":[{"count":3,"href":"https:\/\/agora.xtec.cat\/iespolinya\/wp-json\/wp\/v2\/posts\/1153\/revisions"}],"predecessor-version":[{"id":1370,"href":"https:\/\/agora.xtec.cat\/iespolinya\/wp-json\/wp\/v2\/posts\/1153\/revisions\/1370"}],"wp:attachment":[{"href":"https:\/\/agora.xtec.cat\/iespolinya\/wp-json\/wp\/v2\/media?parent=1153"}],"wp:term":[{"taxonomy":"category","embeddable":true,"href":"https:\/\/agora.xtec.cat\/iespolinya\/wp-json\/wp\/v2\/categories?post=1153"},{"taxonomy":"post_tag","embeddable":true,"href":"https:\/\/agora.xtec.cat\/iespolinya\/wp-json\/wp\/v2\/tags?post=1153"}],"curies":[{"name":"wp","href":"https:\/\/api.w.org\/{rel}","templated":true}]}}