{"id":10057,"date":"2026-04-30T11:37:11","date_gmt":"2026-04-30T09:37:11","guid":{"rendered":"https:\/\/agora.xtec.cat\/iespladelestany\/?p=10057"},"modified":"2026-04-30T11:37:12","modified_gmt":"2026-04-30T09:37:12","slug":"xerrada-sobre-ledatisme-per-sensibilitzar-lalumnat-de-lambit-sociosanitari","status":"publish","type":"post","link":"https:\/\/agora.xtec.cat\/iespladelestany\/general\/xerrada-sobre-ledatisme-per-sensibilitzar-lalumnat-de-lambit-sociosanitari\/","title":{"rendered":"Xerrada sobre l\u2019edatisme per sensibilitzar l\u2019alumnat de l&#8217;\u00e0mbit sociosanitari\u00a0"},"content":{"rendered":"\n<p>El passat 29 d\u2019abril es va celebrar una xerrada sobre l\u2019edatisme adre\u00e7ada a l\u2019alumnat dels cicles formatius de grau mitj\u00e0 de Cures Auxiliars d\u2019Infermeria (CAI) i d\u2019Atenci\u00f3 a les Persones en Situaci\u00f3 de Depend\u00e8ncia (APD). L\u2019activitat va comptar amb la participaci\u00f3 de Gl\u00f2ria Pla, psic\u00f2loga del Consell Comarcal de l\u2019Alt Empord\u00e0 i membre de l\u2019equip d\u2019atenci\u00f3 a fam\u00edlies i envelliment, i Dolors Quer, representant del Consell de la Gent Gran de l\u2019Alt Empord\u00e0 i de les comarques gironines. Ambdues formen part de la <a href=\"https:\/\/www.altemporda.org\/portal\/component\/content\/article\/189-noticies\/7210-la-taula-comarcal-pels-drets-de-les-persones-grans-de-l-alt-emporda-programa-una-desena-d-activitats-per-sensibilitzar-la-societat-sobre-els-drets-de-les-persones-grans?Itemid=490\" target=\"_blank\" rel=\"noreferrer noopener\">Taula Comarcal per als drets de les persones grans<\/a> de l\u2019Alt Empord\u00e0.<\/p>\n\n\n\n<p>Durant la sessi\u00f3, es va abordar el concepte d\u2019edatisme, ent\u00e8s com la discriminaci\u00f3, els estereotips i els prejudicis basats en l\u2019edat. Tot i que pot afectar persones de qualsevol franja d&#8217;edat, sovint recau especialment sobre la gent gran. Aquest fenomen es manifesta en actituds negatives, barreres socials i pr\u00e0ctiques que desvaloritzen les capacitats de les persones i limiten les seves oportunitats.<\/p>\n\n\n\n<p>Les ponents van destacar diversos aspectes clau de l\u2019edatisme, com els prejudicis i estereotips que condicionen la percepci\u00f3 social segons l&#8217;edat, l&#8217;\u00fas d&#8217;un llenguatge edatista amb expressions ofensives o paternalistes, i la segregaci\u00f3 i exclusi\u00f3 en \u00e0mbits laborals i socials. Tamb\u00e9 es va posar \u00e8mfasi en el seu impacte, que pot afectar la salut mental i f\u00edsica de les persones, arribant fins i tot a escur\u00e7ar l\u2019esperan\u00e7a de vida.<\/p>\n\n\n\n<p>Durant la xerrada es va ressaltar que una gran part de la poblaci\u00f3 mant\u00e9 actituds edatistes, sobretot envers la gent gran. Davant d&#8217;aquesta realitat, es va subratllar la necessitat de fomentar la sensibilitzaci\u00f3, l\u2019educaci\u00f3 i l\u2019\u00fas d\u2019un&nbsp;llenguatge m\u00e9s respectu\u00f3s per avan\u00e7ar cap a una societat inclusiva.<\/p>\n\n\n\n<p>Aix\u00ed mateix, es va posar en relleu el paper dels futurs professionals sociosanitaris en la seva prevenci\u00f3, remarcant la import\u00e0ncia d&#8217;una pr\u00e0ctica basada en el respecte, la dignitat i l\u2019abs\u00e8ncia de prejudicis.<\/p>\n\n\n\n<figure class=\"wp-block-gallery has-nested-images columns-default is-cropped wp-block-gallery-1 is-layout-flex wp-block-gallery-is-layout-flex\">\n<figure class=\"wp-block-image size-large\"><a href=\"https:\/\/agora.xtec.cat\/iespladelestany\/wp-content\/uploads\/usu35\/2026\/04\/edatismed_2_26.jpg\"><img loading=\"lazy\" decoding=\"async\" width=\"1024\" height=\"768\" data-id=\"10058\" src=\"https:\/\/agora.xtec.cat\/iespladelestany\/wp-content\/uploads\/usu35\/2026\/04\/edatismed_2_26-1024x768.jpg\" alt=\"\" class=\"wp-image-10058\" srcset=\"https:\/\/agora.xtec.cat\/iespladelestany\/wp-content\/uploads\/usu35\/2026\/04\/edatismed_2_26-1024x768.jpg 1024w, https:\/\/agora.xtec.cat\/iespladelestany\/wp-content\/uploads\/usu35\/2026\/04\/edatismed_2_26-300x225.jpg 300w, https:\/\/agora.xtec.cat\/iespladelestany\/wp-content\/uploads\/usu35\/2026\/04\/edatismed_2_26-768x576.jpg 768w, https:\/\/agora.xtec.cat\/iespladelestany\/wp-content\/uploads\/usu35\/2026\/04\/edatismed_2_26.jpg 1080w\" sizes=\"auto, (max-width: 1024px) 100vw, 1024px\" \/><\/a><\/figure>\n\n\n\n<figure class=\"wp-block-image size-large\"><a href=\"https:\/\/agora.xtec.cat\/iespladelestany\/wp-content\/uploads\/usu35\/2026\/04\/edatismed_1_26.jpg\"><img loading=\"lazy\" decoding=\"async\" width=\"1024\" height=\"768\" data-id=\"10059\" src=\"https:\/\/agora.xtec.cat\/iespladelestany\/wp-content\/uploads\/usu35\/2026\/04\/edatismed_1_26-1024x768.jpg\" alt=\"\" class=\"wp-image-10059\" srcset=\"https:\/\/agora.xtec.cat\/iespladelestany\/wp-content\/uploads\/usu35\/2026\/04\/edatismed_1_26-1024x768.jpg 1024w, https:\/\/agora.xtec.cat\/iespladelestany\/wp-content\/uploads\/usu35\/2026\/04\/edatismed_1_26-300x225.jpg 300w, https:\/\/agora.xtec.cat\/iespladelestany\/wp-content\/uploads\/usu35\/2026\/04\/edatismed_1_26-768x576.jpg 768w, https:\/\/agora.xtec.cat\/iespladelestany\/wp-content\/uploads\/usu35\/2026\/04\/edatismed_1_26.jpg 1080w\" sizes=\"auto, (max-width: 1024px) 100vw, 1024px\" \/><\/a><\/figure>\n<\/figure>\n","protected":false},"excerpt":{"rendered":"<p>El passat 29 d\u2019abril es va celebrar una xerrada sobre l\u2019edatisme adre\u00e7ada a l\u2019alumnat dels cicles formatius de grau mitj\u00e0 de Cures Auxiliars d\u2019Infermeria (CAI) i d\u2019Atenci\u00f3 a les Persones en Situaci\u00f3 de Depend\u00e8ncia (APD). L\u2019activitat va comptar amb la participaci\u00f3 de Gl\u00f2ria Pla, psic\u00f2loga del Consell Comarcal de l\u2019Alt Empord\u00e0 i membre de l\u2019equip [&hellip;]<\/p>\n","protected":false},"author":3,"featured_media":10059,"comment_status":"closed","ping_status":"open","sticky":false,"template":"","format":"standard","meta":{"site-sidebar-layout":"default","site-content-layout":"","ast-site-content-layout":"default","site-content-style":"default","site-sidebar-style":"default","ast-global-header-display":"","ast-banner-title-visibility":"","ast-main-header-display":"","ast-hfb-above-header-display":"","ast-hfb-below-header-display":"","ast-hfb-mobile-header-display":"","site-post-title":"","ast-breadcrumbs-content":"","ast-featured-img":"","footer-sml-layout":"","theme-transparent-header-meta":"","adv-header-id-meta":"","stick-header-meta":"","header-above-stick-meta":"","header-main-stick-meta":"","header-below-stick-meta":"","astra-migrate-meta-layouts":"set","ast-page-background-enabled":"default","ast-page-background-meta":{"desktop":{"background-color":"var(--ast-global-color-4)","background-image":"","background-repeat":"repeat","background-position":"center center","background-size":"auto","background-attachment":"scroll","background-type":"","background-media":"","overlay-type":"","overlay-color":"","overlay-opacity":"","overlay-gradient":""},"tablet":{"background-color":"","background-image":"","background-repeat":"repeat","background-position":"center center","background-size":"auto","background-attachment":"scroll","background-type":"","background-media":"","overlay-type":"","overlay-color":"","overlay-opacity":"","overlay-gradient":""},"mobile":{"background-color":"","background-image":"","background-repeat":"repeat","background-position":"center center","background-size":"auto","background-attachment":"scroll","background-type":"","background-media":"","overlay-type":"","overlay-color":"","overlay-opacity":"","overlay-gradient":""}},"ast-content-background-meta":{"desktop":{"background-color":"var(--ast-global-color-5)","background-image":"","background-repeat":"repeat","background-position":"center center","background-size":"auto","background-attachment":"scroll","background-type":"","background-media":"","overlay-type":"","overlay-color":"","overlay-opacity":"","overlay-gradient":""},"tablet":{"background-color":"var(--ast-global-color-5)","background-image":"","background-repeat":"repeat","background-position":"center center","background-size":"auto","background-attachment":"scroll","background-type":"","background-media":"","overlay-type":"","overlay-color":"","overlay-opacity":"","overlay-gradient":""},"mobile":{"background-color":"var(--ast-global-color-5)","background-image":"","background-repeat":"repeat","background-position":"center center","background-size":"auto","background-attachment":"scroll","background-type":"","background-media":"","overlay-type":"","overlay-color":"","overlay-opacity":"","overlay-gradient":""}},"footnotes":""},"categories":[149,150,1,29],"tags":[96,131],"class_list":["post-10057","post","type-post","status-publish","format-standard","has-post-thumbnail","hentry","category-apd","category-cai","category-general","category-portada","tag-cfgm-apd","tag-cfgm-cai"],"post_mailing_queue_ids":[],"_links":{"self":[{"href":"https:\/\/agora.xtec.cat\/iespladelestany\/wp-json\/wp\/v2\/posts\/10057","targetHints":{"allow":["GET"]}}],"collection":[{"href":"https:\/\/agora.xtec.cat\/iespladelestany\/wp-json\/wp\/v2\/posts"}],"about":[{"href":"https:\/\/agora.xtec.cat\/iespladelestany\/wp-json\/wp\/v2\/types\/post"}],"author":[{"embeddable":true,"href":"https:\/\/agora.xtec.cat\/iespladelestany\/wp-json\/wp\/v2\/users\/3"}],"replies":[{"embeddable":true,"href":"https:\/\/agora.xtec.cat\/iespladelestany\/wp-json\/wp\/v2\/comments?post=10057"}],"version-history":[{"count":1,"href":"https:\/\/agora.xtec.cat\/iespladelestany\/wp-json\/wp\/v2\/posts\/10057\/revisions"}],"predecessor-version":[{"id":10060,"href":"https:\/\/agora.xtec.cat\/iespladelestany\/wp-json\/wp\/v2\/posts\/10057\/revisions\/10060"}],"wp:featuredmedia":[{"embeddable":true,"href":"https:\/\/agora.xtec.cat\/iespladelestany\/wp-json\/wp\/v2\/media\/10059"}],"wp:attachment":[{"href":"https:\/\/agora.xtec.cat\/iespladelestany\/wp-json\/wp\/v2\/media?parent=10057"}],"wp:term":[{"taxonomy":"category","embeddable":true,"href":"https:\/\/agora.xtec.cat\/iespladelestany\/wp-json\/wp\/v2\/categories?post=10057"},{"taxonomy":"post_tag","embeddable":true,"href":"https:\/\/agora.xtec.cat\/iespladelestany\/wp-json\/wp\/v2\/tags?post=10057"}],"curies":[{"name":"wp","href":"https:\/\/api.w.org\/{rel}","templated":true}]}}