{"id":13151,"date":"2023-01-07T11:55:11","date_gmt":"2023-01-07T10:55:11","guid":{"rendered":"https:\/\/agora.xtec.cat\/iespinedademar\/?p=13151"},"modified":"2023-01-07T11:55:11","modified_gmt":"2023-01-07T10:55:11","slug":"xerrada-amb-marina-gonzalez-gimnasta-olimpica","status":"publish","type":"post","link":"https:\/\/agora.xtec.cat\/iespinedademar\/general\/xerrada-amb-marina-gonzalez-gimnasta-olimpica\/","title":{"rendered":"XERRADA  AMB MARINA GONZ\u00c1LEZ, GIMNASTA OL\u00cdMPICA"},"content":{"rendered":"<p style=\"text-align: justify;\"><span style=\"font-weight: 400;\">Els alumnes de Batxillerat del centre han pogut con\u00e8ixer la gimnasta malgratenca Marina Gonz\u00e1lez, esportista de la selecci\u00f3 espanyola de gimn\u00e0stica art\u00edstica que va competir a les olimp\u00edades de T\u00f2quio i que ja s&#8217;est\u00e0 preparant per a les properes olimp\u00edades de Par\u00eds.<\/span><\/p>\n<p style=\"text-align: justify;\"><span style=\"font-weight: 400;\">La Marina ha conversat amb nosaltres en una reuni\u00f3 telem\u00e0tica des de l&#8217;estat d&#8217;Iowa (USA), on estudia Econ\u00f2miques i on forma part de l&#8217;equip d&#8217;aquest estat, competint a la NCAA.<\/span><\/p>\n<p style=\"text-align: justify;\"><span style=\"font-weight: 400;\">A la xerrada hem pogut comprovar que darrere dels \u00e8xits hi ha molt de sacrifici, que res no \u00e9s f\u00e0cil ni immediat. Els alumnes li van preguntar per la seva vida di\u00e0ria als Estats Units, pels seus objectius, per com ha aconseguit treure for\u00e7a despr\u00e9s de les diferents lesions que ha patit\u2026 La jove esportista ens ha recordat que l&#8217;actitud que sempre l&#8217;ha acompanyat \u00e9s no rendir-se mai quan vols assolir una fita, sigui quina sigui.<\/span><\/p>\n<p style=\"text-align: justify;\"><span style=\"font-weight: 400;\">Des del nostre web volem agrair la seva disposici\u00f3 a compartir amb nosaltres les seves experi\u00e8ncies vitals, i esperem que aquesta for\u00e7a de voluntat esdevingui una petita lli\u00e7\u00f3 de vida per als nostres alumnes.<\/span><\/p>\n<p style=\"text-align: justify;\"><span style=\"font-weight: 400;\">Us deixem algunes imatges de la xerrada i el v\u00eddeo de presentaci\u00f3 que va precedir la confer\u00e8ncia entre l&#8217;esportista i els nostres alumnes.<\/span><\/p>\n<ul>\n<li><a href=\"https:\/\/photos.app.goo.gl\/AQy4C6k5VNuNNvPZ7\" target=\"_blank\" rel=\"noopener\">Fotos de la xerrada amb Marina Gonz\u00e1lez, gimnasta ol\u00edmpica.<\/a><\/li>\n<\/ul>\n<div class=\"ast-oembed-container \" style=\"height: 100%;\"><iframe loading=\"lazy\" title=\"Marina Gonzalez 2022 Institut Pineda\" width=\"500\" height=\"281\" src=\"https:\/\/www.youtube.com\/embed\/Ni7_29KDvTU?feature=oembed\" frameborder=\"0\" allow=\"accelerometer; autoplay; clipboard-write; encrypted-media; gyroscope; picture-in-picture; web-share\" referrerpolicy=\"strict-origin-when-cross-origin\" allowfullscreen><\/iframe><\/div>\n<p>&nbsp;<\/p>\n","protected":false},"excerpt":{"rendered":"<p>Els alumnes de Batxillerat del centre han pogut con\u00e8ixer la gimnasta malgratenca Marina Gonz\u00e1lez, esportista de la selecci\u00f3 espanyola de gimn\u00e0stica art\u00edstica que va competir a les olimp\u00edades de T\u00f2quio i que ja s&#8217;est\u00e0 preparant per a les properes olimp\u00edades de Par\u00eds. La Marina ha conversat amb nosaltres en una reuni\u00f3 telem\u00e0tica des de l&#8217;estat [&hellip;]<\/p>\n","protected":false},"author":1,"featured_media":13152,"comment_status":"closed","ping_status":"closed","sticky":false,"template":"","format":"standard","meta":{"_bbp_topic_count":0,"_bbp_reply_count":0,"_bbp_total_topic_count":0,"_bbp_total_reply_count":0,"_bbp_voice_count":0,"_bbp_anonymous_reply_count":0,"_bbp_topic_count_hidden":0,"_bbp_reply_count_hidden":0,"_bbp_forum_subforum_count":0,"site-sidebar-layout":"default","site-content-layout":"","ast-site-content-layout":"","site-content-style":"default","site-sidebar-style":"default","ast-global-header-display":"","ast-banner-title-visibility":"","ast-main-header-display":"","ast-hfb-above-header-display":"","ast-hfb-below-header-display":"","ast-hfb-mobile-header-display":"","site-post-title":"","ast-breadcrumbs-content":"","ast-featured-img":"","footer-sml-layout":"","theme-transparent-header-meta":"","adv-header-id-meta":"","stick-header-meta":"","header-above-stick-meta":"","header-main-stick-meta":"","header-below-stick-meta":"","astra-migrate-meta-layouts":"default","ast-page-background-enabled":"default","ast-page-background-meta":{"desktop":{"background-color":"var(--ast-global-color-4)","background-image":"","background-repeat":"repeat","background-position":"center center","background-size":"auto","background-attachment":"scroll","background-type":"","background-media":"","overlay-type":"","overlay-color":"","overlay-opacity":"","overlay-gradient":""},"tablet":{"background-color":"","background-image":"","background-repeat":"repeat","background-position":"center center","background-size":"auto","background-attachment":"scroll","background-type":"","background-media":"","overlay-type":"","overlay-color":"","overlay-opacity":"","overlay-gradient":""},"mobile":{"background-color":"","background-image":"","background-repeat":"repeat","background-position":"center center","background-size":"auto","background-attachment":"scroll","background-type":"","background-media":"","overlay-type":"","overlay-color":"","overlay-opacity":"","overlay-gradient":""}},"ast-content-background-meta":{"desktop":{"background-color":"var(--ast-global-color-5)","background-image":"","background-repeat":"repeat","background-position":"center center","background-size":"auto","background-attachment":"scroll","background-type":"","background-media":"","overlay-type":"","overlay-color":"","overlay-opacity":"","overlay-gradient":""},"tablet":{"background-color":"var(--ast-global-color-5)","background-image":"","background-repeat":"repeat","background-position":"center center","background-size":"auto","background-attachment":"scroll","background-type":"","background-media":"","overlay-type":"","overlay-color":"","overlay-opacity":"","overlay-gradient":""},"mobile":{"background-color":"var(--ast-global-color-5)","background-image":"","background-repeat":"repeat","background-position":"center center","background-size":"auto","background-attachment":"scroll","background-type":"","background-media":"","overlay-type":"","overlay-color":"","overlay-opacity":"","overlay-gradient":""}},"footnotes":""},"categories":[8,1,29],"tags":[171],"class_list":["post-13151","post","type-post","status-publish","format-standard","has-post-thumbnail","hentry","category-batxillerat","category-general","category-portada","tag-xerrada"],"post_mailing_queue_ids":[],"_links":{"self":[{"href":"https:\/\/agora.xtec.cat\/iespinedademar\/wp-json\/wp\/v2\/posts\/13151","targetHints":{"allow":["GET"]}}],"collection":[{"href":"https:\/\/agora.xtec.cat\/iespinedademar\/wp-json\/wp\/v2\/posts"}],"about":[{"href":"https:\/\/agora.xtec.cat\/iespinedademar\/wp-json\/wp\/v2\/types\/post"}],"author":[{"embeddable":true,"href":"https:\/\/agora.xtec.cat\/iespinedademar\/wp-json\/wp\/v2\/users\/1"}],"replies":[{"embeddable":true,"href":"https:\/\/agora.xtec.cat\/iespinedademar\/wp-json\/wp\/v2\/comments?post=13151"}],"version-history":[{"count":1,"href":"https:\/\/agora.xtec.cat\/iespinedademar\/wp-json\/wp\/v2\/posts\/13151\/revisions"}],"predecessor-version":[{"id":13153,"href":"https:\/\/agora.xtec.cat\/iespinedademar\/wp-json\/wp\/v2\/posts\/13151\/revisions\/13153"}],"wp:featuredmedia":[{"embeddable":true,"href":"https:\/\/agora.xtec.cat\/iespinedademar\/wp-json\/wp\/v2\/media\/13152"}],"wp:attachment":[{"href":"https:\/\/agora.xtec.cat\/iespinedademar\/wp-json\/wp\/v2\/media?parent=13151"}],"wp:term":[{"taxonomy":"category","embeddable":true,"href":"https:\/\/agora.xtec.cat\/iespinedademar\/wp-json\/wp\/v2\/categories?post=13151"},{"taxonomy":"post_tag","embeddable":true,"href":"https:\/\/agora.xtec.cat\/iespinedademar\/wp-json\/wp\/v2\/tags?post=13151"}],"curies":[{"name":"wp","href":"https:\/\/api.w.org\/{rel}","templated":true}]}}