{"id":3956,"date":"2017-12-17T12:29:35","date_gmt":"2017-12-17T11:29:35","guid":{"rendered":"http:\/\/agora.xtec.cat\/iesperefontdevila\/?p=3956"},"modified":"2025-07-26T11:34:05","modified_gmt":"2025-07-26T09:34:05","slug":"entrevista-a-la-gihan-bahloul","status":"publish","type":"post","link":"https:\/\/agora.xtec.cat\/iesperefontdevila\/eso\/1eso\/entrevista-a-la-gihan-bahloul\/","title":{"rendered":"&#8220;La meva mare \u00e9s el meu model a seguir&#8221;"},"content":{"rendered":"<p><a href=\"https:\/\/youtu.be\/T6bFqNiGnww?t=4m20s\"><img loading=\"lazy\" decoding=\"async\" class=\"wp-image-3954 alignnone\" src=\"http:\/\/agora.xtec.cat\/iesperefontdevila\/wp-content\/uploads\/usu203\/2017\/12\/gihan_play.png\" alt=\"\" width=\"417\" height=\"235\" srcset=\"https:\/\/agora.xtec.cat\/iesperefontdevila\/wp-content\/uploads\/usu203\/2017\/12\/gihan_play.png 1280w, https:\/\/agora.xtec.cat\/iesperefontdevila\/wp-content\/uploads\/usu203\/2017\/12\/gihan_play-300x169.png 300w, https:\/\/agora.xtec.cat\/iesperefontdevila\/wp-content\/uploads\/usu203\/2017\/12\/gihan_play-768x432.png 768w, https:\/\/agora.xtec.cat\/iesperefontdevila\/wp-content\/uploads\/usu203\/2017\/12\/gihan_play-1024x576.png 1024w\" sizes=\"auto, (max-width: 417px) 100vw, 417px\" \/><\/a><\/p>\n<p><em>Per Kautar Bouybaoun i N\u00faria Moreno<\/em><\/p>\n<p>&nbsp;<\/p>\n<p><strong>&#8211; Hola som la Kautar i la N\u00faria de 3r d\u2019ESO i avui li farem una entrevista a una alumna de 1r d\u2019ESO que es diu Gihan.<\/strong><\/p>\n<p><strong>\u00a0 \u00a0 \u00a0 \u00a0 \u00a0\u00a0<\/strong><\/p>\n<p><strong>&#8211; Hola, com est\u00e0s?<\/strong><\/p>\n<p>&#8211; B\u00e9.<\/p>\n<p><strong>&#8211; Ens pots explicar una mica de la teva inf\u00e0ncia?<\/strong><\/p>\n<p>&#8211; La meva inf\u00e0ncia sempre ha sigut molt divertida i b\u00e9, molt maca.<\/p>\n<p><strong>&#8211; Penses en el teu futur?<\/strong><\/p>\n<p>&#8211; B\u00e9, de vegades s\u00ed, de vegades no.<\/p>\n<p><strong>&#8211; De qu\u00e8 voldr\u00e0s treballar?<\/strong><\/p>\n<p>&#8211; Jo, de dentista o metge.<\/p>\n<p><strong>&#8211; Quants fills penses tenir m\u00e9s o menys?<\/strong><\/p>\n<p>&#8211; Jo, amb aix\u00f2 no hi penso.<\/p>\n<p><strong>&#8211; El primer dia d\u2019institut, quina sensaci\u00f3 vas tenir?<\/strong><\/p>\n<p>&#8211; Ah\u2026 estava b\u00e9, per\u00f2 una mica nerviosa perqu\u00e8 no coneixia els professors ni res de l\u2019institut\u2026 B\u00e9, una mica nerviosa.<\/p>\n<p><strong>-Abans de comen\u00e7ar a l\u2019institut, et van comentar alguna situaci\u00f3 que hagu\u00e9s succe\u00edt?<\/strong><\/p>\n<p>&#8211; No, que nom\u00e9s\u2026 b\u00e9 que \u00e9s molt <em>guai<\/em> l\u2019institut, que posen molts deures i que moltes persones es porten malament.<\/p>\n<p><strong>-Tens algun familiar o conegut que treballi o estudi\u00ef a l\u2019institut? Qui?<\/strong><\/p>\n<p>&#8211; Ah\u2026 S\u00ed, la meva mare quan era petita venia aqu\u00ed a l\u2019institut i 2 cosins, la Kautar i el Mohamed.<\/p>\n<p><strong>-Qu\u00e8 fas en el teu temps lliure?<\/strong><\/p>\n<p>&#8211; B\u00e9, cada dia, el que faig sempre \u00e9s mirar la meva agenda, els deures que tinc i estudiar per els ex\u00e0mens que tinc.<\/p>\n<p><strong>-Has fet amics nous d\u2019aquest any que no siguin de l\u2019any passat?<\/strong><\/p>\n<p>&#8211; S\u00ed.<\/p>\n<p><strong>-Has notat algunes difer\u00e8ncies de l\u2019escola a l\u2019institut? Quines?<\/strong><\/p>\n<p>&#8211; B\u00e9, s\u00ed, algunes si perqu\u00e8 l\u2019institut \u00e9s molt gran, molt m\u00e9s gran que l\u2019escola i que aqu\u00ed posen molts m\u00e9s deures i ex\u00e0mens que a prim\u00e0ria.<\/p>\n<p><strong>-T\u2019agrada l\u2019institut? Quines coses t\u2019agraden m\u00e9s? I quines menys?<\/strong><\/p>\n<p>&#8211; Les coses que m\u2019agraden m\u00e9s \u00e9s que he fet nous amics, he conegut moltes persones m\u00e9s i professors i les coses que no m\u2019agraden, doncs s\u00f3n els deures, que posen molts deures.<\/p>\n<p><strong>&#8211; Com et sents amb els professors aquests primers dies?<\/strong><\/p>\n<p>&#8211; B\u00e9.<\/p>\n<p><strong>&#8211; Com et va la teva adolesc\u00e8ncia?<\/strong><\/p>\n<p>&#8211; Normal, \u00e9s una altra etapa de la meva vida i ja est\u00e0.<\/p>\n<p><strong>&#8211; Tens algun model a seguir?<\/strong><\/p>\n<p>&#8211; B\u00e9, s\u00ed, la meva mare, perqu\u00e8 estimo molt a la meva mare i ja est\u00e0<\/p>\n<p>&#8211; <strong>B\u00e9, merci Gihan per ajudar-nos a fer aquesta entrevista, i gr\u00e0cies per escoltar-nos.<\/strong><\/p>\n","protected":false},"excerpt":{"rendered":"<p>Per Kautar Bouybaoun i N\u00faria Moreno &nbsp; &#8211; Hola som la Kautar i la N\u00faria de 3r d\u2019ESO i avui li farem una entrevista a una alumna de 1r d\u2019ESO que es diu Gihan. \u00a0 \u00a0 \u00a0 \u00a0 \u00a0\u00a0 &#8211; Hola, com est\u00e0s? &#8211; B\u00e9. &#8211; Ens pots explicar una mica de la teva inf\u00e0ncia? [&hellip;]<\/p>\n","protected":false},"author":1,"featured_media":3955,"comment_status":"open","ping_status":"closed","sticky":false,"template":"","format":"standard","meta":{"_bbp_topic_count":0,"_bbp_reply_count":0,"_bbp_total_topic_count":0,"_bbp_total_reply_count":0,"_bbp_voice_count":0,"_bbp_anonymous_reply_count":0,"_bbp_topic_count_hidden":0,"_bbp_reply_count_hidden":0,"_bbp_forum_subforum_count":0,"site-sidebar-layout":"default","site-content-layout":"","ast-site-content-layout":"default","site-content-style":"default","site-sidebar-style":"default","ast-global-header-display":"","ast-banner-title-visibility":"","ast-main-header-display":"","ast-hfb-above-header-display":"","ast-hfb-below-header-display":"","ast-hfb-mobile-header-display":"","site-post-title":"","ast-breadcrumbs-content":"","ast-featured-img":"","footer-sml-layout":"","theme-transparent-header-meta":"","adv-header-id-meta":"","stick-header-meta":"","header-above-stick-meta":"","header-main-stick-meta":"","header-below-stick-meta":"","astra-migrate-meta-layouts":"set","ast-page-background-enabled":"default","ast-page-background-meta":{"desktop":{"background-color":"var(--ast-global-color-4)","background-image":"","background-repeat":"repeat","background-position":"center center","background-size":"auto","background-attachment":"scroll","background-type":"","background-media":"","overlay-type":"","overlay-color":"","overlay-opacity":"","overlay-gradient":""},"tablet":{"background-color":"","background-image":"","background-repeat":"repeat","background-position":"center center","background-size":"auto","background-attachment":"scroll","background-type":"","background-media":"","overlay-type":"","overlay-color":"","overlay-opacity":"","overlay-gradient":""},"mobile":{"background-color":"","background-image":"","background-repeat":"repeat","background-position":"center center","background-size":"auto","background-attachment":"scroll","background-type":"","background-media":"","overlay-type":"","overlay-color":"","overlay-opacity":"","overlay-gradient":""}},"ast-content-background-meta":{"desktop":{"background-color":"var(--ast-global-color-5)","background-image":"","background-repeat":"repeat","background-position":"center center","background-size":"auto","background-attachment":"scroll","background-type":"","background-media":"","overlay-type":"","overlay-color":"","overlay-opacity":"","overlay-gradient":""},"tablet":{"background-color":"var(--ast-global-color-5)","background-image":"","background-repeat":"repeat","background-position":"center center","background-size":"auto","background-attachment":"scroll","background-type":"","background-media":"","overlay-type":"","overlay-color":"","overlay-opacity":"","overlay-gradient":""},"mobile":{"background-color":"var(--ast-global-color-5)","background-image":"","background-repeat":"repeat","background-position":"center center","background-size":"auto","background-attachment":"scroll","background-type":"","background-media":"","overlay-type":"","overlay-color":"","overlay-opacity":"","overlay-gradient":""}},"footnotes":""},"categories":[29,4,6,61,178,233,235],"tags":[],"class_list":["post-3956","post","type-post","status-publish","format-standard","has-post-thumbnail","hentry","category-portada","category-1eso","category-3eso","category-catala","category-lapeixera","category-promocio_2015-21","category-promocio_2017-23"],"post_mailing_queue_ids":[],"_links":{"self":[{"href":"https:\/\/agora.xtec.cat\/iesperefontdevila\/wp-json\/wp\/v2\/posts\/3956","targetHints":{"allow":["GET"]}}],"collection":[{"href":"https:\/\/agora.xtec.cat\/iesperefontdevila\/wp-json\/wp\/v2\/posts"}],"about":[{"href":"https:\/\/agora.xtec.cat\/iesperefontdevila\/wp-json\/wp\/v2\/types\/post"}],"author":[{"embeddable":true,"href":"https:\/\/agora.xtec.cat\/iesperefontdevila\/wp-json\/wp\/v2\/users\/1"}],"replies":[{"embeddable":true,"href":"https:\/\/agora.xtec.cat\/iesperefontdevila\/wp-json\/wp\/v2\/comments?post=3956"}],"version-history":[{"count":4,"href":"https:\/\/agora.xtec.cat\/iesperefontdevila\/wp-json\/wp\/v2\/posts\/3956\/revisions"}],"predecessor-version":[{"id":10554,"href":"https:\/\/agora.xtec.cat\/iesperefontdevila\/wp-json\/wp\/v2\/posts\/3956\/revisions\/10554"}],"wp:featuredmedia":[{"embeddable":true,"href":"https:\/\/agora.xtec.cat\/iesperefontdevila\/wp-json\/wp\/v2\/media\/3955"}],"wp:attachment":[{"href":"https:\/\/agora.xtec.cat\/iesperefontdevila\/wp-json\/wp\/v2\/media?parent=3956"}],"wp:term":[{"taxonomy":"category","embeddable":true,"href":"https:\/\/agora.xtec.cat\/iesperefontdevila\/wp-json\/wp\/v2\/categories?post=3956"},{"taxonomy":"post_tag","embeddable":true,"href":"https:\/\/agora.xtec.cat\/iesperefontdevila\/wp-json\/wp\/v2\/tags?post=3956"}],"curies":[{"name":"wp","href":"https:\/\/api.w.org\/{rel}","templated":true}]}}