{"id":3513,"date":"2017-05-21T17:05:26","date_gmt":"2017-05-21T15:05:26","guid":{"rendered":"http:\/\/agora.xtec.cat\/iesperefontdevila\/?p=3513"},"modified":"2025-08-03T15:58:01","modified_gmt":"2025-08-03T13:58:01","slug":"xerrada-dexalumnes-artistics","status":"publish","type":"post","link":"https:\/\/agora.xtec.cat\/iesperefontdevila\/altres\/institut\/xerrada-dexalumnes-artistics\/","title":{"rendered":"Xerrada d&#8217;exalumnes art\u00edstics"},"content":{"rendered":"\n<p><img loading=\"lazy\" decoding=\"async\" class=\"size-full wp-image-8484 alignnone\" src=\"https:\/\/agora.xtec.cat\/iesperefontdevila\/wp-content\/uploads\/usu203\/2023\/06\/xerrada_25_aniv_bat_art_PETITA.jpg\" alt=\"\" width=\"1280\" height=\"198\" srcset=\"https:\/\/agora.xtec.cat\/iesperefontdevila\/wp-content\/uploads\/usu203\/2023\/06\/xerrada_25_aniv_bat_art_PETITA.jpg 1280w, https:\/\/agora.xtec.cat\/iesperefontdevila\/wp-content\/uploads\/usu203\/2023\/06\/xerrada_25_aniv_bat_art_PETITA-300x46.jpg 300w, https:\/\/agora.xtec.cat\/iesperefontdevila\/wp-content\/uploads\/usu203\/2023\/06\/xerrada_25_aniv_bat_art_PETITA-768x119.jpg 768w\" sizes=\"auto, (max-width: 1280px) 100vw, 1280px\" \/><br>Divendres 12 de maig a les 20.30 coincidint amb la jornada de portes obertes del batxillerat d&#8217;arts 2017-18 vam reunir 11 exalumnes de batxillerat art\u00edstic perqu\u00e8 ens expliquin perqu\u00e8 van triar aquesta modalitat, quin van ser els seus estudis posteriors, a que es dediquen ara i les impressions que es van endur del seu pas pels estudis art\u00edstics de l&#8217;institut.<\/p>\n\n\n\n<p>Participaren: Pep Arqu\u00e9 (2001-07), Carme Revelles (2005-07), Anna Su\u00e1rez (2005-11), Paula Gonfaus (2009-11), Cl\u00e0udia Jim\u00e9nez (2007-13), David Abad (2011-13), Queralt Portell (2008-14), Anna Borr\u00e0s (2012-14), Mar Busoms (2010-16), Maria F\u00edgols (2014-16), Andreu Mart\u00ed (2014-16),  i com a moderadores les professores Marina Mujal i Anna Verdaguer.<\/p>\n\n\n\n<p>Va ser molt interessat escoltar alumnes des de la primera promoci\u00f3 fins a l&#8217;\u00faltima.<\/p>\n\n\n\n<p>Aqu\u00ed teniu disponible un resum de la xerrada:<br><iframe loading=\"lazy\" src=\"https:\/\/www.youtube.com\/embed\/PLT6d4-w5Yg?rel=0&amp;playlist=PLT6d4-w5Yg,PcJ7keBsh3A\" width=\"560\" height=\"315\" frameborder=\"0\" allowfullscreen=\"allowfullscreen\"><\/iframe><\/p>\n\n\n\n<p>Tamb\u00e9 podeu veure la <a href=\"https:\/\/youtu.be\/eNJPKUHRK4Y\">gravaci\u00f3 completa<\/a>.<\/p>\n","protected":false},"excerpt":{"rendered":"<p><iframe loading=\"lazy\" width=\"224\" height=\"126\" src=\"https:\/\/www.youtube.com\/embed\/eNJPKUHRK4Y?rel=0&#038;playlist=eNJPKUHRK4Y,PcJ7keBsh3A\" frameborder=\"0\" allowfullscreen><\/iframe><\/p>\n","protected":false},"author":1,"featured_media":0,"comment_status":"open","ping_status":"closed","sticky":false,"template":"","format":"standard","meta":{"_bbp_topic_count":0,"_bbp_reply_count":0,"_bbp_total_topic_count":0,"_bbp_total_reply_count":0,"_bbp_voice_count":0,"_bbp_anonymous_reply_count":0,"_bbp_topic_count_hidden":0,"_bbp_reply_count_hidden":0,"_bbp_forum_subforum_count":0,"site-sidebar-layout":"default","site-content-layout":"","ast-site-content-layout":"default","site-content-style":"default","site-sidebar-style":"default","ast-global-header-display":"","ast-banner-title-visibility":"","ast-main-header-display":"","ast-hfb-above-header-display":"","ast-hfb-below-header-display":"","ast-hfb-mobile-header-display":"","site-post-title":"","ast-breadcrumbs-content":"","ast-featured-img":"","footer-sml-layout":"","theme-transparent-header-meta":"","adv-header-id-meta":"","stick-header-meta":"","header-above-stick-meta":"","header-main-stick-meta":"","header-below-stick-meta":"","astra-migrate-meta-layouts":"set","ast-page-background-enabled":"default","ast-page-background-meta":{"desktop":{"background-color":"var(--ast-global-color-4)","background-image":"","background-repeat":"repeat","background-position":"center center","background-size":"auto","background-attachment":"scroll","background-type":"","background-media":"","overlay-type":"","overlay-color":"","overlay-opacity":"","overlay-gradient":""},"tablet":{"background-color":"","background-image":"","background-repeat":"repeat","background-position":"center center","background-size":"auto","background-attachment":"scroll","background-type":"","background-media":"","overlay-type":"","overlay-color":"","overlay-opacity":"","overlay-gradient":""},"mobile":{"background-color":"","background-image":"","background-repeat":"repeat","background-position":"center center","background-size":"auto","background-attachment":"scroll","background-type":"","background-media":"","overlay-type":"","overlay-color":"","overlay-opacity":"","overlay-gradient":""}},"ast-content-background-meta":{"desktop":{"background-color":"var(--ast-global-color-5)","background-image":"","background-repeat":"repeat","background-position":"center center","background-size":"auto","background-attachment":"scroll","background-type":"","background-media":"","overlay-type":"","overlay-color":"","overlay-opacity":"","overlay-gradient":""},"tablet":{"background-color":"var(--ast-global-color-5)","background-image":"","background-repeat":"repeat","background-position":"center center","background-size":"auto","background-attachment":"scroll","background-type":"","background-media":"","overlay-type":"","overlay-color":"","overlay-opacity":"","overlay-gradient":""},"mobile":{"background-color":"var(--ast-global-color-5)","background-image":"","background-repeat":"repeat","background-position":"center center","background-size":"auto","background-attachment":"scroll","background-type":"","background-media":"","overlay-type":"","overlay-color":"","overlay-opacity":"","overlay-gradient":""}},"footnotes":""},"categories":[29,167,8,58,1,225,221,219,232,226],"tags":[],"class_list":["post-3513","post","type-post","status-publish","format-standard","hentry","category-portada","category-25_aniversari","category-batxillerat","category-batxillerat-darts","category-institut","category-promocio_2001-07","category-promocio_2005-11","category-promocio_2007-13","category-promocio_2008-14","category-promocio_2010-16"],"post_mailing_queue_ids":[],"_links":{"self":[{"href":"https:\/\/agora.xtec.cat\/iesperefontdevila\/wp-json\/wp\/v2\/posts\/3513","targetHints":{"allow":["GET"]}}],"collection":[{"href":"https:\/\/agora.xtec.cat\/iesperefontdevila\/wp-json\/wp\/v2\/posts"}],"about":[{"href":"https:\/\/agora.xtec.cat\/iesperefontdevila\/wp-json\/wp\/v2\/types\/post"}],"author":[{"embeddable":true,"href":"https:\/\/agora.xtec.cat\/iesperefontdevila\/wp-json\/wp\/v2\/users\/1"}],"replies":[{"embeddable":true,"href":"https:\/\/agora.xtec.cat\/iesperefontdevila\/wp-json\/wp\/v2\/comments?post=3513"}],"version-history":[{"count":4,"href":"https:\/\/agora.xtec.cat\/iesperefontdevila\/wp-json\/wp\/v2\/posts\/3513\/revisions"}],"predecessor-version":[{"id":11450,"href":"https:\/\/agora.xtec.cat\/iesperefontdevila\/wp-json\/wp\/v2\/posts\/3513\/revisions\/11450"}],"wp:attachment":[{"href":"https:\/\/agora.xtec.cat\/iesperefontdevila\/wp-json\/wp\/v2\/media?parent=3513"}],"wp:term":[{"taxonomy":"category","embeddable":true,"href":"https:\/\/agora.xtec.cat\/iesperefontdevila\/wp-json\/wp\/v2\/categories?post=3513"},{"taxonomy":"post_tag","embeddable":true,"href":"https:\/\/agora.xtec.cat\/iesperefontdevila\/wp-json\/wp\/v2\/tags?post=3513"}],"curies":[{"name":"wp","href":"https:\/\/api.w.org\/{rel}","templated":true}]}}