{"id":3484,"date":"2017-05-15T18:23:15","date_gmt":"2017-05-15T16:23:15","guid":{"rendered":"http:\/\/agora.xtec.cat\/iesperefontdevila\/?p=3484"},"modified":"2025-08-03T15:50:35","modified_gmt":"2025-08-03T13:50:35","slug":"xerrada-dexalumnes-humanisticosocial","status":"publish","type":"post","link":"https:\/\/agora.xtec.cat\/iesperefontdevila\/altres\/institut\/xerrada-dexalumnes-humanisticosocial\/","title":{"rendered":"Xerrada d&#8217;exalumnes human\u00edsticosocial"},"content":{"rendered":"\n<figure class=\"wp-block-image\"><img loading=\"lazy\" decoding=\"async\" width=\"1280\" height=\"198\" src=\"https:\/\/agora.xtec.cat\/iesperefontdevila\/wp-content\/uploads\/usu203\/2023\/06\/xerrada_25_aniv_bat_hum_soc_PETITA.jpg\" alt=\"\" class=\"wp-image-8483\" srcset=\"https:\/\/agora.xtec.cat\/iesperefontdevila\/wp-content\/uploads\/usu203\/2023\/06\/xerrada_25_aniv_bat_hum_soc_PETITA.jpg 1280w, https:\/\/agora.xtec.cat\/iesperefontdevila\/wp-content\/uploads\/usu203\/2023\/06\/xerrada_25_aniv_bat_hum_soc_PETITA-300x46.jpg 300w, https:\/\/agora.xtec.cat\/iesperefontdevila\/wp-content\/uploads\/usu203\/2023\/06\/xerrada_25_aniv_bat_hum_soc_PETITA-768x119.jpg 768w\" sizes=\"auto, (max-width: 1280px) 100vw, 1280px\" \/><\/figure>\n\n\n\n<p><\/p>\n\n\n\n<p>Divendres 5 de maig a les 20.00, 10 exalumnes de batxillerat human\u00edstic-social es van reunir a la sala d&#8217;actes per recordar els seus temps de l&#8217;institut i el seu recorregut acad\u00e8mic i personal. Aquests recorreguts s\u00f3n ben diversos: periodistes, planificadors d&#8217;urbanisme, arxiveres, alcaldes, firaires, traductores, professores, guies tur\u00edstics, infermers, &#8230; tot un ventall d&#8217;experi\u00e8ncies diferents sorgides a partir dels seus estudis de batxillerat human\u00edstic.<\/p>\n\n\n\n<p>Els participants foren: Quint\u00ed Canals (1991-92), S\u00f2nia Granel (1992-96), Carles Vico (1992-96), David Font (1994-98), Isaac Vilalta (1994-98), Guillem Pons (1994-99), Anna L\u00f3pez (1996-02), Ra\u00fcl Flores (1997-03), David Saborido (2000-07), Ariadna Cabiscol (2004-10) i van moderar la xerrada les professores Teresa Llad\u00f3 i Lola Plans<\/p>\n\n\n\n<p>L&#8217;activitat va ser molt enriquidora i emotiva per a tots els professors, alumnes i familiars assistents.<\/p>\n\n\n\n<p>Aqu\u00ed teniu disponible un resum de la xerrada:<br><iframe loading=\"lazy\" src=\"https:\/\/www.youtube.com\/embed\/SHGQISgtxl4?rel=0&amp;playlist=SHGQISgtxl4,PcJ7keBsh3A\" width=\"560\" height=\"315\" frameborder=\"0\" allowfullscreen=\"allowfullscreen\"><\/iframe><\/p>\n\n\n\n<p>Tamb\u00e9 podeu veure la <a href=\"https:\/\/youtu.be\/B7svdWRHLS0\">gravaci\u00f3 completa<\/a>.<\/p>\n","protected":false},"excerpt":{"rendered":"<p><iframe loading=\"lazy\" width=\"224\" height=\"126\" src=\"https:\/\/www.youtube.com\/embed\/B7svdWRHLS0?rel=0&#038;playlist=B7svdWRHLS0,PcJ7keBsh3A\" frameborder=\"0\" allowfullscreen><\/iframe><\/p>\n","protected":false},"author":1,"featured_media":0,"comment_status":"open","ping_status":"closed","sticky":false,"template":"","format":"standard","meta":{"_bbp_topic_count":0,"_bbp_reply_count":0,"_bbp_total_topic_count":0,"_bbp_total_reply_count":0,"_bbp_voice_count":0,"_bbp_anonymous_reply_count":0,"_bbp_topic_count_hidden":0,"_bbp_reply_count_hidden":0,"_bbp_forum_subforum_count":0,"site-sidebar-layout":"default","site-content-layout":"","ast-site-content-layout":"default","site-content-style":"default","site-sidebar-style":"default","ast-global-header-display":"","ast-banner-title-visibility":"","ast-main-header-display":"","ast-hfb-above-header-display":"","ast-hfb-below-header-display":"","ast-hfb-mobile-header-display":"","site-post-title":"","ast-breadcrumbs-content":"","ast-featured-img":"","footer-sml-layout":"","theme-transparent-header-meta":"","adv-header-id-meta":"","stick-header-meta":"","header-above-stick-meta":"","header-main-stick-meta":"","header-below-stick-meta":"","astra-migrate-meta-layouts":"set","ast-page-background-enabled":"default","ast-page-background-meta":{"desktop":{"background-color":"var(--ast-global-color-4)","background-image":"","background-repeat":"repeat","background-position":"center center","background-size":"auto","background-attachment":"scroll","background-type":"","background-media":"","overlay-type":"","overlay-color":"","overlay-opacity":"","overlay-gradient":""},"tablet":{"background-color":"","background-image":"","background-repeat":"repeat","background-position":"center center","background-size":"auto","background-attachment":"scroll","background-type":"","background-media":"","overlay-type":"","overlay-color":"","overlay-opacity":"","overlay-gradient":""},"mobile":{"background-color":"","background-image":"","background-repeat":"repeat","background-position":"center center","background-size":"auto","background-attachment":"scroll","background-type":"","background-media":"","overlay-type":"","overlay-color":"","overlay-opacity":"","overlay-gradient":""}},"ast-content-background-meta":{"desktop":{"background-color":"var(--ast-global-color-5)","background-image":"","background-repeat":"repeat","background-position":"center center","background-size":"auto","background-attachment":"scroll","background-type":"","background-media":"","overlay-type":"","overlay-color":"","overlay-opacity":"","overlay-gradient":""},"tablet":{"background-color":"var(--ast-global-color-5)","background-image":"","background-repeat":"repeat","background-position":"center center","background-size":"auto","background-attachment":"scroll","background-type":"","background-media":"","overlay-type":"","overlay-color":"","overlay-opacity":"","overlay-gradient":""},"mobile":{"background-color":"var(--ast-global-color-5)","background-image":"","background-repeat":"repeat","background-position":"center center","background-size":"auto","background-attachment":"scroll","background-type":"","background-media":"","overlay-type":"","overlay-color":"","overlay-opacity":"","overlay-gradient":""}},"footnotes":""},"categories":[29,167,8,1,218,214,212,208,207,204,222],"tags":[],"class_list":["post-3484","post","type-post","status-publish","format-standard","hentry","category-portada","category-25_aniversari","category-batxillerat","category-institut","category-promocio_1991-92","category-promocio_1992-96","category-promocio_1994-98","category-promocio_1996-02","category-promocio_1997-03","category-promocio_2000-06","category-promocio_2004-10"],"post_mailing_queue_ids":[],"_links":{"self":[{"href":"https:\/\/agora.xtec.cat\/iesperefontdevila\/wp-json\/wp\/v2\/posts\/3484","targetHints":{"allow":["GET"]}}],"collection":[{"href":"https:\/\/agora.xtec.cat\/iesperefontdevila\/wp-json\/wp\/v2\/posts"}],"about":[{"href":"https:\/\/agora.xtec.cat\/iesperefontdevila\/wp-json\/wp\/v2\/types\/post"}],"author":[{"embeddable":true,"href":"https:\/\/agora.xtec.cat\/iesperefontdevila\/wp-json\/wp\/v2\/users\/1"}],"replies":[{"embeddable":true,"href":"https:\/\/agora.xtec.cat\/iesperefontdevila\/wp-json\/wp\/v2\/comments?post=3484"}],"version-history":[{"count":4,"href":"https:\/\/agora.xtec.cat\/iesperefontdevila\/wp-json\/wp\/v2\/posts\/3484\/revisions"}],"predecessor-version":[{"id":11448,"href":"https:\/\/agora.xtec.cat\/iesperefontdevila\/wp-json\/wp\/v2\/posts\/3484\/revisions\/11448"}],"wp:attachment":[{"href":"https:\/\/agora.xtec.cat\/iesperefontdevila\/wp-json\/wp\/v2\/media?parent=3484"}],"wp:term":[{"taxonomy":"category","embeddable":true,"href":"https:\/\/agora.xtec.cat\/iesperefontdevila\/wp-json\/wp\/v2\/categories?post=3484"},{"taxonomy":"post_tag","embeddable":true,"href":"https:\/\/agora.xtec.cat\/iesperefontdevila\/wp-json\/wp\/v2\/tags?post=3484"}],"curies":[{"name":"wp","href":"https:\/\/api.w.org\/{rel}","templated":true}]}}