{"id":12428,"date":"2026-04-29T09:05:56","date_gmt":"2026-04-29T07:05:56","guid":{"rendered":"https:\/\/agora.xtec.cat\/iesperefontdevila\/?p=12428"},"modified":"2026-04-29T09:09:18","modified_gmt":"2026-04-29T07:09:18","slug":"es-aquest-el-mon-que-volem","status":"publish","type":"post","link":"https:\/\/agora.xtec.cat\/iesperefontdevila\/portada\/es-aquest-el-mon-que-volem\/","title":{"rendered":"\u00c9s aquest el m\u00f3n que volem?"},"content":{"rendered":"\n<p><strong>\u00c9s aquest el m\u00f3n que volem? L\u2019alumnat de 2n de Batxillerat posa en q\u00fcesti\u00f3 les desigualtats estructurals.<\/strong><\/p>\n\n\n\n<figure class=\"wp-block-image size-full is-resized\"><img loading=\"lazy\" decoding=\"async\" width=\"1754\" height=\"1241\" src=\"https:\/\/agora.xtec.cat\/iesperefontdevila\/wp-content\/uploads\/usu203\/2026\/04\/ods2bat_2026-1.jpg\" alt=\"\" class=\"wp-image-12423\" style=\"width:728px;height:auto\" srcset=\"https:\/\/agora.xtec.cat\/iesperefontdevila\/wp-content\/uploads\/usu203\/2026\/04\/ods2bat_2026-1.jpg 1754w, https:\/\/agora.xtec.cat\/iesperefontdevila\/wp-content\/uploads\/usu203\/2026\/04\/ods2bat_2026-1-300x212.jpg 300w, https:\/\/agora.xtec.cat\/iesperefontdevila\/wp-content\/uploads\/usu203\/2026\/04\/ods2bat_2026-1-768x543.jpg 768w, https:\/\/agora.xtec.cat\/iesperefontdevila\/wp-content\/uploads\/usu203\/2026\/04\/ods2bat_2026-1-1536x1087.jpg 1536w\" sizes=\"auto, (max-width: 1754px) 100vw, 1754px\" \/><\/figure>\n\n\n\n<p><br>Com pot ser que hi hagi persones amb fortunes impossibles d\u2019imaginar mentre tantes altres no tenen<br>garantit ni l\u2019acc\u00e9s als serveis b\u00e0sics? Com pot ser que hi hagi un gruix de la poblaci\u00f3 vivint en<br>situacions de precarietat mentre d\u2019altres augmenten cada any la seva fortuna en unes xifres<br>desorbitades? La sort i l\u2019esfor\u00e7 individual s\u00f3n suficients per explicar aquestes difer\u00e8ncies? Quines<br>conseq\u00fc\u00e8ncies t\u00e9 la concentraci\u00f3 de la riquesa?<br>Aquestes preguntes fonamentals van ser el punt de partida de la investigaci\u00f3 que l\u2019alumnat de 2n de<br>Batxillerat que cursa la mat\u00e8ria dels Objectius de Desenvolupament Sostenible (ODS) ha estat<br>duent a terme aquest tercer trimestre, en el marc de treball de l\u2019ODS 1: Fi de la pobresa, on ha<br>aprofundit en qu\u00e8 \u00e9s l\u2019acumulaci\u00f3 extrema de riquesa i quines s\u00f3n les desigualtats estructurals que<br>la sostenen.<br>En la primera part del projecte, la investigaci\u00f3 es va centrar en la figura dels milmilionaris com a<br>s\u00edmbol d\u2019un model econ\u00f2mic que concentra cada vegada m\u00e9s recursos en menys mans, mentre<br>s\u2019amplien les bretxes socials i es consoliden difer\u00e8ncies cada vegada m\u00e9s marcades. En aquest<br>context, l\u2019alumnat va explorar qu\u00e8 implica realment aquesta categoria de riquesa i la va contrastar<br>amb diferents indicadors: quantes hores hauria de treballar una persona amb un salari mitj\u00e0 per<br>arribar a aquestes xifres, quina difer\u00e8ncia salarial hi ha entre alts executius i treballadors dins d\u2019una<br>mateixa empresa, qu\u00e8 passaria si aquestes grans fortunes es redu\u00efren de manera dr\u00e0stica, quines<br>persones acumulen actualment la concentraci\u00f3 m\u00e9s gran de riquesa, a escala estatal i global, o quins<br>criteris utilitza la revista Forbes per definir qui entra en aquesta prestigiosa llista.<br>L\u2019impacte que aquestes dades van suposar en l\u2019alumnat els va portar a sintetitzar-les en un mural<br>col\u00b7lectiu que, posteriorment, vam penjar al passad\u00eds amb l\u2019objectiu de fer tangible i visible una<br>difer\u00e8ncia que resulta dif\u00edcil d\u2019imaginar. En el mural es visualitza de manera comparativa: l\u2019SMI, un<br>mili\u00f3 d\u2019euros, mil milions d\u2019euros i la fortuna actual d\u2019Elon Musk, la persona amb m\u00e9s patrimoni<br>del m\u00f3n. A banda i banda del mural, tamb\u00e9 trobem el r\u00e0nquing de les quatre persones amb m\u00e9s<br>riquesa de l\u2019Estat Espanyol i un parell de reflexions a la llum de les dades exposades.<br>La segona part del projecte va consistir en la s\u00edntesi de totes les troballes que havien sorgit durant la<br>investigaci\u00f3 i la posada en relaci\u00f3 amb diferents conceptes clau per entendre les condicions de<br>possibilitat de les desigualtats actuals i qu\u00e8 justifica i permet la seva posici\u00f3 estructural. En aquest<br>sentit, l\u2019alumnat va aprofundir en la narrativa de la meritocr\u00e0cia, el paper de les her\u00e8ncies en la<br>transmissi\u00f3 de la riquesa, la mobilitat social i el llindar de la pobresa a Catalunya.<br>Finalment, el mateix alumnat de 2n de Batxillerat va proposar traslladar el debat a altres cursos amb<br>l\u2019objectiu de posar sobre la taula que la pobresa no es pot entendre al marge de les estructures que la<br>generen. Aix\u00ed, aquestes \u00faltimes setmanes s\u2019han despla\u00e7at fins a les aules dels diferents grups de 4t<br>d\u2019ESO, on han realitzat presentacions breus exposant la investigaci\u00f3, el treball i el mural que han<br>dut a terme, alhora que han sembrat la llavor de la reflexi\u00f3 per posar en q\u00fcesti\u00f3 explicacions<br>simplistes sobre aquesta realitat.<\/p>\n\n\n\n<div class=\"wp-block-columns is-layout-flex wp-container-core-columns-is-layout-1 wp-block-columns-is-layout-flex\">\n<div class=\"wp-block-column is-layout-flow wp-block-column-is-layout-flow\">\n<figure class=\"wp-block-image size-large\"><img loading=\"lazy\" decoding=\"async\" width=\"2048\" height=\"1189\" src=\"https:\/\/agora.xtec.cat\/iesperefontdevila\/wp-content\/uploads\/usu203\/2026\/04\/ods2bat_2026-2-2048x1189.jpeg\" alt=\"\" class=\"wp-image-12424\" srcset=\"https:\/\/agora.xtec.cat\/iesperefontdevila\/wp-content\/uploads\/usu203\/2026\/04\/ods2bat_2026-2-2048x1189.jpeg 2048w, https:\/\/agora.xtec.cat\/iesperefontdevila\/wp-content\/uploads\/usu203\/2026\/04\/ods2bat_2026-2-300x174.jpeg 300w, https:\/\/agora.xtec.cat\/iesperefontdevila\/wp-content\/uploads\/usu203\/2026\/04\/ods2bat_2026-2-768x446.jpeg 768w, https:\/\/agora.xtec.cat\/iesperefontdevila\/wp-content\/uploads\/usu203\/2026\/04\/ods2bat_2026-2-1536x891.jpeg 1536w\" sizes=\"auto, (max-width: 2048px) 100vw, 2048px\" \/><\/figure>\n<\/div>\n\n\n\n<div class=\"wp-block-column is-layout-flow wp-block-column-is-layout-flow\">\n<figure class=\"wp-block-image aligncenter size-large is-resized\"><img loading=\"lazy\" decoding=\"async\" width=\"2048\" height=\"1537\" src=\"https:\/\/agora.xtec.cat\/iesperefontdevila\/wp-content\/uploads\/usu203\/2026\/04\/ods2bat_2026-3-2048x1537.jpeg\" alt=\"\" class=\"wp-image-12425\" style=\"width:213px;height:auto\" srcset=\"https:\/\/agora.xtec.cat\/iesperefontdevila\/wp-content\/uploads\/usu203\/2026\/04\/ods2bat_2026-3-2048x1537.jpeg 2048w, https:\/\/agora.xtec.cat\/iesperefontdevila\/wp-content\/uploads\/usu203\/2026\/04\/ods2bat_2026-3-300x225.jpeg 300w, https:\/\/agora.xtec.cat\/iesperefontdevila\/wp-content\/uploads\/usu203\/2026\/04\/ods2bat_2026-3-768x576.jpeg 768w, https:\/\/agora.xtec.cat\/iesperefontdevila\/wp-content\/uploads\/usu203\/2026\/04\/ods2bat_2026-3-1536x1153.jpeg 1536w\" sizes=\"auto, (max-width: 2048px) 100vw, 2048px\" \/><\/figure>\n<\/div>\n\n\n\n<div class=\"wp-block-column is-layout-flow wp-block-column-is-layout-flow\">\n<figure class=\"wp-block-image alignleft size-full is-resized\"><img loading=\"lazy\" decoding=\"async\" width=\"570\" height=\"428\" src=\"https:\/\/agora.xtec.cat\/iesperefontdevila\/wp-content\/uploads\/usu203\/2026\/04\/ods2bat_2026-11.jpeg\" alt=\"\" class=\"wp-image-12426\" style=\"width:210px;height:auto\" srcset=\"https:\/\/agora.xtec.cat\/iesperefontdevila\/wp-content\/uploads\/usu203\/2026\/04\/ods2bat_2026-11.jpeg 570w, https:\/\/agora.xtec.cat\/iesperefontdevila\/wp-content\/uploads\/usu203\/2026\/04\/ods2bat_2026-11-300x225.jpeg 300w\" sizes=\"auto, (max-width: 570px) 100vw, 570px\" \/><\/figure>\n<\/div>\n<\/div>\n\n\n\n<p><\/p>\n","protected":false},"excerpt":{"rendered":"<p>\u00c9s aquest el m\u00f3n que volem? L\u2019alumnat de 2n de Batxillerat posa en q\u00fcesti\u00f3 les desigualtats estructurals. Com pot ser que hi hagi persones amb fortunes impossibles d\u2019imaginar mentre tantes altres no tenengarantit ni l\u2019acc\u00e9s als serveis b\u00e0sics? Com pot ser que hi hagi un gruix de la poblaci\u00f3 vivint ensituacions de precarietat mentre d\u2019altres [&hellip;]<\/p>\n","protected":false},"author":1,"featured_media":12423,"comment_status":"open","ping_status":"open","sticky":false,"template":"","format":"standard","meta":{"_bbp_topic_count":0,"_bbp_reply_count":0,"_bbp_total_topic_count":0,"_bbp_total_reply_count":0,"_bbp_voice_count":0,"_bbp_anonymous_reply_count":0,"_bbp_topic_count_hidden":0,"_bbp_reply_count_hidden":0,"_bbp_forum_subforum_count":0,"site-sidebar-layout":"default","site-content-layout":"","ast-site-content-layout":"default","site-content-style":"default","site-sidebar-style":"default","ast-global-header-display":"","ast-banner-title-visibility":"","ast-main-header-display":"","ast-hfb-above-header-display":"","ast-hfb-below-header-display":"","ast-hfb-mobile-header-display":"","site-post-title":"","ast-breadcrumbs-content":"","ast-featured-img":"","footer-sml-layout":"","theme-transparent-header-meta":"","adv-header-id-meta":"","stick-header-meta":"","header-above-stick-meta":"","header-main-stick-meta":"","header-below-stick-meta":"","astra-migrate-meta-layouts":"set","ast-page-background-enabled":"default","ast-page-background-meta":{"desktop":{"background-color":"var(--ast-global-color-4)","background-image":"","background-repeat":"repeat","background-position":"center center","background-size":"auto","background-attachment":"scroll","background-type":"","background-media":"","overlay-type":"","overlay-color":"","overlay-opacity":"","overlay-gradient":""},"tablet":{"background-color":"","background-image":"","background-repeat":"repeat","background-position":"center center","background-size":"auto","background-attachment":"scroll","background-type":"","background-media":"","overlay-type":"","overlay-color":"","overlay-opacity":"","overlay-gradient":""},"mobile":{"background-color":"","background-image":"","background-repeat":"repeat","background-position":"center center","background-size":"auto","background-attachment":"scroll","background-type":"","background-media":"","overlay-type":"","overlay-color":"","overlay-opacity":"","overlay-gradient":""}},"ast-content-background-meta":{"desktop":{"background-color":"var(--ast-global-color-5)","background-image":"","background-repeat":"repeat","background-position":"center center","background-size":"auto","background-attachment":"scroll","background-type":"","background-media":"","overlay-type":"","overlay-color":"","overlay-opacity":"","overlay-gradient":""},"tablet":{"background-color":"var(--ast-global-color-5)","background-image":"","background-repeat":"repeat","background-position":"center center","background-size":"auto","background-attachment":"scroll","background-type":"","background-media":"","overlay-type":"","overlay-color":"","overlay-opacity":"","overlay-gradient":""},"mobile":{"background-color":"var(--ast-global-color-5)","background-image":"","background-repeat":"repeat","background-position":"center center","background-size":"auto","background-attachment":"scroll","background-type":"","background-media":"","overlay-type":"","overlay-color":"","overlay-opacity":"","overlay-gradient":""}},"footnotes":""},"categories":[29,131,69,238],"tags":[],"class_list":["post-12428","post","type-post","status-publish","format-standard","has-post-thumbnail","hentry","category-portada","category-2bat","category-filosofia","category-promocio_2020-26"],"post_mailing_queue_ids":[],"_links":{"self":[{"href":"https:\/\/agora.xtec.cat\/iesperefontdevila\/wp-json\/wp\/v2\/posts\/12428","targetHints":{"allow":["GET"]}}],"collection":[{"href":"https:\/\/agora.xtec.cat\/iesperefontdevila\/wp-json\/wp\/v2\/posts"}],"about":[{"href":"https:\/\/agora.xtec.cat\/iesperefontdevila\/wp-json\/wp\/v2\/types\/post"}],"author":[{"embeddable":true,"href":"https:\/\/agora.xtec.cat\/iesperefontdevila\/wp-json\/wp\/v2\/users\/1"}],"replies":[{"embeddable":true,"href":"https:\/\/agora.xtec.cat\/iesperefontdevila\/wp-json\/wp\/v2\/comments?post=12428"}],"version-history":[{"count":2,"href":"https:\/\/agora.xtec.cat\/iesperefontdevila\/wp-json\/wp\/v2\/posts\/12428\/revisions"}],"predecessor-version":[{"id":12431,"href":"https:\/\/agora.xtec.cat\/iesperefontdevila\/wp-json\/wp\/v2\/posts\/12428\/revisions\/12431"}],"wp:featuredmedia":[{"embeddable":true,"href":"https:\/\/agora.xtec.cat\/iesperefontdevila\/wp-json\/wp\/v2\/media\/12423"}],"wp:attachment":[{"href":"https:\/\/agora.xtec.cat\/iesperefontdevila\/wp-json\/wp\/v2\/media?parent=12428"}],"wp:term":[{"taxonomy":"category","embeddable":true,"href":"https:\/\/agora.xtec.cat\/iesperefontdevila\/wp-json\/wp\/v2\/categories?post=12428"},{"taxonomy":"post_tag","embeddable":true,"href":"https:\/\/agora.xtec.cat\/iesperefontdevila\/wp-json\/wp\/v2\/tags?post=12428"}],"curies":[{"name":"wp","href":"https:\/\/api.w.org\/{rel}","templated":true}]}}