{"id":5863,"date":"2019-06-19T16:14:19","date_gmt":"2019-06-19T14:14:19","guid":{"rendered":"http:\/\/agora.xtec.cat\/iespereborrellpuigcerda\/?p=5863"},"modified":"2019-06-19T16:16:45","modified_gmt":"2019-06-19T14:16:45","slug":"intercanvi-catalunya-quebec-amb-acollida-de-dues-alumnes","status":"publish","type":"post","link":"https:\/\/agora.xtec.cat\/iespereborrellpuigcerda\/general\/intercanvi-catalunya-quebec-amb-acollida-de-dues-alumnes\/","title":{"rendered":"Intercanvi  Catalunya-Quebec amb acollida de dues alumnes"},"content":{"rendered":"<p><b>L&#8217;INS \u00a0PERE BORRELL \u00a0participar\u00e0 per quart any consecutiu en l\u2019 intercanvi \u00a0Catalunya-Quebec i acollir\u00e0 dues alumnes del Quebec.<\/b><\/p>\n<p><span style=\"font-weight: 400;\">Ens plau comunicar que per quart any consecutiu l&#8217;INS PERE BORRELL participar\u00e0 en l\u2019 intercanvi ling\u00fc\u00edstic Catalunya\u2013Quebec promogut pels departaments d&#8217;ensenyament catal\u00e0 i quebequ\u00e8s.<\/span><\/p>\n<p><span style=\"font-weight: 400;\">Enguany dues alumnes de 4t d&#8217;ESO, la Maria Planella Obach i la Cl\u00e0udia Rodr\u00edguez Capdevila han estat seleccionades per participar en aquest Programa d&#8217;Intercanvi durant el curs 2019-2020.<\/span><\/p>\n<p><span style=\"font-weight: 400;\">Al mes d\u00b4abril van tornar del Quebec l\u00b4Anna i la N\u00faria, i cal dir que aquest tercer intercanvi ha funcionat tan b\u00e9 com el primer i el segon \u00a0i les dues alumnes agermanades han viscut una de les millors experi\u00e8ncies de la seva vida.<\/span><\/p>\n<p><span style=\"font-weight: 400;\">Dues estudiants quebequeses, la Christine i \u00a0la Charlotte vindran al nostre centre durant el primer trimestre del curs vinent i la Maria i la Cl\u00e0udia \u00a0aniran al Quebec durant el segon trimestre per perfeccionar el seu franc\u00e8s i viure en una cultura i una fam\u00edlia diferent. \u00c9s una experi\u00e8ncia que va m\u00e9s enll\u00e0 de perfeccionar un idioma i aquests tres anys de participaci\u00f3 ho han demostrat. Enhorabona a totes dues!<\/span><\/p>\n<p>&nbsp;<\/p>\n","protected":false},"excerpt":{"rendered":"<p>L&#8217;INS \u00a0PERE BORRELL \u00a0participar\u00e0 per quart any consecutiu en l\u2019 intercanvi \u00a0Catalunya-Quebec i acollir\u00e0 dues alumnes del Quebec.Ens plau comunicar que per quart any consecutiu l&#8217;INS PERE BORRELL participar\u00e0 en l\u2019 intercanvi ling\u00fc\u00edstic Catalunya\u2013Quebec promogut pels departaments d&#8217;ensenyament catal\u00e0 i quebequ\u00e8s.Enguany dues alumnes de 4t d&#8217;ESO, la Maria Planella Obach i la Cl\u00e0udia Rodr\u00edguez Capdevila han estat seleccionades per participar en aquest Programa d&#8217;Intercanvi durant el curs 2019-2020.Al mes d\u00b4abril van tornar del Quebec l\u00b4Anna i la N\u00faria \u00a0, i cal dir que aquest tercer intercanvi&hellip;  <a href=\"https:\/\/agora.xtec.cat\/iespereborrellpuigcerda\/general\/intercanvi-catalunya-quebec-amb-acollida-de-dues-alumnes\/\" title=\"Read Intercanvi  Catalunya-Quebec amb acollida de dues alumnes\">Llegeix m\u00e9s\u00bb<\/a><\/p>\n","protected":false},"author":1,"featured_media":5864,"comment_status":"closed","ping_status":"closed","sticky":false,"template":"","format":"standard","meta":{"_bbp_topic_count":0,"_bbp_reply_count":0,"_bbp_total_topic_count":0,"_bbp_total_reply_count":0,"_bbp_voice_count":0,"_bbp_anonymous_reply_count":0,"_bbp_topic_count_hidden":0,"_bbp_reply_count_hidden":0,"_bbp_forum_subforum_count":0,"footnotes":""},"categories":[3,1,29],"tags":[],"class_list":["post-5863","post","type-post","status-publish","format-standard","has-post-thumbnail","hentry","category-eso","category-general","category-portada"],"post_mailing_queue_ids":[],"_links":{"self":[{"href":"https:\/\/agora.xtec.cat\/iespereborrellpuigcerda\/wp-json\/wp\/v2\/posts\/5863","targetHints":{"allow":["GET"]}}],"collection":[{"href":"https:\/\/agora.xtec.cat\/iespereborrellpuigcerda\/wp-json\/wp\/v2\/posts"}],"about":[{"href":"https:\/\/agora.xtec.cat\/iespereborrellpuigcerda\/wp-json\/wp\/v2\/types\/post"}],"author":[{"embeddable":true,"href":"https:\/\/agora.xtec.cat\/iespereborrellpuigcerda\/wp-json\/wp\/v2\/users\/1"}],"replies":[{"embeddable":true,"href":"https:\/\/agora.xtec.cat\/iespereborrellpuigcerda\/wp-json\/wp\/v2\/comments?post=5863"}],"version-history":[{"count":1,"href":"https:\/\/agora.xtec.cat\/iespereborrellpuigcerda\/wp-json\/wp\/v2\/posts\/5863\/revisions"}],"predecessor-version":[{"id":5865,"href":"https:\/\/agora.xtec.cat\/iespereborrellpuigcerda\/wp-json\/wp\/v2\/posts\/5863\/revisions\/5865"}],"wp:featuredmedia":[{"embeddable":true,"href":"https:\/\/agora.xtec.cat\/iespereborrellpuigcerda\/wp-json\/wp\/v2\/media\/5864"}],"wp:attachment":[{"href":"https:\/\/agora.xtec.cat\/iespereborrellpuigcerda\/wp-json\/wp\/v2\/media?parent=5863"}],"wp:term":[{"taxonomy":"category","embeddable":true,"href":"https:\/\/agora.xtec.cat\/iespereborrellpuigcerda\/wp-json\/wp\/v2\/categories?post=5863"},{"taxonomy":"post_tag","embeddable":true,"href":"https:\/\/agora.xtec.cat\/iespereborrellpuigcerda\/wp-json\/wp\/v2\/tags?post=5863"}],"curies":[{"name":"wp","href":"https:\/\/api.w.org\/{rel}","templated":true}]}}