{"id":12672,"date":"2026-04-24T14:26:25","date_gmt":"2026-04-24T12:26:25","guid":{"rendered":"https:\/\/agora.xtec.cat\/iespereborrellpuigcerda\/?p=12672"},"modified":"2026-04-24T14:27:02","modified_gmt":"2026-04-24T12:27:02","slug":"sant-jordi-2026","status":"publish","type":"post","link":"https:\/\/agora.xtec.cat\/iespereborrellpuigcerda\/general\/sant-jordi-2026\/","title":{"rendered":"Sant Jordi 2026"},"content":{"rendered":"<p><img loading=\"lazy\" decoding=\"async\" class=\"size-full wp-image-12673 aligncenter\" src=\"https:\/\/agora.xtec.cat\/iespereborrellpuigcerda\/wp-content\/uploads\/usu1157\/2026\/04\/Actualizado.png\" alt=\"\" width=\"810\" height=\"1013\" srcset=\"https:\/\/agora.xtec.cat\/iespereborrellpuigcerda\/wp-content\/uploads\/usu1157\/2026\/04\/Actualizado.png 810w, https:\/\/agora.xtec.cat\/iespereborrellpuigcerda\/wp-content\/uploads\/usu1157\/2026\/04\/Actualizado-240x300.png 240w, https:\/\/agora.xtec.cat\/iespereborrellpuigcerda\/wp-content\/uploads\/usu1157\/2026\/04\/Actualizado-768x960.png 768w\" sizes=\"auto, (max-width: 810px) 100vw, 810px\" \/><\/p>\n<p>Avui hem viscut una jornada molt especial al nostre centre amb la celebraci\u00f3 de Sant Jordi, una de les diades m\u00e9s significatives de la nostra cultura.<\/p>\n<p>L\u2019institut s\u2019ha omplert de vida gr\u00e0cies a la participaci\u00f3 activa de l\u2019alumnat i del professorat en una gran varietat d\u2019activitats. Al llarg del dia, hem pogut gaudir de la venda de llibres, roses i detalls artesanals elaborats pels nostres estudiants, aix\u00ed com del lliurament de premis literaris en diverses categories.<\/p>\n<p>La jornada tamb\u00e9 ha comptat amb un concert musical que ha contribu\u00eft a crear un ambient festiu i acollidor per a tota la comunitat educativa.<\/p>\n<p>Ha estat, sens dubte, un dia ple de cultura, creativitat i conviv\u00e8ncia, que reflecteix el comprom\u00eds del nostre centre amb una educaci\u00f3 integral i participativa.<\/p>\n<p>Agra\u00efm a tot l\u2019alumnat i al professorat la seva implicaci\u00f3 per fer possible una celebraci\u00f3 tan especial.<\/p>\n","protected":false},"excerpt":{"rendered":"<p>Avui hem viscut una jornada molt especial al nostre centre amb la celebraci\u00f3 de Sant Jordi, una de les diades m\u00e9s significatives de la nostra cultura.<br \/>\nL\u2019institut s\u2019ha omplert de vida gr\u00e0cies a la participaci\u00f3 activa de l\u2019alumnat i del professorat en una gran varietat d\u2019activitats.&hellip;  <a href=\"https:\/\/agora.xtec.cat\/iespereborrellpuigcerda\/general\/sant-jordi-2026\/\" title=\"Read Sant Jordi 2026\">Llegeix m\u00e9s\u00bb<\/a><\/p>\n","protected":false},"author":1,"featured_media":12673,"comment_status":"closed","ping_status":"open","sticky":true,"template":"","format":"standard","meta":{"_bbp_topic_count":0,"_bbp_reply_count":0,"_bbp_total_topic_count":0,"_bbp_total_reply_count":0,"_bbp_voice_count":0,"_bbp_anonymous_reply_count":0,"_bbp_topic_count_hidden":0,"_bbp_reply_count_hidden":0,"_bbp_forum_subforum_count":0,"footnotes":""},"categories":[1,29],"tags":[],"class_list":["post-12672","post","type-post","status-publish","format-standard","has-post-thumbnail","hentry","category-general","category-portada"],"post_mailing_queue_ids":[],"_links":{"self":[{"href":"https:\/\/agora.xtec.cat\/iespereborrellpuigcerda\/wp-json\/wp\/v2\/posts\/12672","targetHints":{"allow":["GET"]}}],"collection":[{"href":"https:\/\/agora.xtec.cat\/iespereborrellpuigcerda\/wp-json\/wp\/v2\/posts"}],"about":[{"href":"https:\/\/agora.xtec.cat\/iespereborrellpuigcerda\/wp-json\/wp\/v2\/types\/post"}],"author":[{"embeddable":true,"href":"https:\/\/agora.xtec.cat\/iespereborrellpuigcerda\/wp-json\/wp\/v2\/users\/1"}],"replies":[{"embeddable":true,"href":"https:\/\/agora.xtec.cat\/iespereborrellpuigcerda\/wp-json\/wp\/v2\/comments?post=12672"}],"version-history":[{"count":2,"href":"https:\/\/agora.xtec.cat\/iespereborrellpuigcerda\/wp-json\/wp\/v2\/posts\/12672\/revisions"}],"predecessor-version":[{"id":12675,"href":"https:\/\/agora.xtec.cat\/iespereborrellpuigcerda\/wp-json\/wp\/v2\/posts\/12672\/revisions\/12675"}],"wp:featuredmedia":[{"embeddable":true,"href":"https:\/\/agora.xtec.cat\/iespereborrellpuigcerda\/wp-json\/wp\/v2\/media\/12673"}],"wp:attachment":[{"href":"https:\/\/agora.xtec.cat\/iespereborrellpuigcerda\/wp-json\/wp\/v2\/media?parent=12672"}],"wp:term":[{"taxonomy":"category","embeddable":true,"href":"https:\/\/agora.xtec.cat\/iespereborrellpuigcerda\/wp-json\/wp\/v2\/categories?post=12672"},{"taxonomy":"post_tag","embeddable":true,"href":"https:\/\/agora.xtec.cat\/iespereborrellpuigcerda\/wp-json\/wp\/v2\/tags?post=12672"}],"curies":[{"name":"wp","href":"https:\/\/api.w.org\/{rel}","templated":true}]}}