{"id":12662,"date":"2026-04-14T12:40:08","date_gmt":"2026-04-14T10:40:08","guid":{"rendered":"https:\/\/agora.xtec.cat\/iespereborrellpuigcerda\/?p=12662"},"modified":"2026-04-14T12:40:08","modified_gmt":"2026-04-14T10:40:08","slug":"aprenentatge-en-viu-visita-del-cicle-administratiu-al-tribunal-dinstancia-de-puigcerda","status":"publish","type":"post","link":"https:\/\/agora.xtec.cat\/iespereborrellpuigcerda\/portada\/aprenentatge-en-viu-visita-del-cicle-administratiu-al-tribunal-dinstancia-de-puigcerda\/","title":{"rendered":"Aprenentatge en viu: visita del cicle administratiu al Tribunal d\u2019inst\u00e0ncia de Puigcerd\u00e0"},"content":{"rendered":"<p><img loading=\"lazy\" decoding=\"async\" class=\"size-large wp-image-12663 aligncenter\" src=\"https:\/\/agora.xtec.cat\/iespereborrellpuigcerda\/wp-content\/uploads\/usu1157\/2026\/04\/Post-Instagram-verano-collage-fotos-familia-vacaciones-1024x1024.png\" alt=\"\" width=\"1024\" height=\"1024\" srcset=\"https:\/\/agora.xtec.cat\/iespereborrellpuigcerda\/wp-content\/uploads\/usu1157\/2026\/04\/Post-Instagram-verano-collage-fotos-familia-vacaciones-1024x1024.png 1024w, https:\/\/agora.xtec.cat\/iespereborrellpuigcerda\/wp-content\/uploads\/usu1157\/2026\/04\/Post-Instagram-verano-collage-fotos-familia-vacaciones-300x300.png 300w, https:\/\/agora.xtec.cat\/iespereborrellpuigcerda\/wp-content\/uploads\/usu1157\/2026\/04\/Post-Instagram-verano-collage-fotos-familia-vacaciones-150x150.png 150w, https:\/\/agora.xtec.cat\/iespereborrellpuigcerda\/wp-content\/uploads\/usu1157\/2026\/04\/Post-Instagram-verano-collage-fotos-familia-vacaciones-768x768.png 768w, https:\/\/agora.xtec.cat\/iespereborrellpuigcerda\/wp-content\/uploads\/usu1157\/2026\/04\/Post-Instagram-verano-collage-fotos-familia-vacaciones.png 1080w\" sizes=\"auto, (max-width: 1024px) 100vw, 1024px\" \/><\/p>\n<div class=\"relative basis-auto flex-col -mb-(--composer-overlap-px) pb-(--composer-overlap-px) [--composer-overlap-px:28px] grow flex\">\n<div class=\"flex flex-col text-sm\">\n<section class=\"text-token-text-primary w-full focus:outline-none [--shadow-height:45px] has-data-writing-block:pointer-events-none has-data-writing-block:-mt-(--shadow-height) has-data-writing-block:pt-(--shadow-height) [&amp;:has([data-writing-block])&gt;*]:pointer-events-auto [content-visibility:auto] supports-[content-visibility:auto]:[contain-intrinsic-size:auto_100lvh] R6Vx5W_threadScrollVars scroll-mb-[calc(var(--scroll-root-safe-area-inset-bottom,0px)+var(--thread-response-height))] scroll-mt-[calc(var(--header-height)+min(200px,max(70px,20svh)))]\" dir=\"auto\" data-turn-id=\"request-WEB:7fe5e684-38a3-439e-bc69-d3feeda0657b-0\" data-testid=\"conversation-turn-2\" data-scroll-anchor=\"false\" data-turn=\"assistant\">\n<div class=\"text-base my-auto mx-auto [--thread-content-margin:var(--thread-content-margin-xs,calc(var(--spacing)*4))] @w-sm\/main:[--thread-content-margin:var(--thread-content-margin-sm,calc(var(--spacing)*6))] @w-lg\/main:[--thread-content-margin:var(--thread-content-margin-lg,calc(var(--spacing)*16))] px-(--thread-content-margin)\">\n<div class=\"[--thread-content-max-width:40rem] @w-lg\/main:[--thread-content-max-width:48rem] mx-auto max-w-(--thread-content-max-width) flex-1 group\/turn-messages focus-visible:outline-hidden relative flex w-full min-w-0 flex-col agent-turn\">\n<div class=\"flex max-w-full flex-col gap-4 grow\">\n<div class=\"min-h-8 text-message relative flex w-full flex-col items-end gap-2 text-start break-words whitespace-normal outline-none keyboard-focused:focus-ring [.text-message+&amp;]:mt-1\" dir=\"auto\" data-message-author-role=\"assistant\" data-message-id=\"95424231-1165-477b-a24e-4da5a6e02321\" data-message-model-slug=\"gpt-5-3\">\n<div class=\"flex w-full flex-col gap-1 empty:hidden\">\n<div class=\"markdown prose dark:prose-invert w-full wrap-break-word light markdown-new-styling\">\n<p data-start=\"0\" data-end=\"253\">L\u2019alumnat de 2n curs del cicle formatiu d\u2019Administraci\u00f3 i Finances ha tingut l\u2019oportunitat de realitzar una sortida pedag\u00f2gica al Tribunal d\u2019inst\u00e0ncia de Puigcerd\u00e0, amb l\u2019objectiu de con\u00e8ixer de primera m\u00e0 el funcionament de l\u2019Administraci\u00f3 de just\u00edcia.<\/p>\n<p data-start=\"255\" data-end=\"617\">Durant la visita, els i les estudiants van poder apropar-se a la realitat del sistema judicial m\u00e9s enll\u00e0 dels llibres, descobrint els diferents espais del tribunal i entenent el paper dels professionals que hi treballen: jutges, lletrats de l\u2019administraci\u00f3 de just\u00edcia, personal administratiu i altres figures clau en el funcionament dels procediments judicials.<\/p>\n<p data-start=\"619\" data-end=\"971\">L\u2019activitat va permetre connectar els continguts treballats a l\u2019aula amb situacions reals, especialment pel que fa a la gesti\u00f3 documental, l\u2019organitzaci\u00f3 administrativa i els processos interns propis de l\u2019\u00e0mbit jur\u00eddic. A m\u00e9s, l\u2019alumnat va poder plantejar dubtes i interactuar amb professionals del sector, fet que va enriquir encara m\u00e9s l\u2019experi\u00e8ncia.<\/p>\n<p data-start=\"973\" data-end=\"1174\">Aquesta sortida s\u2019emmarca dins de la voluntat del centre d\u2019oferir un aprenentatge significatiu i vinculat al m\u00f3n laboral, tot fomentant la motivaci\u00f3 i l\u2019inter\u00e8s de l\u2019alumnat pel seu futur professional.<\/p>\n<p data-start=\"1176\" data-end=\"1315\" data-is-last-node=\"\" data-is-only-node=\"\">Sens dubte, ha estat una experi\u00e8ncia molt enriquidora que contribueix a ampliar horitzons i a refor\u00e7ar els coneixements adquirits a l\u2019aula.<\/p>\n<\/div>\n<\/div>\n<\/div>\n<\/div>\n<\/div>\n<\/div>\n<\/section>\n<\/div>\n<\/div>\n<div id=\"thread-bottom-container\" class=\"sticky bottom-0 z-10 group\/thread-bottom-container relative isolate w-full basis-auto has-data-has-thread-error:pt-2 has-data-has-thread-error:[box-shadow:var(--sharp-edge-bottom-shadow)] md:border-transparent md:pt-0 dark:border-white\/20 md:dark:border-transparent print:hidden content-fade single-line flex flex-col\">\n<div id=\"thread-bottom\">\n<div class=\"text-base mx-auto [--thread-content-margin:var(--thread-content-margin-xs,calc(var(--spacing)*4))] @w-sm\/main:[--thread-content-margin:var(--thread-content-margin-sm,calc(var(--spacing)*6))] @w-lg\/main:[--thread-content-margin:var(--thread-content-margin-lg,calc(var(--spacing)*16))] px-(--thread-content-margin)\">\n<div class=\"[--thread-content-max-width:40rem] @w-lg\/main:[--thread-content-max-width:48rem] mx-auto max-w-(--thread-content-max-width) flex-1 mb-[var(--thread-component-gap,1rem)]\">\n<div class=\"pointer-events-auto relative z-1 flex h-(--composer-container-height,100%) max-w-full flex-(--composer-container-flex,1) flex-col\">\n<form class=\"group\/composer w-full\" data-type=\"unified-composer\">\n<div class=\"\">\n<div class=\"bg-token-bg-primary dark:bg-token-bg-elevated-primary corner-superellipse\/1.1 cursor-text overflow-clip bg-clip-padding p-2.5 contain-inline-size motion-safe:transition-colors motion-safe:duration-200 motion-safe:ease-in-out grid grid-cols-[auto_1fr_auto] [grid-template-areas:'header_header_header'_'leading_primary_trailing'_'._footer_.'] group-data-expanded\/composer:[grid-template-areas:'header_header_header'_'primary_primary_primary'_'leading_footer_trailing'] shadow-short-composer\" data-composer-surface=\"true\">\n<div class=\"flex items-center gap-2 [grid-area:trailing]\">\n<div class=\"ms-auto flex items-center gap-1.5\">\n<div>\n<div>\n<div class=\"relative\"><\/div>\n<\/div>\n<\/div>\n<\/div>\n<\/div>\n<\/div>\n<\/div>\n<\/form>\n<\/div>\n<\/div>\n<\/div>\n<\/div>\n<\/div>\n","protected":false},"excerpt":{"rendered":"<p>L\u2019alumnat de 2n curs del cicle formatiu d\u2019Administraci\u00f3 i Finances ha tingut l\u2019oportunitat de realitzar una sortida pedag\u00f2gica al Tribunal d\u2019inst\u00e0ncia de Puigcerd\u00e0, amb l\u2019objectiu de con\u00e8ixer de primera m\u00e0 el funcionament de l\u2019Administraci\u00f3 de just\u00edcia.<br \/>\nDurant la visita, els i les estudiants van poder apropar-se&hellip;  <a href=\"https:\/\/agora.xtec.cat\/iespereborrellpuigcerda\/portada\/aprenentatge-en-viu-visita-del-cicle-administratiu-al-tribunal-dinstancia-de-puigcerda\/\" title=\"Read Aprenentatge en viu: visita del cicle administratiu al Tribunal d\u2019inst\u00e0ncia de Puigcerd\u00e0\">Llegeix m\u00e9s\u00bb<\/a><\/p>\n","protected":false},"author":1,"featured_media":12663,"comment_status":"closed","ping_status":"open","sticky":true,"template":"","format":"standard","meta":{"_bbp_topic_count":0,"_bbp_reply_count":0,"_bbp_total_topic_count":0,"_bbp_total_reply_count":0,"_bbp_voice_count":0,"_bbp_anonymous_reply_count":0,"_bbp_topic_count_hidden":0,"_bbp_reply_count_hidden":0,"_bbp_forum_subforum_count":0,"footnotes":""},"categories":[29],"tags":[],"class_list":["post-12662","post","type-post","status-publish","format-standard","has-post-thumbnail","hentry","category-portada"],"post_mailing_queue_ids":[],"_links":{"self":[{"href":"https:\/\/agora.xtec.cat\/iespereborrellpuigcerda\/wp-json\/wp\/v2\/posts\/12662","targetHints":{"allow":["GET"]}}],"collection":[{"href":"https:\/\/agora.xtec.cat\/iespereborrellpuigcerda\/wp-json\/wp\/v2\/posts"}],"about":[{"href":"https:\/\/agora.xtec.cat\/iespereborrellpuigcerda\/wp-json\/wp\/v2\/types\/post"}],"author":[{"embeddable":true,"href":"https:\/\/agora.xtec.cat\/iespereborrellpuigcerda\/wp-json\/wp\/v2\/users\/1"}],"replies":[{"embeddable":true,"href":"https:\/\/agora.xtec.cat\/iespereborrellpuigcerda\/wp-json\/wp\/v2\/comments?post=12662"}],"version-history":[{"count":1,"href":"https:\/\/agora.xtec.cat\/iespereborrellpuigcerda\/wp-json\/wp\/v2\/posts\/12662\/revisions"}],"predecessor-version":[{"id":12664,"href":"https:\/\/agora.xtec.cat\/iespereborrellpuigcerda\/wp-json\/wp\/v2\/posts\/12662\/revisions\/12664"}],"wp:featuredmedia":[{"embeddable":true,"href":"https:\/\/agora.xtec.cat\/iespereborrellpuigcerda\/wp-json\/wp\/v2\/media\/12663"}],"wp:attachment":[{"href":"https:\/\/agora.xtec.cat\/iespereborrellpuigcerda\/wp-json\/wp\/v2\/media?parent=12662"}],"wp:term":[{"taxonomy":"category","embeddable":true,"href":"https:\/\/agora.xtec.cat\/iespereborrellpuigcerda\/wp-json\/wp\/v2\/categories?post=12662"},{"taxonomy":"post_tag","embeddable":true,"href":"https:\/\/agora.xtec.cat\/iespereborrellpuigcerda\/wp-json\/wp\/v2\/tags?post=12662"}],"curies":[{"name":"wp","href":"https:\/\/api.w.org\/{rel}","templated":true}]}}