{"id":12654,"date":"2026-04-14T12:24:35","date_gmt":"2026-04-14T10:24:35","guid":{"rendered":"https:\/\/agora.xtec.cat\/iespereborrellpuigcerda\/?p=12654"},"modified":"2026-04-14T12:27:53","modified_gmt":"2026-04-14T10:27:53","slug":"final-del-projecte-de-3r-deso-expressart","status":"publish","type":"post","link":"https:\/\/agora.xtec.cat\/iespereborrellpuigcerda\/portada\/final-del-projecte-de-3r-deso-expressart\/","title":{"rendered":"Final del projecte de 3r d&#8217;ESO Expressart"},"content":{"rendered":"<p><img loading=\"lazy\" decoding=\"async\" class=\"size-large wp-image-12659\" src=\"https:\/\/agora.xtec.cat\/iespereborrellpuigcerda\/wp-content\/uploads\/usu1157\/2026\/04\/Instagram-1024x1011.jpg\" alt=\"\" width=\"1024\" height=\"1011\" srcset=\"https:\/\/agora.xtec.cat\/iespereborrellpuigcerda\/wp-content\/uploads\/usu1157\/2026\/04\/Instagram-1024x1011.jpg 1024w, https:\/\/agora.xtec.cat\/iespereborrellpuigcerda\/wp-content\/uploads\/usu1157\/2026\/04\/Instagram-300x296.jpg 300w, https:\/\/agora.xtec.cat\/iespereborrellpuigcerda\/wp-content\/uploads\/usu1157\/2026\/04\/Instagram-768x758.jpg 768w, https:\/\/agora.xtec.cat\/iespereborrellpuigcerda\/wp-content\/uploads\/usu1157\/2026\/04\/Instagram.jpg 1206w\" sizes=\"auto, (max-width: 1024px) 100vw, 1024px\" \/><\/p>\n<p>El passat dijous i divendres vam celebrar les finals del projecte de la lliga esportiva que realitza l&#8217;alumnat de 3r d&#8217;ESO.<\/p>\n<p>L&#8217;alumnat treballa diferents aspectes de l&#8217;organitzaci\u00f3 i participaci\u00f3 en una lliga esportiva a les mat\u00e8ries de EVP, M\u00fasica i EF. Per equips, creen el seu nom i logo, l&#8217;estampen a la samarreta, creen els trofeus que es donen a la final, fan el seu himne d&#8217;equip i treballen el podcast per dinamitzar la jornada, entrenen i juguen els esports triats per enfrontar-se en partits amb els companys i companyes de la mateixa classe i tamb\u00e9 amb els de les altres classes, i aprenem a fer d&#8217;\u00e0rbitres, a respectar i fer complir la normativa de l&#8217;esport.<\/p>\n<p>Tot plegat fa que aquests 2 dies els dediquem a veure el producte final, gaudir de l&#8217;esport i obtenir premis segons els resultats obtinguts a les diferents mat\u00e8ries.<\/p>\n","protected":false},"excerpt":{"rendered":"<p>El passat dijous i divendres vam celebrar les finals del projecte de la lliga esportiva que realitza l&#8217;alumnat de 3r d&#8217;ESO.<br \/>\nL&#8217;alumnat treballa diferents aspectes de l&#8217;organitzaci\u00f3 i participaci\u00f3 en una lliga esportiva a les mat\u00e8ries de EVP, M\u00fasica i EF. Per equips, creen el seu&hellip;  <a href=\"https:\/\/agora.xtec.cat\/iespereborrellpuigcerda\/portada\/final-del-projecte-de-3r-deso-expressart\/\" title=\"Read Final del projecte de 3r d&#8217;ESO Expressart\">Llegeix m\u00e9s\u00bb<\/a><\/p>\n","protected":false},"author":1,"featured_media":12659,"comment_status":"closed","ping_status":"open","sticky":true,"template":"","format":"standard","meta":{"_bbp_topic_count":0,"_bbp_reply_count":0,"_bbp_total_topic_count":0,"_bbp_total_reply_count":0,"_bbp_voice_count":0,"_bbp_anonymous_reply_count":0,"_bbp_topic_count_hidden":0,"_bbp_reply_count_hidden":0,"_bbp_forum_subforum_count":0,"footnotes":""},"categories":[29],"tags":[],"class_list":["post-12654","post","type-post","status-publish","format-standard","has-post-thumbnail","hentry","category-portada"],"post_mailing_queue_ids":[],"_links":{"self":[{"href":"https:\/\/agora.xtec.cat\/iespereborrellpuigcerda\/wp-json\/wp\/v2\/posts\/12654","targetHints":{"allow":["GET"]}}],"collection":[{"href":"https:\/\/agora.xtec.cat\/iespereborrellpuigcerda\/wp-json\/wp\/v2\/posts"}],"about":[{"href":"https:\/\/agora.xtec.cat\/iespereborrellpuigcerda\/wp-json\/wp\/v2\/types\/post"}],"author":[{"embeddable":true,"href":"https:\/\/agora.xtec.cat\/iespereborrellpuigcerda\/wp-json\/wp\/v2\/users\/1"}],"replies":[{"embeddable":true,"href":"https:\/\/agora.xtec.cat\/iespereborrellpuigcerda\/wp-json\/wp\/v2\/comments?post=12654"}],"version-history":[{"count":5,"href":"https:\/\/agora.xtec.cat\/iespereborrellpuigcerda\/wp-json\/wp\/v2\/posts\/12654\/revisions"}],"predecessor-version":[{"id":12661,"href":"https:\/\/agora.xtec.cat\/iespereborrellpuigcerda\/wp-json\/wp\/v2\/posts\/12654\/revisions\/12661"}],"wp:featuredmedia":[{"embeddable":true,"href":"https:\/\/agora.xtec.cat\/iespereborrellpuigcerda\/wp-json\/wp\/v2\/media\/12659"}],"wp:attachment":[{"href":"https:\/\/agora.xtec.cat\/iespereborrellpuigcerda\/wp-json\/wp\/v2\/media?parent=12654"}],"wp:term":[{"taxonomy":"category","embeddable":true,"href":"https:\/\/agora.xtec.cat\/iespereborrellpuigcerda\/wp-json\/wp\/v2\/categories?post=12654"},{"taxonomy":"post_tag","embeddable":true,"href":"https:\/\/agora.xtec.cat\/iespereborrellpuigcerda\/wp-json\/wp\/v2\/tags?post=12654"}],"curies":[{"name":"wp","href":"https:\/\/api.w.org\/{rel}","templated":true}]}}