{"id":11137,"date":"2026-04-07T11:00:51","date_gmt":"2026-04-07T09:00:51","guid":{"rendered":"https:\/\/agora.xtec.cat\/iespereborrellpuigcerda\/?p=11137"},"modified":"2026-04-15T18:12:53","modified_gmt":"2026-04-15T16:12:53","slug":"beques-per-a-ensenyaments-post-obligatoris-no-universitaris-del-19-marc-al-10-de-maig-de-2024-a-les-15h","status":"publish","type":"post","link":"https:\/\/agora.xtec.cat\/iespereborrellpuigcerda\/general\/beques-per-a-ensenyaments-post-obligatoris-no-universitaris-del-19-marc-al-10-de-maig-de-2024-a-les-15h\/","title":{"rendered":"Beques per a ensenyaments postobligatoris no universitaris. Curs 2026-2027"},"content":{"rendered":"<h6 style=\"font-weight: 400;\"><span style=\"color: #000000;\"><strong><a style=\"color: #000000;\" href=\"https:\/\/tramits.gencat.cat\/ca\/tramits\/tramits-temes\/beques-ministeri-postobligatoris?moda=1\"><span style=\"text-decoration: underline;\">Del<\/span><span style=\"text-decoration: underline;\"> 7 d&#8217;abril al 18 de maig de 2026<\/span><\/a><\/strong><\/span><\/h6>\n<p style=\"font-weight: 400;\"><strong>Pots sol\u00b7licitar una beca<\/strong> si el curs acad\u00e8mic 2026-2027 tens previst cursar batxillerat, cicles formatius grau mitj\u00e0, grau b\u00e0sic o PFI.<\/p>\n<p style=\"font-weight: 400;\"><strong>Recorda que NO hi pots optar si<\/strong> \u00e9s per repetir curs i\/o si tens un t\u00edtol de nivell igual o superior als estudis per als quals sol\u00b7licites la beca.<\/p>\n<h4 style=\"font-weight: 400;\"><span style=\"color: #000000;\"><strong><a style=\"color: #000000;\" href=\"https:\/\/educacio.gencat.cat\/ca\/tramits\/tramits-temes\/247-beques-ministerio-postobligatoris?moda=1\" data-saferedirecturl=\"https:\/\/www.google.com\/url?q=https:\/\/educacio.gencat.cat\/ca\/tramits\/tramits-temes\/247-beques-ministerio-postobligatoris?moda%3D1&amp;source=gmail&amp;ust=1711098685295000&amp;usg=AOvVaw1PTsFJ7nBG6DcZYZXG4OvP\"><span style=\"color: #3366ff;\"><span style=\"color: #0000ff;\">La sol\u00b7licitud\u00a0<\/span><\/span><\/a><\/strong><\/span><strong><span style=\"color: #000000;\">\u00e9s telem\u00e0tica mitjan\u00e7ant el web del Departament d\u2019Educaci\u00f3<\/span><\/strong><\/h4>\n<p style=\"font-weight: 400;\">Sol\u00b7licita la beca dins d&#8217;aquest termini, encara que no s\u00e0pigues qu\u00e8 estudiar\u00e0s o, fins i tot, encara que no s\u00e0pigues si estudiar\u00e0s o no. Posa els estudis que consideris m\u00e9s probables i cap al setembre podr\u00e0s modificar-los si cal.<\/p>\n<p style=\"font-weight: 400;\">Un cop emplenis la sol\u00b7licitud, tindr\u00e0s l&#8217;opci\u00f3 de presentar-la. Tingues en compte que:<\/p>\n<ul style=\"font-weight: 400; list-style-type: square;\">\n<li>Si tot est\u00e0 correcte, podr\u00e0s descarregar el justificant com a garantia de la presentaci\u00f3 de la beca. A la\u00a0<a href=\"https:\/\/sede.educacion.gob.es\/sede\/login\/inicio.jjsp?idConvocatoria=404\" data-saferedirecturl=\"https:\/\/www.google.com\/url?q=https:\/\/sede.educacion.gob.es\/sede\/login\/inicio.jjsp?idConvocatoria%3D404&amp;source=gmail&amp;ust=1711098685295000&amp;usg=AOvVaw2S_SDAM69jAN2ngDWItDZN\">seu electr\u00f2nica<\/a>\u00a0apareixer\u00e0 el missatge &#8220;presentada&#8221;.<\/li>\n<li>Si la teva sol\u00b7licitud es queda en estat &#8220;d&#8217;esborrany&#8221;, no la podr\u00e0s tramitar: comprova si et manca alguna dada per acabar de validar o emplenar.<\/li>\n<li>Si tens dubtes, consulta la secci\u00f3 de preguntes freq\u00fcents del web d&#8217;<a href=\"https:\/\/web.gencat.cat\/ca\/ciutadania\/serveis\/educacio-formacio\/beques-estudis-no-universitaris\" data-saferedirecturl=\"https:\/\/www.google.com\/url?q=https:\/\/educacio.gencat.cat\/ca\/serveis-tramits\/beques\/beques-postobligatoris\/preguntes-frequents\/&amp;source=gmail&amp;ust=1711098685295000&amp;usg=AOvVaw17E5dwyZCNkfCy4MTH0dZm\">Educaci\u00f3<\/a>\u00a0o b\u00e9 les del web del\u00a0<a href=\"https:\/\/www.becaseducacion.gob.es\/becas-y-ayudas\/fp-bachillerato-otros\/como-solicitarla.html\" data-saferedirecturl=\"https:\/\/www.google.com\/url?q=https:\/\/www.becaseducacion.gob.es\/dudas\/faqs.html%23cla-0-0&amp;source=gmail&amp;ust=1711098685296000&amp;usg=AOvVaw3pY1myZJgGMun-1BsxTp53\">Ministeri d&#8217;Educaci\u00f3, Formaci\u00f3 Professional i Esports<\/a>.<\/li>\n<li>Trobareu tota la informaci\u00f3 en el\u00a0\u00a0web del\u00a0\u00a0Departament\u00a0 <a style=\"font-family: inherit; font-size: 1em;\" href=\"https:\/\/educacio.gencat.cat\/ca\/serveis-tramits\/beques\/beques-postobligatoris\/index.html\" data-saferedirecturl=\"https:\/\/www.google.com\/url?q=https:\/\/educacio.gencat.cat\/ca\/serveis-tramits\/beques\/beques-postobligatoris\/index.html&amp;source=gmail&amp;ust=1711098685296000&amp;usg=AOvVaw289ezF4KE9ReXwRSVj2R8A\">Beques per a ensenyaments postobligatoris no universitaris<\/a><\/li>\n<\/ul>\n","protected":false},"excerpt":{"rendered":"<p><a style=\"color: #000000;\" href=\"https:\/\/tramits.gencat.cat\/ca\/tramits\/tramits-temes\/beques-ministeri-postobligatoris?moda=1\">Del 7 d&#8217;abril al 18 de maig de 2026<\/a><br \/>\nPots sol\u00b7licitar una beca si el curs acad\u00e8mic 2026-2027 tens previst cursar batxillerat, cicles formatius grau mitj\u00e0, grau b\u00e0sic o PFI.<br \/>\nRecorda que NO hi pots optar si \u00e9s per repetir curs i\/o si tens&hellip;  <a href=\"https:\/\/agora.xtec.cat\/iespereborrellpuigcerda\/general\/beques-per-a-ensenyaments-post-obligatoris-no-universitaris-del-19-marc-al-10-de-maig-de-2024-a-les-15h\/\" title=\"Read Beques per a ensenyaments postobligatoris no universitaris. Curs 2026-2027\">Llegeix m\u00e9s\u00bb<\/a><\/p>\n","protected":false},"author":1,"featured_media":12640,"comment_status":"closed","ping_status":"closed","sticky":true,"template":"","format":"standard","meta":{"_bbp_topic_count":0,"_bbp_reply_count":0,"_bbp_total_topic_count":0,"_bbp_total_reply_count":0,"_bbp_voice_count":0,"_bbp_anonymous_reply_count":0,"_bbp_topic_count_hidden":0,"_bbp_reply_count_hidden":0,"_bbp_forum_subforum_count":0,"footnotes":""},"categories":[261,197,8,264,30,198,262,7,1,29,263],"tags":[],"class_list":["post-11137","post","type-post","status-publish","format-standard","has-post-thumbnail","hentry","category-administratiu","category-batxibac","category-batxillerat","category-cafemn","category-cicles-formatius","category-criteris-davaluacio","category-cuina","category-eso-4","category-general","category-portada","category-sociosanitari"],"post_mailing_queue_ids":[],"_links":{"self":[{"href":"https:\/\/agora.xtec.cat\/iespereborrellpuigcerda\/wp-json\/wp\/v2\/posts\/11137","targetHints":{"allow":["GET"]}}],"collection":[{"href":"https:\/\/agora.xtec.cat\/iespereborrellpuigcerda\/wp-json\/wp\/v2\/posts"}],"about":[{"href":"https:\/\/agora.xtec.cat\/iespereborrellpuigcerda\/wp-json\/wp\/v2\/types\/post"}],"author":[{"embeddable":true,"href":"https:\/\/agora.xtec.cat\/iespereborrellpuigcerda\/wp-json\/wp\/v2\/users\/1"}],"replies":[{"embeddable":true,"href":"https:\/\/agora.xtec.cat\/iespereborrellpuigcerda\/wp-json\/wp\/v2\/comments?post=11137"}],"version-history":[{"count":7,"href":"https:\/\/agora.xtec.cat\/iespereborrellpuigcerda\/wp-json\/wp\/v2\/posts\/11137\/revisions"}],"predecessor-version":[{"id":12666,"href":"https:\/\/agora.xtec.cat\/iespereborrellpuigcerda\/wp-json\/wp\/v2\/posts\/11137\/revisions\/12666"}],"wp:featuredmedia":[{"embeddable":true,"href":"https:\/\/agora.xtec.cat\/iespereborrellpuigcerda\/wp-json\/wp\/v2\/media\/12640"}],"wp:attachment":[{"href":"https:\/\/agora.xtec.cat\/iespereborrellpuigcerda\/wp-json\/wp\/v2\/media?parent=11137"}],"wp:term":[{"taxonomy":"category","embeddable":true,"href":"https:\/\/agora.xtec.cat\/iespereborrellpuigcerda\/wp-json\/wp\/v2\/categories?post=11137"},{"taxonomy":"post_tag","embeddable":true,"href":"https:\/\/agora.xtec.cat\/iespereborrellpuigcerda\/wp-json\/wp\/v2\/tags?post=11137"}],"curies":[{"name":"wp","href":"https:\/\/api.w.org\/{rel}","templated":true}]}}