{"id":5586,"date":"2020-05-13T09:35:54","date_gmt":"2020-05-13T07:35:54","guid":{"rendered":"https:\/\/agora.xtec.cat\/iesperealsius\/?p=5586"},"modified":"2020-05-13T09:35:53","modified_gmt":"2020-05-13T07:35:53","slug":"preinscripcio-a-leso-del-13-al-22-de-maig","status":"publish","type":"post","link":"https:\/\/agora.xtec.cat\/iesperealsius\/general\/preinscripcio-a-leso-del-13-al-22-de-maig\/","title":{"rendered":"Preinscripci\u00f3 a l&#8217;ESO: del 13 al 22 de maig"},"content":{"rendered":"<p><span style=\"font-size: 20px;\">El Departament d&#8217;Educaci\u00f3 ha establert el per\u00edode de preinscripci\u00f3 a l&#8217;ESO del 13 al 22 de maig, enguany a causa de l&#8217;emerg\u00e8ncia sanit\u00e0ria causada per la pand\u00e8mia de COVID-19 la preinscripci\u00f3 es realitzar\u00e0 de forma telem\u00e0tica:<br \/>\n<\/span><\/p>\n<p style=\"text-align: center;\"><span style=\"font-size: 24px;\"><strong><span style=\"text-decoration: underline;\"><span style=\"color: #333300; text-decoration: underline;\"><a style=\"color: #333300; text-decoration: underline;\" href=\"https:\/\/agora.xtec.cat\/iesperealsius\/preinscripcio\/preinscripcio-eso\/eso-1-preinscripcio\/\" target=\"_blank\" rel=\"noopener noreferrer\">ACCEDIU AL PROCEDIMENT DE PREINSCRIPCI\u00d3<\/a><\/span><\/span><\/strong><\/span><\/p>\n<p><span style=\"font-size: 20px;\">Nom\u00e9s s&#8217;han de preinscriure els <strong>alumnes que iniciaran el 1r d&#8217;ESO el curs 2020-2021<\/strong> i aquells que sol\u00b7liciten un <strong>canvi de centre per cursar 2n, 3r o 4t d&#8217;ESO el proper curs 2020-2021.<\/strong><\/span><\/p>\n<p><span style=\"font-size: 20px;\">L&#8217;oferta de places del centre \u00e9s la seg\u00fcent:<\/span><\/p>\n<p><a href=\"https:\/\/agora.xtec.cat\/iesperealsius\/wp-content\/uploads\/usu45\/2020\/05\/oferta-2.jpg\"><img loading=\"lazy\" decoding=\"async\" class=\"aligncenter wp-image-5592\" src=\"https:\/\/agora.xtec.cat\/iesperealsius\/wp-content\/uploads\/usu45\/2020\/05\/oferta-2.jpg\" alt=\"\" width=\"415\" height=\"263\" srcset=\"https:\/\/agora.xtec.cat\/iesperealsius\/wp-content\/uploads\/usu45\/2020\/05\/oferta-2.jpg 467w, https:\/\/agora.xtec.cat\/iesperealsius\/wp-content\/uploads\/usu45\/2020\/05\/oferta-2-300x190.jpg 300w\" sizes=\"auto, (max-width: 415px) 100vw, 415px\" \/><\/a><\/p>\n<p><span style=\"font-size: 20px;\">Els <strong>alumnes del centre<\/strong> que actualment <strong>estan cursant 1r, 2n i 3r d&#8217;ESO NO han de fer aquest tr\u00e0mit<\/strong>.<\/span><\/p>\n","protected":false},"excerpt":{"rendered":"<p>El Departament d&#8217;Educaci\u00f3 ha establert el per\u00edode de preinscripci\u00f3 a l&#8217;ESO del 13 al 22 de maig, enguany a causa de l&#8217;emerg\u00e8ncia sanit\u00e0ria causada per la pand\u00e8mia de COVID-19 la preinscripci\u00f3 es realitzar\u00e0 de forma telem\u00e0tica:<\/p>\n<p><a style=\"color: #333300; text-decoration: underline;\" href=\"https:\/\/agora.xtec.cat\/iesperealsius\/preinscripcio\/preinscripcio-eso\/eso-1-preinscripcio\/\" target=\"_blank\" rel=\"noopener noreferrer\">ACCEDIU AL&hellip;  <a href=\"https:\/\/agora.xtec.cat\/iesperealsius\/general\/preinscripcio-a-leso-del-13-al-22-de-maig\/\" title=\"Read Preinscripci\u00f3 a l&#8217;ESO: del 13 al 22 de maig\">Llegeix m\u00e9s\u00bb<\/a><\/p>\n","protected":false},"author":1,"featured_media":5594,"comment_status":"open","ping_status":"closed","sticky":false,"template":"","format":"standard","meta":{"_bbp_topic_count":0,"_bbp_reply_count":0,"_bbp_total_topic_count":0,"_bbp_total_reply_count":0,"_bbp_voice_count":0,"_bbp_anonymous_reply_count":0,"_bbp_topic_count_hidden":0,"_bbp_reply_count_hidden":0,"_bbp_forum_subforum_count":0,"footnotes":""},"categories":[1,29],"tags":[],"class_list":["post-5586","post","type-post","status-publish","format-standard","has-post-thumbnail","hentry","category-general","category-portada"],"post_mailing_queue_ids":[],"_links":{"self":[{"href":"https:\/\/agora.xtec.cat\/iesperealsius\/wp-json\/wp\/v2\/posts\/5586","targetHints":{"allow":["GET"]}}],"collection":[{"href":"https:\/\/agora.xtec.cat\/iesperealsius\/wp-json\/wp\/v2\/posts"}],"about":[{"href":"https:\/\/agora.xtec.cat\/iesperealsius\/wp-json\/wp\/v2\/types\/post"}],"author":[{"embeddable":true,"href":"https:\/\/agora.xtec.cat\/iesperealsius\/wp-json\/wp\/v2\/users\/1"}],"replies":[{"embeddable":true,"href":"https:\/\/agora.xtec.cat\/iesperealsius\/wp-json\/wp\/v2\/comments?post=5586"}],"version-history":[{"count":3,"href":"https:\/\/agora.xtec.cat\/iesperealsius\/wp-json\/wp\/v2\/posts\/5586\/revisions"}],"predecessor-version":[{"id":5596,"href":"https:\/\/agora.xtec.cat\/iesperealsius\/wp-json\/wp\/v2\/posts\/5586\/revisions\/5596"}],"wp:featuredmedia":[{"embeddable":true,"href":"https:\/\/agora.xtec.cat\/iesperealsius\/wp-json\/wp\/v2\/media\/5594"}],"wp:attachment":[{"href":"https:\/\/agora.xtec.cat\/iesperealsius\/wp-json\/wp\/v2\/media?parent=5586"}],"wp:term":[{"taxonomy":"category","embeddable":true,"href":"https:\/\/agora.xtec.cat\/iesperealsius\/wp-json\/wp\/v2\/categories?post=5586"},{"taxonomy":"post_tag","embeddable":true,"href":"https:\/\/agora.xtec.cat\/iesperealsius\/wp-json\/wp\/v2\/tags?post=5586"}],"curies":[{"name":"wp","href":"https:\/\/api.w.org\/{rel}","templated":true}]}}