{"id":3223,"date":"2019-04-28T15:45:19","date_gmt":"2019-04-28T13:45:19","guid":{"rendered":"http:\/\/agora.xtec.cat\/iesperealsius\/?p=3223"},"modified":"2019-04-28T22:59:25","modified_gmt":"2019-04-28T20:59:25","slug":"agenda-2019-2020-dissenys-finalistes","status":"publish","type":"post","link":"https:\/\/agora.xtec.cat\/iesperealsius\/general\/agenda-2019-2020-dissenys-finalistes\/","title":{"rendered":"Agenda 2019-2020: Dissenys finalistes"},"content":{"rendered":"<p><a href=\"https:\/\/agora.xtec.cat\/iesperealsius\/wp-content\/uploads\/usu45\/2019\/04\/Finalistes.jpg\"><img loading=\"lazy\" decoding=\"async\" class=\"aligncenter size-full wp-image-3254\" src=\"https:\/\/agora.xtec.cat\/iesperealsius\/wp-content\/uploads\/usu45\/2019\/04\/Finalistes.jpg\" alt=\"\" width=\"1210\" height=\"341\" srcset=\"https:\/\/agora.xtec.cat\/iesperealsius\/wp-content\/uploads\/usu45\/2019\/04\/Finalistes.jpg 1210w, https:\/\/agora.xtec.cat\/iesperealsius\/wp-content\/uploads\/usu45\/2019\/04\/Finalistes-300x85.jpg 300w, https:\/\/agora.xtec.cat\/iesperealsius\/wp-content\/uploads\/usu45\/2019\/04\/Finalistes-768x216.jpg 768w, https:\/\/agora.xtec.cat\/iesperealsius\/wp-content\/uploads\/usu45\/2019\/04\/Finalistes-1024x289.jpg 1024w\" sizes=\"auto, (max-width: 1210px) 100vw, 1210px\" \/><\/a>Despr\u00e9s d&#8217;una laboriosa tasca de selecci\u00f3, a causa de la gran quantitat i qualitat de propostes rebudes, s&#8217;han seleccionat els tres finalistes de la tercera edici\u00f3 del concurs de disseny de l\u2019agenda per al proper curs escolar, gr\u00e0cies a la col\u00b7laboraci\u00f3 de l\u2019AMPA.<\/p>\n<p>Els dissenys finalistes s\u00f3n:<\/p>\n<p>1. <strong>Dietari<\/strong>, autora Marina Garc\u00eda Herranz 3r ESO<\/p>\n<p>2. <strong>Bombolles<\/strong>, autor Miquel Boix Mateu 3r ESO<\/p>\n<p>3. <strong>Tothom suma<\/strong>, autora N\u00faria Planells Dom\u00e8nech, 1r ESO<\/p>\n<p>Els tres dissenys seleccionats han obtingut un premi atorgat pel l\u2019AMIPA de l\u2019Institut que consisteix en un val de 40,00 \u20ac per bescanviar per material escolar i llibres en una llibreria de Banyoles.<\/p>\n<p>El dilluns 29 d&#8217;abril, a l&#8217;hora de tutoria, l&#8217;alumnat d&#8217;ESO votar\u00e0 pel disseny que prefereix com a portada de l&#8217;agenda escolar del curs 2019-2020.<\/p>\n<p>El dimarts 23 d&#8217;abril es lliurar\u00e0 el premi als tres finalistes en el marc de les activitats de Sant Jordi.<\/p>\n<p>Penseu b\u00e9 quin trieu perqu\u00e8 us acompanyar\u00e0 tot un curs !!!<\/p>\n<p>El disseny premiat es far\u00e0 p\u00fablic a la web.<\/p>\n","protected":false},"excerpt":{"rendered":"<p><a href=\"https:\/\/agora.xtec.cat\/iesperealsius\/wp-content\/uploads\/usu45\/2019\/04\/Finalistes.jpg\"><\/a>Despr\u00e9s d&#8217;una laboriosa tasca de selecci\u00f3, a causa de la gran quantitat i qualitat de propostes rebudes, s&#8217;han seleccionat els tres finalistes de la tercera edici\u00f3 del concurs de disseny de l\u2019agenda per al proper curs escolar, gr\u00e0cies a la col\u00b7laboraci\u00f3 de l\u2019AMPA.<br \/>\nEls dissenys&hellip;  <a href=\"https:\/\/agora.xtec.cat\/iesperealsius\/general\/agenda-2019-2020-dissenys-finalistes\/\" title=\"Read Agenda 2019-2020: Dissenys finalistes\">Llegeix m\u00e9s\u00bb<\/a><\/p>\n","protected":false},"author":1,"featured_media":3257,"comment_status":"closed","ping_status":"closed","sticky":false,"template":"","format":"standard","meta":{"_bbp_topic_count":0,"_bbp_reply_count":0,"_bbp_total_topic_count":0,"_bbp_total_reply_count":0,"_bbp_voice_count":0,"_bbp_anonymous_reply_count":0,"_bbp_topic_count_hidden":0,"_bbp_reply_count_hidden":0,"_bbp_forum_subforum_count":0,"footnotes":""},"categories":[1,29],"tags":[],"class_list":["post-3223","post","type-post","status-publish","format-standard","has-post-thumbnail","hentry","category-general","category-portada"],"post_mailing_queue_ids":[],"_links":{"self":[{"href":"https:\/\/agora.xtec.cat\/iesperealsius\/wp-json\/wp\/v2\/posts\/3223","targetHints":{"allow":["GET"]}}],"collection":[{"href":"https:\/\/agora.xtec.cat\/iesperealsius\/wp-json\/wp\/v2\/posts"}],"about":[{"href":"https:\/\/agora.xtec.cat\/iesperealsius\/wp-json\/wp\/v2\/types\/post"}],"author":[{"embeddable":true,"href":"https:\/\/agora.xtec.cat\/iesperealsius\/wp-json\/wp\/v2\/users\/1"}],"replies":[{"embeddable":true,"href":"https:\/\/agora.xtec.cat\/iesperealsius\/wp-json\/wp\/v2\/comments?post=3223"}],"version-history":[{"count":3,"href":"https:\/\/agora.xtec.cat\/iesperealsius\/wp-json\/wp\/v2\/posts\/3223\/revisions"}],"predecessor-version":[{"id":3269,"href":"https:\/\/agora.xtec.cat\/iesperealsius\/wp-json\/wp\/v2\/posts\/3223\/revisions\/3269"}],"wp:featuredmedia":[{"embeddable":true,"href":"https:\/\/agora.xtec.cat\/iesperealsius\/wp-json\/wp\/v2\/media\/3257"}],"wp:attachment":[{"href":"https:\/\/agora.xtec.cat\/iesperealsius\/wp-json\/wp\/v2\/media?parent=3223"}],"wp:term":[{"taxonomy":"category","embeddable":true,"href":"https:\/\/agora.xtec.cat\/iesperealsius\/wp-json\/wp\/v2\/categories?post=3223"},{"taxonomy":"post_tag","embeddable":true,"href":"https:\/\/agora.xtec.cat\/iesperealsius\/wp-json\/wp\/v2\/tags?post=3223"}],"curies":[{"name":"wp","href":"https:\/\/api.w.org\/{rel}","templated":true}]}}