{"id":2320,"date":"2019-02-05T23:11:08","date_gmt":"2019-02-05T22:11:08","guid":{"rendered":"http:\/\/agora.xtec.cat\/iesperealsius\/?p=2320"},"modified":"2019-02-05T23:11:08","modified_gmt":"2019-02-05T22:11:08","slug":"prevenint-la-violencia-taller-1r-eso","status":"publish","type":"post","link":"https:\/\/agora.xtec.cat\/iesperealsius\/general\/prevenint-la-violencia-taller-1r-eso\/","title":{"rendered":"Prevenint la viol\u00e8ncia. Taller 1r ESO"},"content":{"rendered":"<p><a href=\"https:\/\/agora.xtec.cat\/iesperealsius\/wp-content\/uploads\/usu45\/2019\/02\/taller-1r-ESO.jpg\"><img loading=\"lazy\" decoding=\"async\" class=\"wp-image-2322 alignright\" src=\"https:\/\/agora.xtec.cat\/iesperealsius\/wp-content\/uploads\/usu45\/2019\/02\/taller-1r-ESO-1024x1024.jpg\" alt=\"\" width=\"348\" height=\"348\" srcset=\"https:\/\/agora.xtec.cat\/iesperealsius\/wp-content\/uploads\/usu45\/2019\/02\/taller-1r-ESO-1024x1024.jpg 1024w, https:\/\/agora.xtec.cat\/iesperealsius\/wp-content\/uploads\/usu45\/2019\/02\/taller-1r-ESO-150x150.jpg 150w, https:\/\/agora.xtec.cat\/iesperealsius\/wp-content\/uploads\/usu45\/2019\/02\/taller-1r-ESO-300x300.jpg 300w, https:\/\/agora.xtec.cat\/iesperealsius\/wp-content\/uploads\/usu45\/2019\/02\/taller-1r-ESO-768x768.jpg 768w, https:\/\/agora.xtec.cat\/iesperealsius\/wp-content\/uploads\/usu45\/2019\/02\/taller-1r-ESO.jpg 1080w\" sizes=\"auto, (max-width: 348px) 100vw, 348px\" \/><\/a>Divendres 1 de febrer els alumnes dels grups 1r A i 1r B d&#8217;ESO han realitzat el taller &#8220;Juul, qu\u00e8 t&#8217;ha passat&#8221;. Ha estat molt interessant perqu\u00e8 s&#8217;han donat als nois i noies estrat\u00e8gies per gestionar conflictes i millorar com a grup.<\/p>\n<p>La hist\u00f2ria de Juul \u00e9s una hist\u00f2ria molt dura. Aquesta hist\u00f2ria, posa de relleu aquella viol\u00e8ncia menys expl\u00edcita, m\u00e9s invisibilitzada, per\u00f2 que t\u00e9 conseq\u00fc\u00e8ncies fatals tant per qui la rep comper qui l\u2019exerceix.<br \/>\nFa incid\u00e8ncia en com paraules aparentment sense contingut violent,poden convertir-se segons el context en que s\u2018utilitzen, en veritables eines,de destrucci\u00f3. Alhora planteja la import\u00e0ncia que tenen els altres per a cada persona, sentir-nos pertanyents al grup i com moltes vegades \u00e9s dif\u00edcil trobar una via alternativa a l\u2019autoagressi\u00f3 (destrucci\u00f3) si ens sentim tant sols\/es que creiem que ning\u00fa ens voldr\u00e0 ajudar perqu\u00e8 pensem que ning\u00fa ens pot estimar.<br \/>\nL\u2019autor del conte, Gregie de Maeyer, explica que es va inspirar en una noticia terrible, apareguda en un diari, que explicava el su\u00efcidi d\u2019un nen de 13 anys que havia suportat durant molt de temps les burles dels seus companys.<br \/>\nL\u2019explicaci\u00f3 del conte va acompanyada per una representaci\u00f3 teatral, que permet treballar amb els\/les alumnes el fet cada cop m\u00e9s present als centres educatius; la viol\u00e8ncia escolar.<br \/>\nAquest taller permet treballar els seg\u00fcents continguts:<\/p>\n<ul>\n<li>Actituds socials davant l\u2019\u00fas de la viol\u00e8ncia.<\/li>\n<li>Tipus de viol\u00e8ncia, parant m\u00e9s atenci\u00f3 als que queden m\u00e9s amagats per la seva subtilitat.<\/li>\n<li>Import\u00e0ncia del posicionament personal (qui i quan es participa de la viol\u00e8ncia, desigualtat de poder, estats emocionals que genera&#8230;).<\/li>\n<li>Situacions d\u2019ab\u00fas.<\/li>\n<li>Eines i recursos per fer front a una situaci\u00f3 d\u2019ab\u00fas. Alternatives a l\u2019agressi\u00f3<\/li>\n<\/ul>\n","protected":false},"excerpt":{"rendered":"<p><a href=\"https:\/\/agora.xtec.cat\/iesperealsius\/wp-content\/uploads\/usu45\/2019\/02\/taller-1r-ESO.jpg\"><\/a>Divendres 1 de febrer els alumnes dels grups 1r A i 1r B d&#8217;ESO han realitzat el taller &#8220;Juul, qu\u00e8 t&#8217;ha passat&#8221;. Ha estat molt interessant perqu\u00e8 s&#8217;han donat als nois i noies estrat\u00e8gies per gestionar conflictes i millorar com a grup.<br \/>\nLa hist\u00f2ria de&hellip;  <a href=\"https:\/\/agora.xtec.cat\/iesperealsius\/general\/prevenint-la-violencia-taller-1r-eso\/\" title=\"Read Prevenint la viol\u00e8ncia. Taller 1r ESO\">Llegeix m\u00e9s\u00bb<\/a><\/p>\n","protected":false},"author":1,"featured_media":2322,"comment_status":"open","ping_status":"closed","sticky":false,"template":"","format":"standard","meta":{"_bbp_topic_count":0,"_bbp_reply_count":0,"_bbp_total_topic_count":0,"_bbp_total_reply_count":0,"_bbp_voice_count":0,"_bbp_anonymous_reply_count":0,"_bbp_topic_count_hidden":0,"_bbp_reply_count_hidden":0,"_bbp_forum_subforum_count":0,"footnotes":""},"categories":[1,29],"tags":[],"class_list":["post-2320","post","type-post","status-publish","format-standard","has-post-thumbnail","hentry","category-general","category-portada"],"post_mailing_queue_ids":[],"_links":{"self":[{"href":"https:\/\/agora.xtec.cat\/iesperealsius\/wp-json\/wp\/v2\/posts\/2320","targetHints":{"allow":["GET"]}}],"collection":[{"href":"https:\/\/agora.xtec.cat\/iesperealsius\/wp-json\/wp\/v2\/posts"}],"about":[{"href":"https:\/\/agora.xtec.cat\/iesperealsius\/wp-json\/wp\/v2\/types\/post"}],"author":[{"embeddable":true,"href":"https:\/\/agora.xtec.cat\/iesperealsius\/wp-json\/wp\/v2\/users\/1"}],"replies":[{"embeddable":true,"href":"https:\/\/agora.xtec.cat\/iesperealsius\/wp-json\/wp\/v2\/comments?post=2320"}],"version-history":[{"count":2,"href":"https:\/\/agora.xtec.cat\/iesperealsius\/wp-json\/wp\/v2\/posts\/2320\/revisions"}],"predecessor-version":[{"id":2323,"href":"https:\/\/agora.xtec.cat\/iesperealsius\/wp-json\/wp\/v2\/posts\/2320\/revisions\/2323"}],"wp:featuredmedia":[{"embeddable":true,"href":"https:\/\/agora.xtec.cat\/iesperealsius\/wp-json\/wp\/v2\/media\/2322"}],"wp:attachment":[{"href":"https:\/\/agora.xtec.cat\/iesperealsius\/wp-json\/wp\/v2\/media?parent=2320"}],"wp:term":[{"taxonomy":"category","embeddable":true,"href":"https:\/\/agora.xtec.cat\/iesperealsius\/wp-json\/wp\/v2\/categories?post=2320"},{"taxonomy":"post_tag","embeddable":true,"href":"https:\/\/agora.xtec.cat\/iesperealsius\/wp-json\/wp\/v2\/tags?post=2320"}],"curies":[{"name":"wp","href":"https:\/\/api.w.org\/{rel}","templated":true}]}}