{"id":2316,"date":"2019-02-05T23:02:29","date_gmt":"2019-02-05T22:02:29","guid":{"rendered":"http:\/\/agora.xtec.cat\/iesperealsius\/?p=2316"},"modified":"2019-02-05T23:02:29","modified_gmt":"2019-02-05T22:02:29","slug":"prevenint-lassetjament-escolar-taller-a-2n-eso","status":"publish","type":"post","link":"https:\/\/agora.xtec.cat\/iesperealsius\/general\/prevenint-lassetjament-escolar-taller-a-2n-eso\/","title":{"rendered":"Prevenint l&#8217;assetjament escolar. Taller a 2n ESO"},"content":{"rendered":"<p><a href=\"https:\/\/agora.xtec.cat\/iesperealsius\/wp-content\/uploads\/usu45\/2019\/02\/taller-2n-ESO.jpg\"><img loading=\"lazy\" decoding=\"async\" class=\" wp-image-2318 alignright\" src=\"https:\/\/agora.xtec.cat\/iesperealsius\/wp-content\/uploads\/usu45\/2019\/02\/taller-2n-ESO-1024x1024.jpg\" alt=\"\" width=\"353\" height=\"353\" srcset=\"https:\/\/agora.xtec.cat\/iesperealsius\/wp-content\/uploads\/usu45\/2019\/02\/taller-2n-ESO-1024x1024.jpg 1024w, https:\/\/agora.xtec.cat\/iesperealsius\/wp-content\/uploads\/usu45\/2019\/02\/taller-2n-ESO-150x150.jpg 150w, https:\/\/agora.xtec.cat\/iesperealsius\/wp-content\/uploads\/usu45\/2019\/02\/taller-2n-ESO-300x300.jpg 300w, https:\/\/agora.xtec.cat\/iesperealsius\/wp-content\/uploads\/usu45\/2019\/02\/taller-2n-ESO-768x768.jpg 768w, https:\/\/agora.xtec.cat\/iesperealsius\/wp-content\/uploads\/usu45\/2019\/02\/taller-2n-ESO.jpg 1074w\" sizes=\"auto, (max-width: 353px) 100vw, 353px\" \/><\/a>Els alumnes de 2n d&#8217;ESO participen en el taller &#8216;Un dia m\u00e9s a l&#8217; infern&#8217; per prevenir l&#8217;assetjament escolar.<\/p>\n<p>\u201cUn dia m\u00e9s al infern\u201d, ens descriu com \u00e9s un dia en la vida d\u2019una persona que est\u00e0 patint assetjament dins l\u2019\u00e0mbit escolar. Ens ofereix la possibilitat de que els nois i les noies acompanyin a aquest personatge pel malestar, la r\u00e0bia i la por que aquesta situaci\u00f3 li genera. En la hist\u00f2ria es descriu la met\u00e0fora del funcionament social de les comunitats de llops, en les que \u201cquasi tothom\u201d t\u00e9 una funci\u00f3.<br \/>\nEl taller proposa que els, nois i noies treballin a partir de la hist\u00f2ria, els seg\u00fcents continguts:<\/p>\n<ul>\n<li>Responsabilitat de cadasc\u00fa en les situacions de viol\u00e8ncia (vinculat als drets i deures)<\/li>\n<li>Tipus de viol\u00e8ncia i nivell al que es donen<\/li>\n<li>Efectes que pot provocar la viol\u00e8ncia ens els diferents agents que hi intervenen<\/li>\n<li>Alternatives per a la resoluci\u00f3 de conflictes i davant les situacions de viol\u00e8ncia<\/li>\n<\/ul>\n","protected":false},"excerpt":{"rendered":"<p><a href=\"https:\/\/agora.xtec.cat\/iesperealsius\/wp-content\/uploads\/usu45\/2019\/02\/taller-2n-ESO.jpg\"><\/a>Els alumnes de 2n d&#8217;ESO participen en el taller &#8216;Un dia m\u00e9s a l&#8217; infern&#8217; per prevenir l&#8217;assetjament escolar.<br \/>\n\u201cUn dia m\u00e9s al infern\u201d, ens descriu com \u00e9s un dia en la vida d\u2019una persona que est\u00e0 patint assetjament dins l\u2019\u00e0mbit escolar. Ens ofereix la&hellip;  <a href=\"https:\/\/agora.xtec.cat\/iesperealsius\/general\/prevenint-lassetjament-escolar-taller-a-2n-eso\/\" title=\"Read Prevenint l&#8217;assetjament escolar. Taller a 2n ESO\">Llegeix m\u00e9s\u00bb<\/a><\/p>\n","protected":false},"author":1,"featured_media":2318,"comment_status":"open","ping_status":"closed","sticky":false,"template":"","format":"standard","meta":{"_bbp_topic_count":0,"_bbp_reply_count":0,"_bbp_total_topic_count":0,"_bbp_total_reply_count":0,"_bbp_voice_count":0,"_bbp_anonymous_reply_count":0,"_bbp_topic_count_hidden":0,"_bbp_reply_count_hidden":0,"_bbp_forum_subforum_count":0,"footnotes":""},"categories":[99,1,29],"tags":[],"class_list":["post-2316","post","type-post","status-publish","format-standard","has-post-thumbnail","hentry","category-eso2","category-general","category-portada"],"post_mailing_queue_ids":[],"_links":{"self":[{"href":"https:\/\/agora.xtec.cat\/iesperealsius\/wp-json\/wp\/v2\/posts\/2316","targetHints":{"allow":["GET"]}}],"collection":[{"href":"https:\/\/agora.xtec.cat\/iesperealsius\/wp-json\/wp\/v2\/posts"}],"about":[{"href":"https:\/\/agora.xtec.cat\/iesperealsius\/wp-json\/wp\/v2\/types\/post"}],"author":[{"embeddable":true,"href":"https:\/\/agora.xtec.cat\/iesperealsius\/wp-json\/wp\/v2\/users\/1"}],"replies":[{"embeddable":true,"href":"https:\/\/agora.xtec.cat\/iesperealsius\/wp-json\/wp\/v2\/comments?post=2316"}],"version-history":[{"count":2,"href":"https:\/\/agora.xtec.cat\/iesperealsius\/wp-json\/wp\/v2\/posts\/2316\/revisions"}],"predecessor-version":[{"id":2319,"href":"https:\/\/agora.xtec.cat\/iesperealsius\/wp-json\/wp\/v2\/posts\/2316\/revisions\/2319"}],"wp:featuredmedia":[{"embeddable":true,"href":"https:\/\/agora.xtec.cat\/iesperealsius\/wp-json\/wp\/v2\/media\/2318"}],"wp:attachment":[{"href":"https:\/\/agora.xtec.cat\/iesperealsius\/wp-json\/wp\/v2\/media?parent=2316"}],"wp:term":[{"taxonomy":"category","embeddable":true,"href":"https:\/\/agora.xtec.cat\/iesperealsius\/wp-json\/wp\/v2\/categories?post=2316"},{"taxonomy":"post_tag","embeddable":true,"href":"https:\/\/agora.xtec.cat\/iesperealsius\/wp-json\/wp\/v2\/tags?post=2316"}],"curies":[{"name":"wp","href":"https:\/\/api.w.org\/{rel}","templated":true}]}}