{"id":14310,"date":"2024-04-10T10:59:13","date_gmt":"2024-04-10T08:59:13","guid":{"rendered":"https:\/\/agora.xtec.cat\/iespauvila\/?p=14310"},"modified":"2024-04-22T13:30:38","modified_gmt":"2024-04-22T11:30:38","slug":"exposicio-refugi-antiaeri","status":"publish","type":"post","link":"https:\/\/agora.xtec.cat\/iespauvila\/portada\/exposicio-refugi-antiaeri\/","title":{"rendered":"Exposici\u00f3 Refugi Antia\u00e8ri"},"content":{"rendered":"<p>Benvolgudes i benvolguts companys, des del grup Impulsor per a la recuperaci\u00f3 del refugi i de Camins de la Mem\u00f2ria ens complau convidar-vos tant a la inauguraci\u00f3 com als diferents actes que es duran a terme durant l&#8217;exposici\u00f3 (3-23 abril).<\/p>\n<div><\/div>\n<div>\n<p>Casal Pere Quart, de Sabadell, a les 18:30. I del 3 al 23 d&#8217;abril. Rambla 69.<\/p>\n<p>Si voleu aportar per a la prospecci\u00f3 arqueol\u00f2gica podeu donar a la <a href=\"https:\/\/www.goteo.org\/project\/recuperem-el-refugi-antiaeri-del-pau-vila\">seg\u00fcent p\u00e0gina.<\/a><\/p>\n<\/div>\n<div><img loading=\"lazy\" decoding=\"async\" class=\"aligncenter size-full wp-image-14311\" src=\"https:\/\/agora.xtec.cat\/iespauvila\/wp-content\/uploads\/usu486\/2024\/04\/INVITACIO-INAUGURACIO-PROF-1.png\" alt=\"\" width=\"1080\" height=\"1080\" srcset=\"https:\/\/agora.xtec.cat\/iespauvila\/wp-content\/uploads\/usu486\/2024\/04\/INVITACIO-INAUGURACIO-PROF-1.png 1080w, https:\/\/agora.xtec.cat\/iespauvila\/wp-content\/uploads\/usu486\/2024\/04\/INVITACIO-INAUGURACIO-PROF-1-300x300.png 300w, https:\/\/agora.xtec.cat\/iespauvila\/wp-content\/uploads\/usu486\/2024\/04\/INVITACIO-INAUGURACIO-PROF-1-1024x1024.png 1024w, https:\/\/agora.xtec.cat\/iespauvila\/wp-content\/uploads\/usu486\/2024\/04\/INVITACIO-INAUGURACIO-PROF-1-150x150.png 150w, https:\/\/agora.xtec.cat\/iespauvila\/wp-content\/uploads\/usu486\/2024\/04\/INVITACIO-INAUGURACIO-PROF-1-768x768.png 768w\" sizes=\"auto, (max-width: 1080px) 100vw, 1080px\" \/><\/div>\n","protected":false},"excerpt":{"rendered":"<p>des del grup Impulsor per a la recuperaci\u00f3 del refugi i de Camins de la Mem\u00f2ria ens complau convidar-vos tant a la inauguraci\u00f3 com als diferents actes que es duran a terme durant l&#8217;exposici\u00f3<\/p>\n","protected":false},"author":1,"featured_media":14312,"comment_status":"closed","ping_status":"closed","sticky":false,"template":"","format":"standard","meta":{"_bbp_topic_count":0,"_bbp_reply_count":0,"_bbp_total_topic_count":0,"_bbp_total_reply_count":0,"_bbp_voice_count":0,"_bbp_anonymous_reply_count":0,"_bbp_topic_count_hidden":0,"_bbp_reply_count_hidden":0,"_bbp_forum_subforum_count":0,"site-sidebar-layout":"default","site-content-layout":"","ast-site-content-layout":"","site-content-style":"default","site-sidebar-style":"default","ast-global-header-display":"","ast-banner-title-visibility":"","ast-main-header-display":"","ast-hfb-above-header-display":"","ast-hfb-below-header-display":"","ast-hfb-mobile-header-display":"","site-post-title":"","ast-breadcrumbs-content":"","ast-featured-img":"","footer-sml-layout":"","theme-transparent-header-meta":"","adv-header-id-meta":"","stick-header-meta":"","header-above-stick-meta":"","header-main-stick-meta":"","header-below-stick-meta":"","astra-migrate-meta-layouts":"default","ast-page-background-enabled":"default","ast-page-background-meta":{"desktop":{"background-color":"var(--ast-global-color-4)","background-image":"","background-repeat":"repeat","background-position":"center center","background-size":"auto","background-attachment":"scroll","background-type":"","background-media":"","overlay-type":"","overlay-color":"","overlay-opacity":"","overlay-gradient":""},"tablet":{"background-color":"","background-image":"","background-repeat":"repeat","background-position":"center center","background-size":"auto","background-attachment":"scroll","background-type":"","background-media":"","overlay-type":"","overlay-color":"","overlay-opacity":"","overlay-gradient":""},"mobile":{"background-color":"","background-image":"","background-repeat":"repeat","background-position":"center center","background-size":"auto","background-attachment":"scroll","background-type":"","background-media":"","overlay-type":"","overlay-color":"","overlay-opacity":"","overlay-gradient":""}},"ast-content-background-meta":{"desktop":{"background-color":"var(--ast-global-color-5)","background-image":"","background-repeat":"repeat","background-position":"center center","background-size":"auto","background-attachment":"scroll","background-type":"","background-media":"","overlay-type":"","overlay-color":"","overlay-opacity":"","overlay-gradient":""},"tablet":{"background-color":"var(--ast-global-color-5)","background-image":"","background-repeat":"repeat","background-position":"center center","background-size":"auto","background-attachment":"scroll","background-type":"","background-media":"","overlay-type":"","overlay-color":"","overlay-opacity":"","overlay-gradient":""},"mobile":{"background-color":"var(--ast-global-color-5)","background-image":"","background-repeat":"repeat","background-position":"center center","background-size":"auto","background-attachment":"scroll","background-type":"","background-media":"","overlay-type":"","overlay-color":"","overlay-opacity":"","overlay-gradient":""}},"footnotes":""},"categories":[384,29],"tags":[],"class_list":["post-14310","post","type-post","status-publish","format-standard","has-post-thumbnail","hentry","category-general","category-portada"],"post_mailing_queue_ids":[],"_links":{"self":[{"href":"https:\/\/agora.xtec.cat\/iespauvila\/wp-json\/wp\/v2\/posts\/14310","targetHints":{"allow":["GET"]}}],"collection":[{"href":"https:\/\/agora.xtec.cat\/iespauvila\/wp-json\/wp\/v2\/posts"}],"about":[{"href":"https:\/\/agora.xtec.cat\/iespauvila\/wp-json\/wp\/v2\/types\/post"}],"author":[{"embeddable":true,"href":"https:\/\/agora.xtec.cat\/iespauvila\/wp-json\/wp\/v2\/users\/1"}],"replies":[{"embeddable":true,"href":"https:\/\/agora.xtec.cat\/iespauvila\/wp-json\/wp\/v2\/comments?post=14310"}],"version-history":[{"count":4,"href":"https:\/\/agora.xtec.cat\/iespauvila\/wp-json\/wp\/v2\/posts\/14310\/revisions"}],"predecessor-version":[{"id":14329,"href":"https:\/\/agora.xtec.cat\/iespauvila\/wp-json\/wp\/v2\/posts\/14310\/revisions\/14329"}],"wp:featuredmedia":[{"embeddable":true,"href":"https:\/\/agora.xtec.cat\/iespauvila\/wp-json\/wp\/v2\/media\/14312"}],"wp:attachment":[{"href":"https:\/\/agora.xtec.cat\/iespauvila\/wp-json\/wp\/v2\/media?parent=14310"}],"wp:term":[{"taxonomy":"category","embeddable":true,"href":"https:\/\/agora.xtec.cat\/iespauvila\/wp-json\/wp\/v2\/categories?post=14310"},{"taxonomy":"post_tag","embeddable":true,"href":"https:\/\/agora.xtec.cat\/iespauvila\/wp-json\/wp\/v2\/tags?post=14310"}],"curies":[{"name":"wp","href":"https:\/\/api.w.org\/{rel}","templated":true}]}}