{"id":13966,"date":"2023-07-04T08:51:07","date_gmt":"2023-07-04T06:51:07","guid":{"rendered":"https:\/\/agora.xtec.cat\/iespauvila\/?p=13966"},"modified":"2023-07-04T08:52:33","modified_gmt":"2023-07-04T06:52:33","slug":"nou-exemplar-revista-pv-2","status":"publish","type":"post","link":"https:\/\/agora.xtec.cat\/iespauvila\/eso\/nou-exemplar-revista-pv-2\/","title":{"rendered":"Nou exemplar revista PV"},"content":{"rendered":"<p>Els alumnes del Pau Vila van rebre amb el butllet\u00ed de notes la <a href=\"https:\/\/agora.xtec.cat\/iespauvila\/projecte-educatiu\/pv-la-revista-de-linstitut\/\">revista anual PV<\/a>, com ja \u00e9s tradici\u00f3 des de fa nou cursos. Aquesta publicaci\u00f3 en paper s&#8217;elabora amb una redacci\u00f3 d&#8217;alumnes que la desenvolupa a l&#8217;assignatura de Cultura i Valors a quart d&#8217;ESO.<\/p>\n<p>El contingut de <a href=\"https:\/\/drive.google.com\/file\/d\/1eG_S5HS33wmm7me8zKnlYM1TyUkteDiX\/view?usp=sharing\" target=\"_blank\" rel=\"noopener\">PV9<\/a> continua en la l\u00ednia de crear un magazine-anuari. que reculli q\u00fcestions de rellev\u00e0ncia per a la nostra comunitat educativa. Per exemple, la difusi\u00f3 del refugi, entrevistes a professorat del centre que es jubila (Jordi Ca\u00f1adell, Mar\u00eda Luisa) i reportatges de q\u00fcestions diverses com el Pau Vila Verd o la biblioteca.<\/p>\n<p><a href=\"https:\/\/drive.google.com\/file\/d\/1eG_S5HS33wmm7me8zKnlYM1TyUkteDiX\/view?usp=sharing\" target=\"_blank\" rel=\"noopener\">PV9<\/a> vol ser un material period\u00edstic amateur elaborat sota el criteri de l&#8217;elaboraci\u00f3, allunyat de certa superficialitat que pot haver-hi en la informaci\u00f3 que es pot trobar a les xarxes socials. Esperem que tingui el vostre inter\u00e8s&#8230;!<\/p>\n<p><a href=\"https:\/\/drive.google.com\/file\/d\/1eG_S5HS33wmm7me8zKnlYM1TyUkteDiX\/view?usp=drive_link\" target=\"_blank\" rel=\"noopener\"><img loading=\"lazy\" decoding=\"async\" class=\"aligncenter wp-image-13967 size-medium\" src=\"https:\/\/agora.xtec.cat\/iespauvila\/wp-content\/uploads\/usu486\/2023\/07\/1.1.-Portada-PV9_page-0001-212x300.jpg\" alt=\"\" width=\"212\" height=\"300\" srcset=\"https:\/\/agora.xtec.cat\/iespauvila\/wp-content\/uploads\/usu486\/2023\/07\/1.1.-Portada-PV9_page-0001-212x300.jpg 212w, https:\/\/agora.xtec.cat\/iespauvila\/wp-content\/uploads\/usu486\/2023\/07\/1.1.-Portada-PV9_page-0001.jpg 724w\" sizes=\"auto, (max-width: 212px) 100vw, 212px\" \/><\/a><\/p>\n","protected":false},"excerpt":{"rendered":"<p>Els alumnes del Pau Vila van rebre amb el butllet\u00ed de notes la revista anual PV, com ja \u00e9s tradici\u00f3 des de fa nou cursos. Aquesta publicaci\u00f3 en paper s&#8217;elabora amb una redacci\u00f3 d&#8217;alumnes que la desenvolupa a l&#8217;assignatura de Cultura i Valors a quart d&#8217;ESO. El contingut de PV9 continua en la l\u00ednia de [&hellip;]<\/p>\n","protected":false},"author":1,"featured_media":13969,"comment_status":"closed","ping_status":"closed","sticky":false,"template":"","format":"standard","meta":{"_bbp_topic_count":0,"_bbp_reply_count":0,"_bbp_total_topic_count":0,"_bbp_total_reply_count":0,"_bbp_voice_count":0,"_bbp_anonymous_reply_count":0,"_bbp_topic_count_hidden":0,"_bbp_reply_count_hidden":0,"_bbp_forum_subforum_count":0,"site-sidebar-layout":"default","site-content-layout":"","ast-site-content-layout":"","site-content-style":"default","site-sidebar-style":"default","ast-global-header-display":"","ast-banner-title-visibility":"","ast-main-header-display":"","ast-hfb-above-header-display":"","ast-hfb-below-header-display":"","ast-hfb-mobile-header-display":"","site-post-title":"","ast-breadcrumbs-content":"","ast-featured-img":"","footer-sml-layout":"","theme-transparent-header-meta":"","adv-header-id-meta":"","stick-header-meta":"","header-above-stick-meta":"","header-main-stick-meta":"","header-below-stick-meta":"","astra-migrate-meta-layouts":"default","ast-page-background-enabled":"default","ast-page-background-meta":{"desktop":{"background-color":"var(--ast-global-color-4)","background-image":"","background-repeat":"repeat","background-position":"center center","background-size":"auto","background-attachment":"scroll","background-type":"","background-media":"","overlay-type":"","overlay-color":"","overlay-opacity":"","overlay-gradient":""},"tablet":{"background-color":"","background-image":"","background-repeat":"repeat","background-position":"center center","background-size":"auto","background-attachment":"scroll","background-type":"","background-media":"","overlay-type":"","overlay-color":"","overlay-opacity":"","overlay-gradient":""},"mobile":{"background-color":"","background-image":"","background-repeat":"repeat","background-position":"center center","background-size":"auto","background-attachment":"scroll","background-type":"","background-media":"","overlay-type":"","overlay-color":"","overlay-opacity":"","overlay-gradient":""}},"ast-content-background-meta":{"desktop":{"background-color":"var(--ast-global-color-5)","background-image":"","background-repeat":"repeat","background-position":"center center","background-size":"auto","background-attachment":"scroll","background-type":"","background-media":"","overlay-type":"","overlay-color":"","overlay-opacity":"","overlay-gradient":""},"tablet":{"background-color":"var(--ast-global-color-5)","background-image":"","background-repeat":"repeat","background-position":"center center","background-size":"auto","background-attachment":"scroll","background-type":"","background-media":"","overlay-type":"","overlay-color":"","overlay-opacity":"","overlay-gradient":""},"mobile":{"background-color":"var(--ast-global-color-5)","background-image":"","background-repeat":"repeat","background-position":"center center","background-size":"auto","background-attachment":"scroll","background-type":"","background-media":"","overlay-type":"","overlay-color":"","overlay-opacity":"","overlay-gradient":""}},"footnotes":""},"categories":[8,3,384,29],"tags":[204,185],"class_list":["post-13966","post","type-post","status-publish","format-standard","has-post-thumbnail","hentry","category-batxillerat","category-eso","category-general","category-portada","tag-cultura-i-valors","tag-revista"],"post_mailing_queue_ids":[],"_links":{"self":[{"href":"https:\/\/agora.xtec.cat\/iespauvila\/wp-json\/wp\/v2\/posts\/13966","targetHints":{"allow":["GET"]}}],"collection":[{"href":"https:\/\/agora.xtec.cat\/iespauvila\/wp-json\/wp\/v2\/posts"}],"about":[{"href":"https:\/\/agora.xtec.cat\/iespauvila\/wp-json\/wp\/v2\/types\/post"}],"author":[{"embeddable":true,"href":"https:\/\/agora.xtec.cat\/iespauvila\/wp-json\/wp\/v2\/users\/1"}],"replies":[{"embeddable":true,"href":"https:\/\/agora.xtec.cat\/iespauvila\/wp-json\/wp\/v2\/comments?post=13966"}],"version-history":[{"count":2,"href":"https:\/\/agora.xtec.cat\/iespauvila\/wp-json\/wp\/v2\/posts\/13966\/revisions"}],"predecessor-version":[{"id":13971,"href":"https:\/\/agora.xtec.cat\/iespauvila\/wp-json\/wp\/v2\/posts\/13966\/revisions\/13971"}],"wp:featuredmedia":[{"embeddable":true,"href":"https:\/\/agora.xtec.cat\/iespauvila\/wp-json\/wp\/v2\/media\/13969"}],"wp:attachment":[{"href":"https:\/\/agora.xtec.cat\/iespauvila\/wp-json\/wp\/v2\/media?parent=13966"}],"wp:term":[{"taxonomy":"category","embeddable":true,"href":"https:\/\/agora.xtec.cat\/iespauvila\/wp-json\/wp\/v2\/categories?post=13966"},{"taxonomy":"post_tag","embeddable":true,"href":"https:\/\/agora.xtec.cat\/iespauvila\/wp-json\/wp\/v2\/tags?post=13966"}],"curies":[{"name":"wp","href":"https:\/\/api.w.org\/{rel}","templated":true}]}}